{"id":71174,"date":"2023-05-22T15:31:12","date_gmt":"2023-05-22T12:31:12","guid":{"rendered":"https:\/\/infois.ro\/?p=71174"},"modified":"2023-05-23T06:37:42","modified_gmt":"2023-05-23T03:37:42","slug":"weekendul-concertelor-in-parcul-palas-vama-a-setat-ritmul-ia-iasi-in-cadrul-romanian-creative-week-surprizele-continua-si-in-aceasta-saptamana","status":"publish","type":"post","link":"http:\/\/infois.ro\/?p=71174","title":{"rendered":"Weekendul concertelor \u00een parcul Palas: Vama a setat ritmul Ia Ia\u0219i, \u00een cadrul Romanian Creative Week. Surprizele continu\u0103 \u0219i \u00een aceast\u0103 s\u0103pt\u0103m\u00e2n\u0103"},"content":{"rendered":"<p><img loading=\"lazy\" decoding=\"async\" class=\"size-medium wp-image-71175 alignleft\" src=\"http:\/\/infois.ro\/wp-content\/uploads\/2023\/05\/Concert-Vama_RCW-2023-390x293.jpg\" alt=\"\" width=\"390\" height=\"293\" srcset=\"http:\/\/infois.ro\/wp-content\/uploads\/2023\/05\/Concert-Vama_RCW-2023-390x293.jpg 390w, http:\/\/infois.ro\/wp-content\/uploads\/2023\/05\/Concert-Vama_RCW-2023.jpg 640w\" sizes=\"(max-width: 390px) 100vw, 390px\" \/><\/p>\n<p class=\"yiv6934885276MsoNormal\" style=\"text-align: justify;\"><b><i>Concertele desf\u0103\u0219urate \u00een parcul Palas au dat ritm \u0219i voce Ia\u0219ului \u00een primele zile ale Romanian Creative Week (RCW). Vama, Winael Baldus, Iulian Nunuc\u0103, Lia \u0219i Paulina, precum \u0219i t\u00e2n\u0103ra genera\u021bie de trapperi au adus publicul \u00een Amfiteatrul \u0219i parcul Palas \u00een fiecare sear\u0103 din weekend, pentru a se bucura de c\u00e2teva ore de relaxare \u0219i muzic\u0103 bun\u0103. Surprizele continu\u0103 toat\u0103 s\u0103pt\u0103m\u00e2na, iar weekendul 26 &#8211; 28 mai aduce Romanian Fashion Week \u00een parcul Palas, cu cea mai bun\u0103 selec\u021bie de designeri consacra\u021bi, dar \u0219i emergen\u021bi \u00een 3 zile de show-uri pe cel mai spectaculos catwalk construit p\u00e2n\u0103 acum \u00een \u021bar\u0103.<\/i><\/b><\/p>\n<p class=\"yiv6934885276MsoNormal\" style=\"text-align: justify;\">\n<p class=\"yiv6934885276MsoNormal\" style=\"text-align: justify;\">Concertele din sec\u021biunea New Music Oasis a RCW au \u00eenceput de vineri,\u00a0<b>19 mai<\/b>, \u0219i s-au deschis cu noua genera\u021bie de trapperi:\u00a0<b>BLANCO, COMANN\u00a0<\/b>\u0219i\u00a0<b>GSA<\/b>, t\u00e2n\u0103r talent de pe scena urban\u0103 rom\u00e2neasc\u0103, precum \u0219i\u00a0<b>MAIDAN<\/b>, primul producer de trap din Rom\u00e2nia, prezent \u00een hip-hop-ul rom\u00e2nesc de peste 20 de ani. Show-ul\u00a0<b>Urban Take Over<\/b>\u00a0a avut loc \u00een\u00a0<b>Amfiteatrul &amp; parcul Palas<\/b>.<\/p>\n<p class=\"yiv6934885276MsoNormal\" style=\"text-align: justify;\"><img loading=\"lazy\" decoding=\"async\" class=\"size-medium wp-image-71176 alignright\" src=\"http:\/\/infois.ro\/wp-content\/uploads\/2023\/05\/Tudor-Chirila_concert-RCW_20-mai-260x390.jpg\" alt=\"\" width=\"260\" height=\"390\" srcset=\"http:\/\/infois.ro\/wp-content\/uploads\/2023\/05\/Tudor-Chirila_concert-RCW_20-mai-260x390.jpg 260w, http:\/\/infois.ro\/wp-content\/uploads\/2023\/05\/Tudor-Chirila_concert-RCW_20-mai.jpg 640w\" sizes=\"(max-width: 260px) 100vw, 260px\" \/><\/p>\n<p class=\"yiv6934885276MsoNormal\" style=\"text-align: justify;\">S\u00e2mb\u0103t\u0103 a fost o sear\u0103 cu adev\u0103rat special\u0103, concertul\u00a0<b>Vama<\/b>\u00a0fiind a\u0219teptat cu ner\u0103bdare de public \u00eenc\u0103 de la anun\u021barea programului oficial al Romanian Creative Week. \u00cen deschiderea concertului au c\u00e2ntat\u00a0<b>Winael Baldus<\/b>\u00a0\u0219i\u00a0<b>Iulian Nunuca<\/b>, iubi\u021bi de public de pe scena Vocea Rom\u00e2niei.<\/p>\n<p class=\"yiv6934885276MsoNormal\" style=\"text-align: justify;\">\n<p class=\"yiv6934885276MsoNormal\" style=\"text-align: justify;\">La finalul concertului, membrii trupei Vama s-au declarat impresiona\u021bi at\u00e2t de interac\u021biunea direct\u0103 cu publicul, c\u00e2t \u0219i de ritmicitatea acestuia.<\/p>\n<p class=\"yiv6934885276MsoNormal\" style=\"text-align: justify;\">\n<p class=\"yiv6934885276MsoNormal\" style=\"text-align: justify;\"><b>\u201e<i>Nu \u0219tiu dac\u0103 colegii mei au sesizat, dar la piesa \u00abC\u00e2nt\u0103 cu mine\u00bb, c\u00e2nd nu mai era m\u0103surat\u0103 de nicio tob\u0103, publicul a r\u0103mas \u0219i a b\u0103tut din palme ritmic foarte bine p\u00e2n\u0103 la ie\u0219ire \u0219i nu s-au decalat. Am mai tr\u0103it chestia asta la Ia\u0219i. La Ia\u0219i avem cel mai ritmic public&#8230; Ne-a pl\u0103cut energia publicului \u0219i ne-am sim\u021bit un pic actori, pentru c\u0103 scena asta e ca un ecran a\u0219a. Noi suntem dependen\u021bi de legea ac\u021biunii \u0219i reac\u021biunii, ceea ce primim \u0219i ceea ce d\u0103m trebuie s\u0103 ne energizeze \u0219i pe noi, iar asta ni s-a \u00eent\u00e2mplat la Ia\u0219i. \u0102sta e \u0219i motivul pentru care am dat trei bis-uri<\/i>\u201c,\u00a0<\/b>a spus\u00a0<b>Tudor Chiril<\/b><b><span lang=\"RO\">\u0103<\/span><\/b>\u00a0la finalul concertului.<\/p>\n<p class=\"yiv6934885276MsoNormal\" style=\"text-align: justify;\"><img loading=\"lazy\" decoding=\"async\" class=\"size-medium wp-image-71177 alignleft\" src=\"http:\/\/infois.ro\/wp-content\/uploads\/2023\/05\/Lia_concert-la-RCW-312x390.jpg\" alt=\"\" width=\"312\" height=\"390\" srcset=\"http:\/\/infois.ro\/wp-content\/uploads\/2023\/05\/Lia_concert-la-RCW-312x390.jpg 312w, http:\/\/infois.ro\/wp-content\/uploads\/2023\/05\/Lia_concert-la-RCW.jpg 640w\" sizes=\"(max-width: 312px) 100vw, 312px\" \/><\/p>\n<p class=\"yiv6934885276MsoNormal\" style=\"text-align: justify;\">Distrac\u021bia a continuat la\u00a0<b>NeMO, duminic\u0103, 21 mai<\/b>, cu\u00a0<b>Dj CS84<\/b>\u00a0\u0219i solistele\u00a0<b>Lia \u0219i Paulina<\/b>, cunoscut\u0103 ca \u201efeti\u021ba de milioane a Rom\u00e2niei\u201d. \u201eMare Bairam\u201d s-a petrecut tot \u00een\u00a0<b>parcul Palas<\/b>\u00a0\u0219i au dat ie\u0219enilor motive s\u0103 danseze \u0219i s\u0103 fredoneze hit-uri celebre cu prec\u0103dere \u00een lumea re\u021belelor de socializare.<\/p>\n<p class=\"yiv6934885276MsoNormal\" style=\"text-align: justify;\"><b>\u00a0<\/b><\/p>\n<p class=\"yiv6934885276MsoNormal\" style=\"text-align: justify;\"><b>CELE MAI IMPORTANTE EVENIMENTE ALE RCW DIN S\u0102PT\u0102M\u00c2NA 22 \u2013 28 MAI<\/b><\/p>\n<p class=\"yiv6934885276MsoNormal\" style=\"text-align: justify;\"><b>\u00a0<\/b><\/p>\n<p class=\"yiv6934885276MsoNormal\" style=\"text-align: justify;\"><b><span lang=\"PT-BR\">Ia\u0219ul \u00ee\u0219i deschide cur\u021bile<\/span><\/b><span lang=\"PT-BR\">\u00a0este modul \u00een care\u00a0<b>Romanian Creative Week<\/b>\u00a0aloc\u0103 arhitecturii o pozi\u021bie special\u0103, oferind premii celor mai buni arhitec\u021bi care \u00ee\u0219i pun talentul \u00een slujba remodel\u0103rii a \u0219ase cl\u0103diri \u0219i monumente istorice din Ia\u0219i. Sunt puse \u00een joc premii \u00een valoare de 45.000 lei pentru studen\u021bii \u0219i absolven\u021bii din domeniul arhitecturii, artei \u0219i designului. Pe\u00a0<b>22, 23\u00a0<\/b>\u0219i\u00a0<b>26 mai<\/b>\u00a0au loc vernisajele instala\u021biilor arhitecturale montate \u00een cl\u0103diri \u0219i monumente istorice importante din Ia\u0219i, astfel:<\/span><\/p>\n<p class=\"yiv6934885276MsoNormal\" style=\"text-align: justify;\"><b><span lang=\"RO\">PROGRAM 22 MAI<\/span><\/b><\/p>\n<p class=\"yiv6934885276MsoNormal\" style=\"text-align: justify;\"><span lang=\"RO\">15:00 Vernisaj instala\u021bie arhitectural\u0103 Palatul Braunstein Ia\u0219i<\/span><\/p>\n<p class=\"yiv6934885276MsoNormal\" style=\"text-align: justify;\"><b><span lang=\"RO\">PROGRAM 23 MAI<\/span><\/b><\/p>\n<p class=\"yiv6934885276MsoNormal\" style=\"text-align: justify;\"><span lang=\"RO\">11:00 Vernisaj instala\u021bie arhitectural\u0103\u00a0 Palatul Calimachi, Universitatea de Medicin\u0103 \u0219i Farmacie\u00a0<i>\u201eGrigore. T. Popa\u201d<\/i>\u00a0 Ia\u0219i<\/span><\/p>\n<p class=\"yiv6934885276MsoNormal\" style=\"text-align: justify;\"><span lang=\"RO\">13:00 Vernisaj instala\u021bie arhitectural\u0103 Facultate de Psihologie \u0219i \u0218tiin\u021be ale Educa\u021biei Ia\u0219i Universitatea \u201eA. I. Cuza\u201d Ia\u0219i,<\/span><\/p>\n<p class=\"yiv6934885276MsoNormal\" style=\"text-align: justify;\"><span lang=\"RO\">15:00 Vernisaj instala\u021bie arhitectural\u0103 Palatul Universitar din Copou &#8211; Facultatea de Electronic\u0103, Telecomunica\u021bii \u0219i Tehnologia Informa\u021biei Ia\u0219i<\/span><\/p>\n<p class=\"yiv6934885276MsoNormal\" style=\"text-align: justify;\"><b><span lang=\"RO\">PROGRAM 26 MAI<\/span><\/b><\/p>\n<p class=\"yiv6934885276MsoNormal\" style=\"text-align: justify;\"><span lang=\"RO\">16:00 \u2013 19:00 &#8211; Tur ghidat str\u0103zile \u0219i cur\u021bile Ia\u0219ului istoric<\/span><\/p>\n<p class=\"yiv6934885276MsoNormal\" style=\"text-align: justify;\"><span lang=\"RO\">\u00a0<\/span><\/p>\n<p class=\"yiv6934885276MsoNormal\" style=\"text-align: justify;\"><b>HazarDance<\/b>\u00a0aduce la\u00a0<b>Romanian Creative Week<\/b>\u00a0competi\u021bia dedicat\u0103 tinerilor dansatori: Street Dance Battle. Evenimentul\u00a0va debuta spectaculos,<b>\u00a0\u00een 22 mai, cu<\/b>\u00a0<b>show-ul de flamenco \u0219i dans contemporan<\/b>\u00a0<b>\u201e<\/b><b>El Salto\u201d<\/b>, \u00een coregrafia lui Jes\u00fas Carmona. Spectacolul cunoscu\u021bilor arti\u0219ti spanioli va putea fi v\u0103zut, \u00eencep\u00e2nd cu\u00a0<b>ora 20.00, la Sala Mare a Teatrului Na\u021bional \u201eVasile Alecsandri\u201d Ia\u0219i<\/b>. Ziua de\u00a0<b>23 mai<\/b>\u00a0va fi marcat\u0103 de trei spectacole de dans, desf\u0103\u0219urate \u00een diferite loca\u021bii din Ia\u0219i. De la\u00a0<b>ora 16.00, \u00een Gr\u0103dina Botanic\u0103<\/b>, publicul va putea admira\u00a0<b>\u201eAlt\u0103 or\u0103 de dans\u201d<\/b>, descris de organizatori drept o combina\u021bie de\u00a0stand-up comedy, dialog, real time composition, interactivitate, dans contemporan, hip-hop, improviza\u021bie \u0219i teatru. Coregrafia este realizat\u0103 de R\u0103zvan Rotaru \u0219i de Filip Stoica, fondatorii companiei Scuze Noi.<\/p>\n<p class=\"yiv6934885276MsoNormal\" style=\"text-align: justify;\"><img loading=\"lazy\" decoding=\"async\" class=\"size-medium wp-image-71178 alignright\" src=\"http:\/\/infois.ro\/wp-content\/uploads\/2023\/05\/Paulina_concert-la-RCW-2023-390x260.jpg\" alt=\"\" width=\"390\" height=\"260\" srcset=\"http:\/\/infois.ro\/wp-content\/uploads\/2023\/05\/Paulina_concert-la-RCW-2023-390x260.jpg 390w, http:\/\/infois.ro\/wp-content\/uploads\/2023\/05\/Paulina_concert-la-RCW-2023.jpg 640w\" sizes=\"(max-width: 390px) 100vw, 390px\" \/><\/p>\n<p class=\"yiv6934885276MsoNormal\" style=\"text-align: justify;\"><b>Tot \u00een<\/b>\u00a0<b>23 mai, de la ora 18.00, Sala Uzina a Teatrului Na\u021bional Ia\u0219i<\/b>\u00a0va g\u0103zdui spectacolul\u00a0<b>\u201eDespre tine (o versiune)\u201d<\/b>, prezentat de Centrul Na\u021bional al Dansului. Coregrafia este semnat\u0103 de Vava \u0218tef\u0103nescu. Ziua de\u00a0<b>23 mai\u00a0<\/b>se va \u00eencheia, la\u00a0<b>Teatrul Luceaf\u0103rul<\/b>, cu spectacolul de dans contemporan\u00a0<b>\u201e<\/b><b>Humans | Bodies | Images\u201d<\/b>, prezentat de Linotip-Centru Independent Coregrafic. Ioana Marchidan semneaz\u0103 coregrafia.\u00a0<b>Ziua Shakespeare, 24 mai,\u00a0<\/b>va fi marcat\u0103 la HazarDance prin spectacolul de teatru-dans\u00a0<b>\u201eHamlet\u201d,<\/b>\u00a0\u00een coregrafia lui Gabriel Scalschi, eveniment care va avea loc, de la\u00a0<b>ora 17.30, \u00een Sala Uzina a Teatrului Na\u021bional Ia\u0219i.\u00a0<\/b>Iar de la<b>\u00a0ora 20.00, la Teatrul Luceaf\u0103rul<\/b>, publicul este invitat la\u00a0<b><a href=\"mailto:romeo@julia.com\" target=\"_blank\" rel=\"nofollow noopener noreferrer\">romeo@julia.com<\/a><\/b>, prezentat de M Studio. Coregrafia \u00eei apar\u021bine lui Fren_Ak.<\/p>\n<p class=\"yiv6934885276MsoNormal\" style=\"text-align: justify;\"><b>HazarDance<\/b>\u00a0va continua \u00een for\u021b\u0103, \u00een\u00a0<b>25 mai<\/b>, cu competi\u021bia\u00a0<b>Battle Street Dance<\/b>, \u00een care concuren\u021bii se vor putea \u00eentrece, individual \u0219i pe echipe, \u00een dans \u0219i creativitate. Ultima zi a festivalului va oferi publicului \u0219i dou\u0103 spectacole superbe.\u00a0<b>\u201eCataclisma\u201d<\/b>, spectacol de dans contemporan produs de Unteatru, va avea loc la\u00a0<b>Sala Studio a Teatrului Na\u021bional Ia\u0219i, de la ora 18.00<\/b>, coregrafia fiind realizat\u0103 de Andrea Gavriliu.<\/p>\n<p class=\"yiv6934885276MsoNormal\" style=\"text-align: justify;\"><b>\u00a0<\/b><\/p>\n<p class=\"yiv6934885276MsoNormal\" style=\"text-align: justify;\"><b>Innovation&amp;Digital (23 mai 2023, la Palatul Culturii, \u00een Sala Procopiu)\u00a0<\/b>are loc workshop-ul<b>\u00a0Believe\u00a0<\/b>din cadrul sec\u021biunii<b>\u00a0Innovation&amp;Digital al RCW.\u00a0<\/b>Believe va acoperi c\u00e2teva subiecte interesante cu privire la cea mai nou\u0103 tendin\u021b\u0103 care a zguduit industria muzical\u0103 \u2013 piese generate de AI \u2013 \u0219i va discuta despre serviciile YouTube \u00een continu\u0103 schimbare, pozi\u021bia lor actual\u0103 pe pia\u021ba rom\u00e2neasc\u0103 \u0219i cea mai bun\u0103 strategie de lansare prin care poti fi v\u0103zut \u0219i ascultat ca artist emergent cu ajutorul instrumentelor inteligente ale lui Believe (detalii aici:\u00a0<a href=\"https:\/\/romaniancreativeweek.ro\/sections\/innovation-digital\/believe-workshop\/\" target=\"_blank\" rel=\"nofollow noopener noreferrer\">https:\/\/romaniancreativeweek.ro\/sections\/innovation-digital\/believe-workshop\/<\/a>).<\/p>\n<p class=\"yiv6934885276MsoNormal\" style=\"text-align: justify;\"><b> <img loading=\"lazy\" decoding=\"async\" class=\"size-medium wp-image-71179 alignleft\" src=\"http:\/\/infois.ro\/wp-content\/uploads\/2023\/05\/Paulina_concert-la-RCW-2023_1-390x260.jpg\" alt=\"\" width=\"390\" height=\"260\" srcset=\"http:\/\/infois.ro\/wp-content\/uploads\/2023\/05\/Paulina_concert-la-RCW-2023_1-390x260.jpg 390w, http:\/\/infois.ro\/wp-content\/uploads\/2023\/05\/Paulina_concert-la-RCW-2023_1.jpg 640w\" sizes=\"(max-width: 390px) 100vw, 390px\" \/><\/b><\/p>\n<p class=\"yiv6934885276MsoNormal\" style=\"text-align: justify;\"><b>Becoming an Entrepreneur (25 mai, Palatul Culturii ) &#8211;\u00a0<\/b>Programul de sprijin pentru antreprenori\u00a0<b>\u201eReziden\u021ba Antreprenorial\u0103 inspirat\u0103 de UniCredit\u201d<\/b>\u00a0se extinde la nivel na\u021bional, cu debutul la Ia\u0219i, \u00een cadrul\u00a0<b>Romanian Creative Week<\/b>, \u0219i sub un nou titlu \u2013\u00a0<b>\u201e\u00cencep\u0103torii \u2013 Reziden\u021ba Antreprenorial\u0103 UniCredit\u201d<\/b>. Lansat \u00een 2020 \u00een cadrul platformei \u201ebuilding.a.community\u201d, proiectul este dezvoltat de\u00a0<b>Centrul Cultural PLAI (AMBASADA) din Timi\u0219oara<\/b>, realizat cu sprijinul partenerului local\u00a0<b>T\u00e2rgul Creatorilor\/Acaju<\/b>\u00a0\u0219i este sus\u021binut de\u00a0<b>UniCredit Bank Rom\u00e2nia<\/b>\u00a0(detalii aici:\u00a0<a href=\"https:\/\/romaniancreativeweek.ro\/sections\/creative-entrepreneurship\/becoming-an-entrepreneur\/\" target=\"_blank\" rel=\"nofollow noopener noreferrer\">https:\/\/romaniancreativeweek.ro\/sections\/creative-entrepreneurship\/becoming-an-entrepreneur\/<\/a>\u00a0).<\/p>\n<p class=\"yiv6934885276MsoNormal\" style=\"text-align: justify;\">\n<p class=\"yiv6934885276MsoNormal\" style=\"text-align: justify;\">Conferin\u021ba interna\u021bional\u0103\u00a0<b>Welcoming differences between X, Y and Z generations<\/b>, curatoriat\u0103 de\u00a0<b>Caterina Pruteanu<\/b>\u00a0(fondatoarea Moldova Film Festival \u0219i creative producer la emisiunea TV Starea Na\u021biei) \u0219i\u00a0<b>Anda Zota<\/b>\u00a0(arhitect \u0219i redactor-\u0219ef igloo), va avea loc pe\u00a0<b>27 mai<\/b>\u00a0\u00een Sala Voievozilor a\u00a0<b>Palatului Culturii.<\/b>\u00a0Construit\u0103 ca un instrument de \u00een\u021belegere a diferitelor genera\u021bii, cu diferen\u021be frapante \u0219i asem\u0103n\u0103ri familiare, dar \u0219i ca un ghidaj \u00een discursul genera\u021bional \u0219i al identit\u0103\u021bii de gen, conferin\u021ba \u201eWelcoming differences between X, Y and Z generations\u201d va acoperi un spectru larg de subiecte relevante, cuprinz\u00e2nd domenii creative precum arhitectur\u0103, fashion, social media.\u00a0<b><\/b><\/p>\n<p class=\"yiv6934885276MsoNormal\" style=\"text-align: justify;\"><b> <img loading=\"lazy\" decoding=\"async\" class=\"size-medium wp-image-71180 alignright\" src=\"http:\/\/infois.ro\/wp-content\/uploads\/2023\/05\/Vama-concert_RCW_20-mai-2023-390x293.jpg\" alt=\"\" width=\"390\" height=\"293\" srcset=\"http:\/\/infois.ro\/wp-content\/uploads\/2023\/05\/Vama-concert_RCW_20-mai-2023-390x293.jpg 390w, http:\/\/infois.ro\/wp-content\/uploads\/2023\/05\/Vama-concert_RCW_20-mai-2023.jpg 640w\" sizes=\"(max-width: 390px) 100vw, 390px\" \/><\/b><\/p>\n<p class=\"yiv6934885276MsoNormal\" style=\"text-align: justify;\"><b>New Media District\u00a0<\/b>este un eveniment \u00een cadrul<b>\u00a0Romanian Creative Week,\u00a0<\/b>coordonat de artistul vizual\u00a0<b>Andrei Cozlac,\u00a0<\/b>care \u00ee\u0219i propune crearea unei platforme de dialog \u00eentre artele digitale \u2013 new media \u0219i publicul ie\u0219ean, prin amplasarea \u00een spa\u021biul public, sub formatul unui concept expozi\u021bional, a unor lucr\u0103ri produse de arti\u0219ti \u0219i companii orientate c\u0103tre proiecte de creative media (detalii aici:\u00a0<a href=\"https:\/\/romaniancreativeweek.ro\/call-for-projects\/project-new-media\/\" target=\"_blank\" rel=\"nofollow noopener noreferrer\">https:\/\/romaniancreativeweek.ro\/call-for-projects\/project-new-media\/<\/a>).<\/p>\n<p class=\"yiv6934885276MsoNormal\" style=\"text-align: justify;\"><b>\u00a0<\/b><\/p>\n<p class=\"yiv6934885276MsoNormal\" style=\"text-align: justify;\"><b>Romanian Fashion Week \u00een parcul Palas<\/b><\/p>\n<p class=\"yiv6934885276MsoNormal\" style=\"text-align: justify;\"><b>\u00a0<\/b><\/p>\n<p class=\"yiv6934885276MsoNormal\" style=\"text-align: justify;\"><b>Romanian Creative Week<\/b>\u00a0se \u00eencheie cu cea mai bun\u0103 selec\u021bie de designeri consacra\u021bi \u0219i emergen\u021bi \u00een trei zile de show-uri pe cel mai spectaculos catwalk construit p\u00e2n\u0103 acum \u00een \u021bar\u0103. \u00centre\u00a0<b>26 \u0219i 28 mai<\/b>, \u00een\u00a0<b>parcul Palas<\/b>, are loc a XV-a edi\u021bie a\u00a0<b>Romanian Fashion Week<\/b>. 19 designeri consacra\u021bi, 26 designeri emergen\u021bi (15 dintre ei c\u00e2\u0219tig\u0103tori ai celui mai mare concurs dedicat modei \u00een Rom\u00e2nia) \u0219i sec\u021biile de design vestimentar ale celor mai importante 4 universit\u0103\u021bi de profil din \u021bar\u0103 \u0219i, \u00een premier\u0103, ai celei din Chi\u0219in\u0103u, beneficiind de serviciile de beauty ale echipelor conduse de Alexandru Abagiu \u0219i Sorin Stratulat, \u00ee\u0219i vor prezenta colec\u021biile \u00een 50 de show-uri individuale sau colective.<\/p>\n<p class=\"yiv6934885276MsoNormal\" style=\"text-align: justify;\">\n<p class=\"yiv6934885276MsoNormal\" style=\"text-align: justify;\"><b><span lang=\"PT-BR\">DESPRE ROMANIAN CREATIVE WEEK<\/span><\/b><\/p>\n<p class=\"yiv6934885276MsoNormal\" style=\"text-align: justify;\"><b><span lang=\"PT-BR\">\u00a0<\/span><\/b><\/p>\n<p class=\"yiv6934885276MsoNormal\" style=\"text-align: justify;\"><b><span lang=\"PT-BR\">Aflat la cea de-a treia edi\u0163ie, Romanian Creative Week este organizat de Federa\u0163ia Patronatelor din Industriile Creative (FEPIC), singura federa\u0163ie patronal\u0103 reprezentativ\u0103 la nivel na\u0163ional ce activeaz\u0103 \u00een sectorul Industriilor Creative din Rom\u00e2nia. \u00cenfiin\u0163at\u0103 la Ia\u015fi, \u00een 2011, FEPIC a organizat, p\u00e2n\u0103 \u00een prezent, peste 50 de ac\u0163iuni de promovare na\u0163ional\u0103 \u015fi interna\u0163ional\u0103 a industriilor creative rom\u00e2ne\u015fti.<\/span><\/b><b><\/b><\/p>\n<p class=\"yiv6934885276MsoNormal\" style=\"text-align: justify;\">\n","protected":false},"excerpt":{"rendered":"<p>Concertele desf\u0103\u0219urate \u00een parcul Palas au dat ritm \u0219i voce Ia\u0219ului \u00een primele zile ale&#8230; <a class=\"meta-more\" href=\"http:\/\/infois.ro\/?p=71174\">more <span class=\"meta-nav\">&raquo;<\/span><\/a><\/p>\n","protected":false},"author":2,"featured_media":71175,"comment_status":"closed","ping_status":"closed","sticky":false,"template":"","format":"standard","meta":{"footnotes":""},"categories":[41,60],"tags":[74,1764,4532,40,100,14249],"aioseo_notices":[],"_links":{"self":[{"href":"http:\/\/infois.ro\/index.php?rest_route=\/wp\/v2\/posts\/71174"}],"collection":[{"href":"http:\/\/infois.ro\/index.php?rest_route=\/wp\/v2\/posts"}],"about":[{"href":"http:\/\/infois.ro\/index.php?rest_route=\/wp\/v2\/types\/post"}],"author":[{"embeddable":true,"href":"http:\/\/infois.ro\/index.php?rest_route=\/wp\/v2\/users\/2"}],"replies":[{"embeddable":true,"href":"http:\/\/infois.ro\/index.php?rest_route=%2Fwp%2Fv2%2Fcomments&post=71174"}],"version-history":[{"count":1,"href":"http:\/\/infois.ro\/index.php?rest_route=\/wp\/v2\/posts\/71174\/revisions"}],"predecessor-version":[{"id":71181,"href":"http:\/\/infois.ro\/index.php?rest_route=\/wp\/v2\/posts\/71174\/revisions\/71181"}],"wp:featuredmedia":[{"embeddable":true,"href":"http:\/\/infois.ro\/index.php?rest_route=\/wp\/v2\/media\/71175"}],"wp:attachment":[{"href":"http:\/\/infois.ro\/index.php?rest_route=%2Fwp%2Fv2%2Fmedia&parent=71174"}],"wp:term":[{"taxonomy":"category","embeddable":true,"href":"http:\/\/infois.ro\/index.php?rest_route=%2Fwp%2Fv2%2Fcategories&post=71174"},{"taxonomy":"post_tag","embeddable":true,"href":"http:\/\/infois.ro\/index.php?rest_route=%2Fwp%2Fv2%2Ftags&post=71174"}],"curies":[{"name":"wp","href":"https:\/\/api.w.org\/{rel}","templated":true}]}}