{"id":71208,"date":"2023-05-23T16:44:18","date_gmt":"2023-05-23T13:44:18","guid":{"rendered":"http:\/\/infois.ro\/?p=71208"},"modified":"2023-05-24T09:46:38","modified_gmt":"2023-05-24T06:46:38","slug":"comuna-deleni-racordata-la-reteaua-nationala-de-gaze-naturale-prin-intermediul-programului-anghel-saligny","status":"publish","type":"post","link":"http:\/\/infois.ro\/?p=71208","title":{"rendered":"Comuna Deleni, racordat\u0103 la re\u0163eaua na\u0163ional\u0103 de gaze naturale prin intermediul Programului &#8220;Anghel Saligny&#8221;"},"content":{"rendered":"<p><img loading=\"lazy\" decoding=\"async\" class=\"size-medium wp-image-71209 alignleft\" src=\"http:\/\/infois.ro\/wp-content\/uploads\/2023\/05\/gaze-la-deleni-anghel-saligny-390x219.jpg\" alt=\"\" width=\"390\" height=\"219\" srcset=\"http:\/\/infois.ro\/wp-content\/uploads\/2023\/05\/gaze-la-deleni-anghel-saligny-390x219.jpg 390w, http:\/\/infois.ro\/wp-content\/uploads\/2023\/05\/gaze-la-deleni-anghel-saligny-140x80.jpg 140w, http:\/\/infois.ro\/wp-content\/uploads\/2023\/05\/gaze-la-deleni-anghel-saligny.jpg 640w\" sizes=\"(max-width: 390px) 100vw, 390px\" \/><\/p>\n<p style=\"text-align: justify;\">La sediul Ministerului Dezvolt\u0103rii Lucr\u0103rilor Publice \u0219i Administra\u021biei (MDLPA) au fost semnate \u00een aceast\u0103 s\u0103pt\u0103m\u00e2n\u0103 primele \u015fapte contracte pentru investi\u021bii \u00een realizarea, extinderea \u0219i modernizarea infrastructurii de distribu\u021bie a gazelor naturale, \u00een valoare total\u0103 de 247.292.623,48 de lei, finan\u021bate prin Programul Na\u021bional de Investi\u021bii \u201dAnghel Saligny\u201d.<\/p>\n<p style=\"text-align: justify;\">\n<p style=\"text-align: justify;\">Acestea fac parte din categoria celor 104 proiecte mature care vizeaz\u0103 dezvoltarea re\u021belelor inteligente de distribu\u021bie a gazelor naturale din 164 de unit\u0103\u021bi administrativ-teritoriale, depuse ini\u021bial la Ministerul Investi\u021biilor \u0219i Proiectelor Europene (MIPE), \u00een cadrul Programului Opera\u021bional Infrastructur\u0103 Mare, dar preluate prin OUG nr. 40\/2022, \u00eentruc\u00e2t valoarea lor a dep\u0103\u0219it plafonul alocat POIM.<\/p>\n<p style=\"text-align: justify;\">\n<p style=\"text-align: justify;\">Dintre cele \u015fapte contracte semnate face parte \u0219i cel care vizeaz\u0103 &#8220;continuarea lucr\u0103rilor de \u00eenfiin\u021bare distribu\u021bie gaze naturale \u00een comuna Deleni, jude\u021bul Ia\u0219i&#8221;, cu o valoare de 34.708.429,23 lei, a anun\u0163at subprefectul jude\u0163ului Ia\u015fi, Marian Grigora\u015f, pe Facebook.<\/p>\n<p style=\"text-align: justify;\">\n<p style=\"text-align: justify;\">De remarcat c\u0103 Guvernul Rom\u00e2niei, prin Programul Na\u0163ional de Investi\u0163ii \u201dAnghel Saligny\u201d, a alocat \u00een total 65,5 miliarde de lei pentru extinderea \u0219i modernizarea re\u021belelor de drumuri, poduri, ap\u0103, canalizare \u0219i gaz.<\/p>\n<p style=\"text-align: justify;\">\n","protected":false},"excerpt":{"rendered":"<p>La sediul Ministerului Dezvolt\u0103rii Lucr\u0103rilor Publice \u0219i Administra\u021biei (MDLPA) au fost semnate \u00een aceast\u0103 s\u0103pt\u0103m\u00e2n\u0103&#8230; <a class=\"meta-more\" href=\"http:\/\/infois.ro\/?p=71208\">more <span class=\"meta-nav\">&raquo;<\/span><\/a><\/p>\n","protected":false},"author":2,"featured_media":71209,"comment_status":"closed","ping_status":"closed","sticky":false,"template":"","format":"standard","meta":{"footnotes":""},"categories":[6,41],"tags":[74,411,40,15650],"aioseo_notices":[],"_links":{"self":[{"href":"http:\/\/infois.ro\/index.php?rest_route=\/wp\/v2\/posts\/71208"}],"collection":[{"href":"http:\/\/infois.ro\/index.php?rest_route=\/wp\/v2\/posts"}],"about":[{"href":"http:\/\/infois.ro\/index.php?rest_route=\/wp\/v2\/types\/post"}],"author":[{"embeddable":true,"href":"http:\/\/infois.ro\/index.php?rest_route=\/wp\/v2\/users\/2"}],"replies":[{"embeddable":true,"href":"http:\/\/infois.ro\/index.php?rest_route=%2Fwp%2Fv2%2Fcomments&post=71208"}],"version-history":[{"count":1,"href":"http:\/\/infois.ro\/index.php?rest_route=\/wp\/v2\/posts\/71208\/revisions"}],"predecessor-version":[{"id":71210,"href":"http:\/\/infois.ro\/index.php?rest_route=\/wp\/v2\/posts\/71208\/revisions\/71210"}],"wp:featuredmedia":[{"embeddable":true,"href":"http:\/\/infois.ro\/index.php?rest_route=\/wp\/v2\/media\/71209"}],"wp:attachment":[{"href":"http:\/\/infois.ro\/index.php?rest_route=%2Fwp%2Fv2%2Fmedia&parent=71208"}],"wp:term":[{"taxonomy":"category","embeddable":true,"href":"http:\/\/infois.ro\/index.php?rest_route=%2Fwp%2Fv2%2Fcategories&post=71208"},{"taxonomy":"post_tag","embeddable":true,"href":"http:\/\/infois.ro\/index.php?rest_route=%2Fwp%2Fv2%2Ftags&post=71208"}],"curies":[{"name":"wp","href":"https:\/\/api.w.org\/{rel}","templated":true}]}}