{"id":71479,"date":"2023-06-06T16:19:47","date_gmt":"2023-06-06T13:19:47","guid":{"rendered":"https:\/\/infois.ro\/?p=71479"},"modified":"2023-06-07T07:33:47","modified_gmt":"2023-06-07T04:33:47","slug":"noua-zona-de-retail-din-palas-campus-cafenele-servicii-medicale-centru-de-fitness-si-in-curand-un-supermarket","status":"publish","type":"post","link":"http:\/\/infois.ro\/?p=71479","title":{"rendered":"Noua zon\u0103 de retail din Palas Campus: cafenele, servicii medicale, centru de fitness \u015fi, \u00een cur\u00e2nd, un supermarket"},"content":{"rendered":"<p><img loading=\"lazy\" decoding=\"async\" class=\"size-medium wp-image-71480 alignleft\" src=\"http:\/\/infois.ro\/wp-content\/uploads\/2023\/06\/Palas-Campus-390x219.jpg\" alt=\"\" width=\"390\" height=\"219\" srcset=\"http:\/\/infois.ro\/wp-content\/uploads\/2023\/06\/Palas-Campus-390x219.jpg 390w, http:\/\/infois.ro\/wp-content\/uploads\/2023\/06\/Palas-Campus-140x80.jpg 140w, http:\/\/infois.ro\/wp-content\/uploads\/2023\/06\/Palas-Campus.jpg 640w\" sizes=\"(max-width: 390px) 100vw, 390px\" \/><\/p>\n<p style=\"text-align: justify;\"><strong><em>Odat\u0103 cu inaugurarea Palas Campus, \u00een zona Sf. Andrei, ie\u0219enii au o nou\u0103 zon\u0103 de loisir, unde vor g\u0103si cafenele, restaurante, servicii medicale, un centru de fitness, iar, \u00een cur\u00e2nd, \u015fi un supermarket. Lan\u0163ul interna\u021bional Tucano propune un spa\u021biu cu un design \u00een premier\u0103 pentru \u00eentreaga re\u0163ea de cafenele; Teo<\/em><\/strong>&#8216;<strong><em>s Cafe are acum cea mai mare cafenea proprie sub cel mai nou concept al brandului; Praxis vine c\u0103tre ie\u0219eni cu un centru de analize care include \u0219i o camer\u0103 de recoltare pentru copii; Stay Fit Gym, una dintre cele mai mari re\u021bele de fitness &amp; aerobic din Rom\u00e2nia, va inaugura, pe 15 iunie, prima loca\u021bie din Ia\u0219i.<\/em><\/strong><\/p>\n<p style=\"text-align: justify;\"><strong><em>\u00a0<\/em><\/strong><\/p>\n<p style=\"text-align: justify;\">Hub de creativitate \u015fi business, Palas Campus, cea mai mare cl\u0103dire de birouri din Rom\u00e2nia, deschis\u0103 \u00een zona Sf. Andrei, este \u015fi o destina\u0163ie de relaxare pentru angaja\u0163i \u015fi nu numai, datorit\u0103 celor 6.000 mp dedica\u021bi segmentului de retail. G\u00e2ndit astfel \u00eenc\u00e2t s\u0103 fie un proiect mixt integrat, Palas Campus reune\u015fte, la parter, restaurante, cafenele, centre medicale, o sal\u0103 de sport, un supermarket \u0219i alte servicii \u0219i facilit\u0103\u021bi utile zilnic.<\/p>\n<p style=\"text-align: justify;\">\n<p style=\"text-align: justify;\"><strong>Concepte \u00een premier\u0103 \u2013 Tucano \u0219i Teo&#8217;s, cafenele care aduc experien\u021be noi<\/strong><\/p>\n<p style=\"text-align: justify;\"><strong> <img loading=\"lazy\" decoding=\"async\" class=\"size-medium wp-image-71481 alignright\" src=\"http:\/\/infois.ro\/wp-content\/uploads\/2023\/06\/Tucano-Coffe-02-390x260.jpg\" alt=\"\" width=\"390\" height=\"260\" srcset=\"http:\/\/infois.ro\/wp-content\/uploads\/2023\/06\/Tucano-Coffe-02-390x260.jpg 390w, http:\/\/infois.ro\/wp-content\/uploads\/2023\/06\/Tucano-Coffe-02.jpg 640w\" sizes=\"(max-width: 390px) 100vw, 390px\" \/><\/strong><\/p>\n<p style=\"text-align: justify;\">Tucano, lan\u021bul interna\u021bional de cafenele care promoveaz\u0103 \u00een lumea \u00eentreag\u0103 filosofia sa <strong><em>Love.Peace.Coffee<\/em><\/strong>, a deschis aici un coffee shop unic datorit\u0103 design-ului personalizat pentru hub-ul de business<strong>. \u201eAm optat sa cre\u0103m c\u00e2t mai multe spa\u021bii de lucru pentru cei care lucreaz\u0103 la Palas Campus \u0219i nu numai. La fiecare mas\u0103 se reg\u0103se\u0219te o priz\u0103, internet gratuit \u0219i am optat pentru m\u0103su\u021be mai \u00eenalte, tocmai pentru a putea lucra la laptop. Coffe shop-ul de la Palas Campus este mai spa\u021bios, amenajat cu multe plante, culori calde \u0219i s-a folosit mult lemn pentru a crea un mediu c\u00e2t mai cald\u201d<\/strong>, a declarat C\u0103t\u0103lina Ungurianu, reprezentant Tucano Coffee. \u00cen afar\u0103 de preparatele din cafea de specialitate, \u00een noua loca\u021bie Tucano din Palas Campus mai pot fi savurate \u0219i: mic dejunuri, supe creme, salate, sandwich-uri, tarte dulci, dar \u0219i o varietate de r\u0103coritoare.<\/p>\n<p style=\"text-align: justify;\"><strong> <img loading=\"lazy\" decoding=\"async\" class=\"size-medium wp-image-71482 alignleft\" src=\"http:\/\/infois.ro\/wp-content\/uploads\/2023\/06\/Teos-Cafe-02-390x312.jpg\" alt=\"\" width=\"390\" height=\"312\" srcset=\"http:\/\/infois.ro\/wp-content\/uploads\/2023\/06\/Teos-Cafe-02-390x312.jpg 390w, http:\/\/infois.ro\/wp-content\/uploads\/2023\/06\/Teos-Cafe-02.jpg 640w\" sizes=\"(max-width: 390px) 100vw, 390px\" \/><\/strong><\/p>\n<p style=\"text-align: justify;\"><strong>Primul lounge al Teo&#8217;s Cafe <\/strong>a fost inaugurat \u00een Palas Campus, iar acum iubitorii brandului 100% ie\u015fean se pot bucura de o \u00eentreag\u0103 experien\u021b\u0103 marca Teo&#8217;s. \u00cen noua loca\u021bie, care este cea mai mare cafenea proprie \u015fi o premier\u0103, ie\u0219enii sunt a\u0219tepta\u021bi s\u0103 descopere noul concept: \u201eCoffe by day and drinks by night\u201d. Design-ul interior \u0219i cel al terasei generoase are influen\u021be industriale, parte din amprenta Teo`s, \u0219i este decorul ideal pentru ie\u0219iri la cafea al\u0103turi de prieteni, \u0219edin\u021be corporate sau meeting-uri informale de echipe. \u201e<strong>Cafeaua este punctul nostru forte \u0219i nucleul Teo&#8217;s, iar \u00een loca\u021bia din Palas Campus am adus \u00een jurul ei b\u0103uturi de care clien\u021bii se pot bucura toat\u0103 ziua. Avem barmani cu experien\u021b\u0103, care prepar\u0103 de la clasicele gin tonic, cuba libre, aperol spritz, p\u00e2n\u0103 la cocktailuri personalizate dup\u0103 re\u021bete proprii \u0219i dup\u0103 gustul clien\u021bilor. Ne place mult s\u0103 ne juc\u0103m cu ingredientele din bar, a\u0219a au ap\u0103rut re\u021betele fructate de Frozen. Una dintre b\u0103uturile noastre preferate este Sangria<\/strong>\u201d, explic\u0103 Teofil Bozbiciu, General Manager la Teo&#8217;s. Noua loca\u021bie Teo&#8217;s aduce \u0219i mai multe nout\u0103\u021bi, iar, \u00een cur\u00e2nd, vor fi organizate seri tematice, cu muzic\u0103 live, cocktailuri, micro-concerte \u0219i multe alte experien\u021be tematice.<\/p>\n<p style=\"text-align: justify;\">\n<p style=\"text-align: justify;\"><strong>Servicii medicale \u2013 laboratorul de analize Praxis \u0219i clinica de imagistic\u0103 EMERALD<\/strong><\/p>\n<p style=\"text-align: justify;\"><img loading=\"lazy\" decoding=\"async\" class=\"size-medium wp-image-71485 alignright\" src=\"http:\/\/infois.ro\/wp-content\/uploads\/2023\/06\/Praxis-01-390x260.jpg\" alt=\"\" width=\"390\" height=\"260\" srcset=\"http:\/\/infois.ro\/wp-content\/uploads\/2023\/06\/Praxis-01-390x260.jpg 390w, http:\/\/infois.ro\/wp-content\/uploads\/2023\/06\/Praxis-01.jpg 640w\" sizes=\"(max-width: 390px) 100vw, 390px\" \/><\/p>\n<p style=\"text-align: justify;\">Tot la parterul Palas Campus a fost inaugurat \u0219i Praxis, centru de recoltare a analizelor medicale, unde a fost amenajat\u0103 \u0219i o zona adaptat\u0103 pentru confortul copiilor. \u201e<strong>Punem la dispozi\u021bia pacien\u021bilor o camer\u0103 special creat\u0103 pentru copii, colorat\u0103 \u0219i vesel\u0103, pentru ca at\u00e2t micu\u021bii, c\u00e2t \u0219i p\u0103rin\u021bii s\u0103 poat\u0103 veni \u00abla analize\u00bb cu mai pu\u021bin\u0103 fric\u0103 \u0219i mai mult\u0103 speran\u021b\u0103. Personalul nostru medical este specializat \u00een recoltarea probelor de la bebelu\u0219i, astfel \u00eenc\u00e2t \u00eentreg actul medical nu reprezint\u0103 un factor de stres \u00een plus pentru niciunul dintre pacien\u021bii no\u0219tri<\/strong>\u201d, explic\u0103 Cristian Hristodorescu, Manager Praxis. \u00cen plus, pacien\u021bii pot alege din mai multe seturi de analize, create astfel \u00eenc\u00e2t s\u0103 fie mai u\u0219or de \u00een\u021beles \u0219i corelat: \u201eSunt o femeie s\u0103n\u0103toas\u0103\u201d, \u201eSunt un b\u0103rbat s\u0103n\u0103tos\u201d, \u201eTiroida mea\u201d, \u201eAm r\u0103cit\u201d, \u201eS\u0103n\u0103tatea inimii mele\u201d, \u201eEchilibrul meu hormonal\u201d, \u201eAm destule vitamine \u0219i minerale?\u201d, \u201eS\u0103n\u0103tatea sportivului\u201d, \u201eS\u0103n\u0103tatea mamei\u201d \u0219i multe altele.<\/p>\n<p style=\"text-align: justify;\"><img loading=\"lazy\" decoding=\"async\" class=\"size-medium wp-image-71486 alignright\" src=\"http:\/\/infois.ro\/wp-content\/uploads\/2023\/06\/Emerald-01-390x260.jpg\" alt=\"\" width=\"390\" height=\"260\" srcset=\"http:\/\/infois.ro\/wp-content\/uploads\/2023\/06\/Emerald-01-390x260.jpg 390w, http:\/\/infois.ro\/wp-content\/uploads\/2023\/06\/Emerald-01.jpg 640w\" sizes=\"(max-width: 390px) 100vw, 390px\" \/><\/p>\n<p style=\"text-align: justify;\">\u00cen Palas Campus este disponibil \u015fi <strong>Centrul Medical EMERALD<\/strong>, parte a grupului SOFMEDICA, unde pacien\u021bii g\u0103sesc echipamente de imagistic\u0103 performante, de ultim\u0103 genera\u021bie, at\u00e2t pentru imagistic\u0103 prin rezonan\u021b\u0103 magnetic\u0103 (RM), c\u00e2t \u0219i computer tomograf (CT). Accentul este pus pe diagnosticul complet al bolilor cardiovasculare, Centrul Medical EMERALD oferind servicii complete de diagnostic imagistic \u2013 de la ecocardiografie avansat\u0103 la Angio-CT coronarian, Cardio-RM \u0219i Cardio-RM de stres. Centrul Medical EMERALD este singurul laborator de imagistic\u0103 din Sud Estul Europei care este acreditat de Societatea European\u0103 de Cardiologie prin Asocia\u021bia European\u0103 de Imagistic\u0103 Cardiovascular\u0103.<\/p>\n<p style=\"text-align: justify;\">\n<p style=\"text-align: justify;\"><strong>Stay Fit Gym, din 15 iunie<\/strong><\/p>\n<p style=\"text-align: justify;\">\n<p style=\"text-align: justify;\">Joi, 15 iunie 2023, la Palas Campus se va deschide <strong>prima loca\u021bie din regiune a Stay Fit Gym<\/strong>, una dintre cele mai mari re\u0163ele de fitness &amp; aerobic din Rom\u00e2nia. Noul centru va avea <strong>o suprafa\u0163\u0103 de 1.000 mp <\/strong>\u015fi va oferi servicii de fitness, precum strenght, cardio, functional training, dar \u015fi de cycling \u015fi clase de grup, cum ar fi zumba, circuit, pump, step &amp; tone, abs &amp; butt, pilates \u015fi yoga.<\/p>\n<p style=\"text-align: justify;\"><img loading=\"lazy\" decoding=\"async\" class=\"size-medium wp-image-71487 alignleft\" src=\"http:\/\/infois.ro\/wp-content\/uploads\/2023\/06\/Stay-Fit-Gym-390x260.jpg\" alt=\"\" width=\"390\" height=\"260\" srcset=\"http:\/\/infois.ro\/wp-content\/uploads\/2023\/06\/Stay-Fit-Gym-390x260.jpg 390w, http:\/\/infois.ro\/wp-content\/uploads\/2023\/06\/Stay-Fit-Gym.jpg 640w\" sizes=\"(max-width: 390px) 100vw, 390px\" \/><\/p>\n<p style=\"text-align: justify;\">La parterul Palas Campus este deschis \u0219i un centru <strong>Xpress<\/strong>, unde clien\u021bii pot g\u0103si c\u0103r\u021bi, ziare, r\u0103coritoare, dar \u0219i juc\u0103rii, cafea proasp\u0103t m\u0103cinat\u0103 to go, dulciuri, accesorii, baterii \u0219i multe altele. Mixul de retail de la Palas Campus va fi completat, \u00een perioada urm\u0103toare, cu noi loca\u0163ii de food &amp; beverage, un supermarket, o clinic\u0103 de beauty \u0219i alte servicii variate.<\/p>\n<p><img loading=\"lazy\" decoding=\"async\" class=\"alignnone size-medium wp-image-71489\" src=\"http:\/\/infois.ro\/wp-content\/uploads\/2023\/06\/Praxis-02-390x260.jpg\" alt=\"\" width=\"390\" height=\"260\" srcset=\"http:\/\/infois.ro\/wp-content\/uploads\/2023\/06\/Praxis-02-390x260.jpg 390w, http:\/\/infois.ro\/wp-content\/uploads\/2023\/06\/Praxis-02.jpg 640w\" sizes=\"(max-width: 390px) 100vw, 390px\" \/><\/p>\n<p><img loading=\"lazy\" decoding=\"async\" class=\"alignnone size-medium wp-image-71488\" src=\"http:\/\/infois.ro\/wp-content\/uploads\/2023\/06\/Emerald-02-390x260.jpg\" alt=\"\" width=\"390\" height=\"260\" srcset=\"http:\/\/infois.ro\/wp-content\/uploads\/2023\/06\/Emerald-02-390x260.jpg 390w, http:\/\/infois.ro\/wp-content\/uploads\/2023\/06\/Emerald-02.jpg 640w\" sizes=\"(max-width: 390px) 100vw, 390px\" \/><\/p>\n<p>&nbsp;<\/p>\n<p><img loading=\"lazy\" decoding=\"async\" class=\"alignnone size-medium wp-image-71484\" src=\"http:\/\/infois.ro\/wp-content\/uploads\/2023\/06\/Teos-Cafe-01-312x390.jpg\" alt=\"\" width=\"312\" height=\"390\" srcset=\"http:\/\/infois.ro\/wp-content\/uploads\/2023\/06\/Teos-Cafe-01-312x390.jpg 312w, http:\/\/infois.ro\/wp-content\/uploads\/2023\/06\/Teos-Cafe-01.jpg 640w\" sizes=\"(max-width: 312px) 100vw, 312px\" \/><\/p>\n<p><img loading=\"lazy\" decoding=\"async\" class=\"alignnone size-medium wp-image-71483\" src=\"http:\/\/infois.ro\/wp-content\/uploads\/2023\/06\/Tucano-Coffee-01-390x260.jpg\" alt=\"\" width=\"390\" height=\"260\" srcset=\"http:\/\/infois.ro\/wp-content\/uploads\/2023\/06\/Tucano-Coffee-01-390x260.jpg 390w, http:\/\/infois.ro\/wp-content\/uploads\/2023\/06\/Tucano-Coffee-01.jpg 640w\" sizes=\"(max-width: 390px) 100vw, 390px\" \/><\/p>\n<p style=\"text-align: justify;\">\n","protected":false},"excerpt":{"rendered":"<p>Odat\u0103 cu inaugurarea Palas Campus, \u00een zona Sf. Andrei, ie\u0219enii au o nou\u0103 zon\u0103 de&#8230; <a class=\"meta-more\" href=\"http:\/\/infois.ro\/?p=71479\">more <span class=\"meta-nav\">&raquo;<\/span><\/a><\/p>\n","protected":false},"author":2,"featured_media":71480,"comment_status":"closed","ping_status":"closed","sticky":false,"template":"","format":"standard","meta":{"footnotes":""},"categories":[6,41],"tags":[74,4673,40,13512,4891,769],"aioseo_notices":[],"_links":{"self":[{"href":"http:\/\/infois.ro\/index.php?rest_route=\/wp\/v2\/posts\/71479"}],"collection":[{"href":"http:\/\/infois.ro\/index.php?rest_route=\/wp\/v2\/posts"}],"about":[{"href":"http:\/\/infois.ro\/index.php?rest_route=\/wp\/v2\/types\/post"}],"author":[{"embeddable":true,"href":"http:\/\/infois.ro\/index.php?rest_route=\/wp\/v2\/users\/2"}],"replies":[{"embeddable":true,"href":"http:\/\/infois.ro\/index.php?rest_route=%2Fwp%2Fv2%2Fcomments&post=71479"}],"version-history":[{"count":1,"href":"http:\/\/infois.ro\/index.php?rest_route=\/wp\/v2\/posts\/71479\/revisions"}],"predecessor-version":[{"id":71490,"href":"http:\/\/infois.ro\/index.php?rest_route=\/wp\/v2\/posts\/71479\/revisions\/71490"}],"wp:featuredmedia":[{"embeddable":true,"href":"http:\/\/infois.ro\/index.php?rest_route=\/wp\/v2\/media\/71480"}],"wp:attachment":[{"href":"http:\/\/infois.ro\/index.php?rest_route=%2Fwp%2Fv2%2Fmedia&parent=71479"}],"wp:term":[{"taxonomy":"category","embeddable":true,"href":"http:\/\/infois.ro\/index.php?rest_route=%2Fwp%2Fv2%2Fcategories&post=71479"},{"taxonomy":"post_tag","embeddable":true,"href":"http:\/\/infois.ro\/index.php?rest_route=%2Fwp%2Fv2%2Ftags&post=71479"}],"curies":[{"name":"wp","href":"https:\/\/api.w.org\/{rel}","templated":true}]}}