{"id":71957,"date":"2023-06-28T09:14:53","date_gmt":"2023-06-28T06:14:53","guid":{"rendered":"https:\/\/infois.ro\/?p=71957"},"modified":"2023-06-28T09:14:53","modified_gmt":"2023-06-28T06:14:53","slug":"iesenii-asteptati-in-week-end-la-prima-editie-a-evenimentului-piata-metropolitana-rediu","status":"publish","type":"post","link":"http:\/\/infois.ro\/?p=71957","title":{"rendered":"Ie\u015fenii, a\u015ftepta\u0163i \u00een week-end la prima edi\u0163ie a evenimentului &#8220;Pia\u0163a Metropolitan\u0103 Rediu&#8221;"},"content":{"rendered":"<p><img loading=\"lazy\" decoding=\"async\" class=\"size-medium wp-image-71958 alignleft\" src=\"http:\/\/infois.ro\/wp-content\/uploads\/2023\/06\/afumaturi-si-branzeturi-390x390.jpg\" alt=\"\" width=\"390\" height=\"390\" srcset=\"http:\/\/infois.ro\/wp-content\/uploads\/2023\/06\/afumaturi-si-branzeturi-390x390.jpg 390w, http:\/\/infois.ro\/wp-content\/uploads\/2023\/06\/afumaturi-si-branzeturi-80x80.jpg 80w, http:\/\/infois.ro\/wp-content\/uploads\/2023\/06\/afumaturi-si-branzeturi-100x100.jpg 100w, http:\/\/infois.ro\/wp-content\/uploads\/2023\/06\/afumaturi-si-branzeturi-144x144.jpg 144w, http:\/\/infois.ro\/wp-content\/uploads\/2023\/06\/afumaturi-si-branzeturi.jpg 640w\" sizes=\"(max-width: 390px) 100vw, 390px\" \/><\/p>\n<p style=\"text-align: justify;\">Asocia\u0163ia Zona Metropolitan\u0103 Ia\u015fi, Prim\u0103ria comunei Rediu \u015fi Grupul de Ac\u0163iune Local\u0103 (GAL) Rediu &#8211; Pr\u0103jeni, anun\u0163\u0103 organizarea \u00een perioada 1-2 iulie, la Baza sportiv\u0103 din localitatea Rediu, a primei edi\u0163ii a evenimentului &#8220;Pia\u0163a Metropolitan\u0103 Rediu&#8221;.<\/p>\n<p style=\"text-align: justify;\">\n<p style=\"text-align: justify;\">Sub genericul &#8220;Br\u00e2nzeturi \u015fi afum\u0103turi&#8221;, evenimentul reprezint\u0103 o ocazie perfect\u0103 pentru a sus\u021bine produc\u0103torii locali \u0219i de a cump\u0103ra produse autentice \u0219i delicioase, care reflect\u0103 tradi\u021bia \u0219i pasiunea acestei zone.<\/p>\n<p style=\"text-align: justify;\">\n<p style=\"text-align: justify;\">&#8220;Suntem \u00eenc\u00e2nta\u021bi s\u0103 v\u0103 anun\u021b\u0103m c\u0103 \u00een perioada 1-2 iulie 2023 va avea loc prima edi\u021bie a Pie\u021bei Metropolitane din acest an \u00een comuna Rediu din Ia\u0219i, la baza sportiv\u0103. V\u0103 invit\u0103m s\u0103 ne \u00eenso\u021bi\u021bi \u00eentr-o c\u0103l\u0103torie gustativ\u0103 \u0219i cultural\u0103 \u00een care ve\u021bi descoperi o varietate incredibil\u0103 de produse locale. De la delicatese tradi\u021bionale, p\u00e2n\u0103 la miere de albine, br\u00e2nzeturi fine \u0219i multe altele, ve\u021bi g\u0103si tot ce v\u0103 poate \u00eenc\u00e2nta papilele gustative&#8221;, anun\u0163\u0103 organizatorii \u00eentr-un comunicat.<\/p>\n<p style=\"text-align: justify;\">\n<p style=\"text-align: justify;\">&#8220;E\u0219ti invitat s\u0103 vii al\u0103turi de familia ta \u0219i s\u0103 te bucuri de standuri pline de bun\u0103t\u0103\u021bi tradi\u021bionale locale la Pia\u021ba Metropolitan\u0103 din comuna Rediu. Po\u021bi cump\u0103ra carne afumat\u0103, gustoas\u0103, preparat\u0103 \u00een mod tradi\u021bional de la standurile produc\u0103torilor Florin G\u0103man \u0219i Andrei Croitoru. Ei aduc re\u021bete autentice \u0219i metode tradi\u021bionale de afumare, pentru a-\u021bi oferi experien\u021be gastronomice de neuitat.<\/p>\n<p style=\"text-align: justify;\">\n<p style=\"text-align: justify;\">Bun\u0103t\u0103\u021bi din lumea lactatelor vor fi aduse de Petric\u0103 Omu\u0219oru \u0219i Furdui Vasile, doi produc\u0103tori cu prezen\u021b\u0103 de \u00eencredere \u00een peisajul local. Vei putea savura o gam\u0103 variat\u0103 de br\u00e2nzeturi delicioase, realizate cu pasiune \u0219i pricepere.<\/p>\n<p style=\"text-align: justify;\">\n<p style=\"text-align: justify;\">Pia\u021ba Metropolitan\u0103 este un eveniment care \u00eencurajeaz\u0103 comer\u021bul local, promoveaz\u0103 tradi\u021biile \u0219i sprijin\u0103 produc\u0103torii locali. Hai s\u0103 ne bucur\u0103m de acest eveniment minunat \u0219i s\u0103 ne \u00eenc\u00e2nt\u0103m papilele gustative cu produse autentice de la produc\u0103torii no\u0219tri locali! Te a\u0219tept\u0103m cu ner\u0103bdare la Pia\u021ba Metropolitan\u0103 din comuna Rediu, pe 1 \u015fi 2 iulie, la Baza Sportiv\u0103 Rediu!&#8221;, \u00a0se mai arat\u0103 \u00een comunicat.<\/p>\n<p style=\"text-align: justify;\">\n","protected":false},"excerpt":{"rendered":"<p>Asocia\u0163ia Zona Metropolitan\u0103 Ia\u015fi, Prim\u0103ria comunei Rediu \u015fi Grupul de Ac\u0163iune Local\u0103 (GAL) Rediu &#8211;&#8230; <a class=\"meta-more\" href=\"http:\/\/infois.ro\/?p=71957\">more <span class=\"meta-nav\">&raquo;<\/span><\/a><\/p>\n","protected":false},"author":2,"featured_media":71958,"comment_status":"closed","ping_status":"closed","sticky":false,"template":"","format":"standard","meta":{"footnotes":""},"categories":[6,41],"tags":[74,16720,15245,40,16719,571],"aioseo_notices":[],"_links":{"self":[{"href":"http:\/\/infois.ro\/index.php?rest_route=\/wp\/v2\/posts\/71957"}],"collection":[{"href":"http:\/\/infois.ro\/index.php?rest_route=\/wp\/v2\/posts"}],"about":[{"href":"http:\/\/infois.ro\/index.php?rest_route=\/wp\/v2\/types\/post"}],"author":[{"embeddable":true,"href":"http:\/\/infois.ro\/index.php?rest_route=\/wp\/v2\/users\/2"}],"replies":[{"embeddable":true,"href":"http:\/\/infois.ro\/index.php?rest_route=%2Fwp%2Fv2%2Fcomments&post=71957"}],"version-history":[{"count":1,"href":"http:\/\/infois.ro\/index.php?rest_route=\/wp\/v2\/posts\/71957\/revisions"}],"predecessor-version":[{"id":71959,"href":"http:\/\/infois.ro\/index.php?rest_route=\/wp\/v2\/posts\/71957\/revisions\/71959"}],"wp:featuredmedia":[{"embeddable":true,"href":"http:\/\/infois.ro\/index.php?rest_route=\/wp\/v2\/media\/71958"}],"wp:attachment":[{"href":"http:\/\/infois.ro\/index.php?rest_route=%2Fwp%2Fv2%2Fmedia&parent=71957"}],"wp:term":[{"taxonomy":"category","embeddable":true,"href":"http:\/\/infois.ro\/index.php?rest_route=%2Fwp%2Fv2%2Fcategories&post=71957"},{"taxonomy":"post_tag","embeddable":true,"href":"http:\/\/infois.ro\/index.php?rest_route=%2Fwp%2Fv2%2Ftags&post=71957"}],"curies":[{"name":"wp","href":"https:\/\/api.w.org\/{rel}","templated":true}]}}