{"id":72234,"date":"2023-07-06T19:50:23","date_gmt":"2023-07-06T16:50:23","guid":{"rendered":"https:\/\/infois.ro\/?p=72234"},"modified":"2023-07-07T05:55:45","modified_gmt":"2023-07-07T02:55:45","slug":"din-cauza-furtunii-mai-multe-zboruri-care-urmau-sa-aterizeze-pe-aeroportul-din-iasi-au-fost-redirectionate","status":"publish","type":"post","link":"http:\/\/infois.ro\/?p=72234","title":{"rendered":"Din cauza furtunii, mai multe zboruri care urmau s\u0103 aterizeze pe Aeroportul din Ia\u015fi au fost redirec\u0163ionate"},"content":{"rendered":"<p><img loading=\"lazy\" decoding=\"async\" class=\"size-medium wp-image-72235 alignleft\" src=\"http:\/\/infois.ro\/wp-content\/uploads\/2023\/07\/avion-furtuna-390x220.jpg\" alt=\"\" width=\"390\" height=\"220\" srcset=\"http:\/\/infois.ro\/wp-content\/uploads\/2023\/07\/avion-furtuna-390x220.jpg 390w, http:\/\/infois.ro\/wp-content\/uploads\/2023\/07\/avion-furtuna-140x80.jpg 140w, http:\/\/infois.ro\/wp-content\/uploads\/2023\/07\/avion-furtuna.jpg 640w\" sizes=\"(max-width: 390px) 100vw, 390px\" \/><\/p>\n<p style=\"text-align: justify;\">Din cauza condi\u021biilor meteorologice nefavorabile (furtun\u0103 \u00eenso\u0163it\u0103 de v\u00e2nt puternic \u015fi ploaie \u00een rafale), trei aeronave care urmau s\u0103 aterizeze joi seara pe Aeroportul Interna\u0163ional din Ia\u015fi au fost redirec\u0163ionate c\u0103tre alte aeroporturi din \u0163ar\u0103.<\/p>\n<p style=\"text-align: justify;\">\n<p style=\"text-align: justify;\">Astfel, zborul Ryanair FR3114 Paris BVA &#8211; Ia\u0219i a f\u0103cut cale \u00eentoars\u0103 din zona Bac\u0103ului \u0219i a aterizat pe aeroportul din Cluj Napoca, de unde pasagerii au fost \u00a0transporta\u021bi spre Ia\u0219i cu autocare. La r\u00e2ndul s\u0103u, cursa TAROM RO707 Bucure\u0219ti &#8211; Ia\u0219i s-a \u00eentors din zona Ia\u0219ului pe Aeroportul &#8220;Henri Coand\u0103&#8221; (Otopeni), \u00een timp ce un zborul Wizz Air W43656 Dortmund &#8211; Ia\u0219i a aterizat pe Aeroportul &#8220;\u0218tefan cel Mare&#8221; din Suceava, dup\u0103 ce a ocolit furtuna prin spa\u021biul aerian moldovean, informeaz\u0103 portalul de specialitate www.boardingpass.com.<\/p>\n<p style=\"text-align: justify;\">\n<p style=\"text-align: justify;\">Din cauza furtunii, zborurile Ryanair FR3115 Ia\u0219i &#8211; Paris BVA \u015fi TAROM RO707 Bucure\u0219ti &#8211; Ia\u0219i \u0219i respectiv TAROM RO708 Ia\u0219i &#8211; Bucure\u0219ti au fost anulate.<\/p>\n<p style=\"text-align: justify;\">\n<p style=\"text-align: justify;\">Potrivit sursei citate, dup\u0103 trecerea furtunii, cursele care urmau s\u0103 aterizeze, potrivit orarului, pe Aeroportul din Ia\u015fi au reu\u015fit acest lucru \u00een condi\u0163ii de deplin\u0103 siguran\u0163\u0103.<\/p>\n","protected":false},"excerpt":{"rendered":"<p>Din cauza condi\u021biilor meteorologice nefavorabile (furtun\u0103 \u00eenso\u0163it\u0103 de v\u00e2nt puternic \u015fi ploaie \u00een rafale), trei&#8230; <a class=\"meta-more\" href=\"http:\/\/infois.ro\/?p=72234\">more <span class=\"meta-nav\">&raquo;<\/span><\/a><\/p>\n","protected":false},"author":2,"featured_media":72235,"comment_status":"closed","ping_status":"closed","sticky":false,"template":"","format":"standard","meta":{"footnotes":""},"categories":[6,41],"tags":[74,16454,524,40,16758],"aioseo_notices":[],"_links":{"self":[{"href":"http:\/\/infois.ro\/index.php?rest_route=\/wp\/v2\/posts\/72234"}],"collection":[{"href":"http:\/\/infois.ro\/index.php?rest_route=\/wp\/v2\/posts"}],"about":[{"href":"http:\/\/infois.ro\/index.php?rest_route=\/wp\/v2\/types\/post"}],"author":[{"embeddable":true,"href":"http:\/\/infois.ro\/index.php?rest_route=\/wp\/v2\/users\/2"}],"replies":[{"embeddable":true,"href":"http:\/\/infois.ro\/index.php?rest_route=%2Fwp%2Fv2%2Fcomments&post=72234"}],"version-history":[{"count":1,"href":"http:\/\/infois.ro\/index.php?rest_route=\/wp\/v2\/posts\/72234\/revisions"}],"predecessor-version":[{"id":72236,"href":"http:\/\/infois.ro\/index.php?rest_route=\/wp\/v2\/posts\/72234\/revisions\/72236"}],"wp:featuredmedia":[{"embeddable":true,"href":"http:\/\/infois.ro\/index.php?rest_route=\/wp\/v2\/media\/72235"}],"wp:attachment":[{"href":"http:\/\/infois.ro\/index.php?rest_route=%2Fwp%2Fv2%2Fmedia&parent=72234"}],"wp:term":[{"taxonomy":"category","embeddable":true,"href":"http:\/\/infois.ro\/index.php?rest_route=%2Fwp%2Fv2%2Fcategories&post=72234"},{"taxonomy":"post_tag","embeddable":true,"href":"http:\/\/infois.ro\/index.php?rest_route=%2Fwp%2Fv2%2Ftags&post=72234"}],"curies":[{"name":"wp","href":"https:\/\/api.w.org\/{rel}","templated":true}]}}