{"id":72363,"date":"2023-07-11T14:28:41","date_gmt":"2023-07-11T11:28:41","guid":{"rendered":"https:\/\/infois.ro\/?p=72363"},"modified":"2023-07-11T14:28:41","modified_gmt":"2023-07-11T11:28:41","slug":"salonul-de-infrumusetare-acutica-un-business-100-local-acum-in-palas-campus","status":"publish","type":"post","link":"http:\/\/infois.ro\/?p=72363","title":{"rendered":"Salonul de \u00eenfrumuse\u021bare Acutica, un business 100% local, acum \u00een Palas Campus"},"content":{"rendered":"<p style=\"text-align: justify;\"><strong><em><img loading=\"lazy\" decoding=\"async\" class=\"size-medium wp-image-72364 alignleft\" src=\"http:\/\/infois.ro\/wp-content\/uploads\/2023\/07\/acutica1-390x260.jpg\" alt=\"\" width=\"390\" height=\"260\" srcset=\"http:\/\/infois.ro\/wp-content\/uploads\/2023\/07\/acutica1-390x260.jpg 390w, http:\/\/infois.ro\/wp-content\/uploads\/2023\/07\/acutica1.jpg 640w\" sizes=\"(max-width: 390px) 100vw, 390px\" \/>Cea mai mare cl\u0103dire de birouri din Rom\u00e2nia este \u0219i un proiect cu func\u021biuni mixte, iar ie\u0219enii g\u0103sesc aici, at\u00e2t cafenele \u0219i terase unde se pot relaxa, c\u00e2t \u0219i loca\u021bii cu servicii necesare zilnic. Una dintre acestea este Acutica, atelierul de \u00eenfrumuse\u021bare dedicat femeilor \u0219i b\u0103rba\u021bilor, care s-a inaugurat de cur\u00e2nd la parterul Palas Campus. <\/em><\/strong><\/p>\n<p style=\"text-align: justify;\"><strong><em>\u00a0<\/em><\/strong><\/p>\n<p style=\"text-align: justify;\">\u00cen zona de retail de la Palas Campus inaugur\u0103rile continu\u0103, iar ie\u0219enii sunt a\u0219tepta\u021bi s\u0103 descopere mixul de la parterul cl\u0103dirii din zona Sf Andrei. De cur\u00e2nd, <strong>Acutica<\/strong>, <strong>atelier de \u00eenfrumuse\u021bare<\/strong>, a deschis cea de-<strong>a doua sa loca\u021bie din Ia\u0219i<\/strong>, \u00een Palas Campus, unde at\u00e2t domnii, c\u00e2t \u0219i doamnele beneficiaz\u0103 de servicii de coafor \u0219i frizerie. <strong>Pe 15 iulie 2023<\/strong>, Acutica va avea <strong>evenimentul oficial de inaugurare a noului atelier de \u00eenfrumuse\u021bare<\/strong>. <strong>Angaja\u021bii Palas Campus<\/strong> sunt a\u0219tepta\u021bi s\u0103 descopere <strong>ofertele personalizate<\/strong> pe care salonul le-a preg\u0103tit pentru ei, iar cei doritori de un look nou sunt invita\u021bi s\u0103 fac\u0103 cuno\u0219tin\u021b\u0103 cu echipa \u0219i vor avea parte \u0219i de surprize speciale. Conceptul salonului din Palas Campus are la baz\u0103 elemente din natur\u0103 \u0219i minimalismul industrial.<\/p>\n<p style=\"text-align: justify;\"><img loading=\"lazy\" decoding=\"async\" class=\"size-medium wp-image-72365 alignright\" src=\"http:\/\/infois.ro\/wp-content\/uploads\/2023\/07\/acutica2-390x260.jpg\" alt=\"\" width=\"390\" height=\"260\" srcset=\"http:\/\/infois.ro\/wp-content\/uploads\/2023\/07\/acutica2-390x260.jpg 390w, http:\/\/infois.ro\/wp-content\/uploads\/2023\/07\/acutica2.jpg 640w\" sizes=\"(max-width: 390px) 100vw, 390px\" \/><\/p>\n<p style=\"text-align: justify;\">Dac\u0103 \u00ee\u021bi dore\u0219ti un look nou sau \u00ee\u021bi dore\u0219ti s\u0103 cucere\u0219ti vara cu o coafur\u0103 \u00eendr\u0103znea\u021b\u0103, profesioni\u0219tii de la Acutica te a\u0219teapt\u0103 cu sfaturi personalizate, \u00een func\u021bie de ce \u00ee\u021bi dore\u0219ti \u0219i ce te prinde cel mai bine. Descoper\u0103 lucr\u0103rile realizate de speciali\u0219tii Acutica, pe <a href=\"https:\/\/acutica.ro\/\">site-ul salonului<\/a>, c\u00e2t \u0219i pe pagina de <a href=\"https:\/\/www.facebook.com\/salonacutica\">Facebook<\/a> \u0219i <a href=\"https:\/\/www.instagram.com\/acuticasalon\/\">Instagram<\/a>.<\/p>\n<p style=\"text-align: justify;\">\n<p style=\"text-align: justify;\">Acutica este un business local, \u00eenfiin\u021bat \u00een anul 2009, av\u00e2nd, la momentul respectiv, doar doi angaja\u021bi. De atunci, salonul a evoluat, iar ast\u0103zi are peste 20 de speciali\u0219ti \u00een echip\u0103, dar \u0219i <strong>Acutica Education Academy<\/strong>, unde sunt sus\u021binute cursuri de ini\u021biere \u0219i perfec\u021bionare.<\/p>\n<p style=\"text-align: justify;\"><img loading=\"lazy\" decoding=\"async\" class=\"size-medium wp-image-72366 alignleft\" src=\"http:\/\/infois.ro\/wp-content\/uploads\/2023\/07\/acutica3-390x260.jpg\" alt=\"\" width=\"390\" height=\"260\" srcset=\"http:\/\/infois.ro\/wp-content\/uploads\/2023\/07\/acutica3-390x260.jpg 390w, http:\/\/infois.ro\/wp-content\/uploads\/2023\/07\/acutica3.jpg 640w\" sizes=\"(max-width: 390px) 100vw, 390px\" \/><\/p>\n<p style=\"text-align: justify;\"><strong>Palas Campus<\/strong>, cea mai mare cl\u0103dire de birouri din Rom\u00e2nia, aflat\u0103 \u00een proximitatea ansamblului Palas, <strong>pe strada Sf Andrei<\/strong>, dispune la parter de o zon\u0103 de retail, cu servicii mixte accesibile tuturor ie\u0219enilor:<\/p>\n<p style=\"text-align: justify;\">\n<ul style=\"text-align: justify;\">\n<li>Athena \u2013 clinic\u0103 de \u00eenfrumuse\u021bare<\/li>\n<li>Dulcinella \u2013 braserie<\/li>\n<li>Emerald \u2013 centru medical<\/li>\n<li>Praxis \u2013 laborator de analize<\/li>\n<li>Stay Fit Gym &#8211; centru de fitness<\/li>\n<li>Teo`s Caf\u00e9 \u2013 cafenea<\/li>\n<li>True Fine Coffee \u2013 cafenea<\/li>\n<li>Tucano Coffee \u2013 cafenea<\/li>\n<li>XTime \u2013 centru de difuzare de pres\u0103<\/li>\n<\/ul>\n<p style=\"text-align: justify;\">\u00cen Palas Campus inaugur\u0103rile continu\u0103, \u00een cur\u00e2nd urm\u00e2nd s\u0103 se mai deschid\u0103 un supermarket, restaurante, dar \u0219i alte servicii.<\/p>\n<p><img loading=\"lazy\" decoding=\"async\" class=\"alignnone size-medium wp-image-72369\" src=\"http:\/\/infois.ro\/wp-content\/uploads\/2023\/07\/acutica6-390x260.jpg\" alt=\"\" width=\"390\" height=\"260\" srcset=\"http:\/\/infois.ro\/wp-content\/uploads\/2023\/07\/acutica6-390x260.jpg 390w, http:\/\/infois.ro\/wp-content\/uploads\/2023\/07\/acutica6.jpg 640w\" sizes=\"(max-width: 390px) 100vw, 390px\" \/><\/p>\n<p><img loading=\"lazy\" decoding=\"async\" class=\"alignnone size-medium wp-image-72368\" src=\"http:\/\/infois.ro\/wp-content\/uploads\/2023\/07\/acutica5-390x277.jpg\" alt=\"\" width=\"390\" height=\"277\" srcset=\"http:\/\/infois.ro\/wp-content\/uploads\/2023\/07\/acutica5-390x277.jpg 390w, http:\/\/infois.ro\/wp-content\/uploads\/2023\/07\/acutica5.jpg 640w\" sizes=\"(max-width: 390px) 100vw, 390px\" \/><\/p>\n<p><img loading=\"lazy\" decoding=\"async\" class=\"alignnone size-medium wp-image-72367\" src=\"http:\/\/infois.ro\/wp-content\/uploads\/2023\/07\/acutica4-390x260.jpg\" alt=\"\" width=\"390\" height=\"260\" srcset=\"http:\/\/infois.ro\/wp-content\/uploads\/2023\/07\/acutica4-390x260.jpg 390w, http:\/\/infois.ro\/wp-content\/uploads\/2023\/07\/acutica4.jpg 640w\" sizes=\"(max-width: 390px) 100vw, 390px\" \/><\/p>\n","protected":false},"excerpt":{"rendered":"<p>Cea mai mare cl\u0103dire de birouri din Rom\u00e2nia este \u0219i un proiect cu func\u021biuni mixte,&#8230; <a class=\"meta-more\" href=\"http:\/\/infois.ro\/?p=72363\">more <span class=\"meta-nav\">&raquo;<\/span><\/a><\/p>\n","protected":false},"author":2,"featured_media":72364,"comment_status":"closed","ping_status":"closed","sticky":false,"template":"","format":"standard","meta":{"footnotes":""},"categories":[6,41],"tags":[74,16778,16779,40,100],"aioseo_notices":[],"_links":{"self":[{"href":"http:\/\/infois.ro\/index.php?rest_route=\/wp\/v2\/posts\/72363"}],"collection":[{"href":"http:\/\/infois.ro\/index.php?rest_route=\/wp\/v2\/posts"}],"about":[{"href":"http:\/\/infois.ro\/index.php?rest_route=\/wp\/v2\/types\/post"}],"author":[{"embeddable":true,"href":"http:\/\/infois.ro\/index.php?rest_route=\/wp\/v2\/users\/2"}],"replies":[{"embeddable":true,"href":"http:\/\/infois.ro\/index.php?rest_route=%2Fwp%2Fv2%2Fcomments&post=72363"}],"version-history":[{"count":1,"href":"http:\/\/infois.ro\/index.php?rest_route=\/wp\/v2\/posts\/72363\/revisions"}],"predecessor-version":[{"id":72370,"href":"http:\/\/infois.ro\/index.php?rest_route=\/wp\/v2\/posts\/72363\/revisions\/72370"}],"wp:featuredmedia":[{"embeddable":true,"href":"http:\/\/infois.ro\/index.php?rest_route=\/wp\/v2\/media\/72364"}],"wp:attachment":[{"href":"http:\/\/infois.ro\/index.php?rest_route=%2Fwp%2Fv2%2Fmedia&parent=72363"}],"wp:term":[{"taxonomy":"category","embeddable":true,"href":"http:\/\/infois.ro\/index.php?rest_route=%2Fwp%2Fv2%2Fcategories&post=72363"},{"taxonomy":"post_tag","embeddable":true,"href":"http:\/\/infois.ro\/index.php?rest_route=%2Fwp%2Fv2%2Ftags&post=72363"}],"curies":[{"name":"wp","href":"https:\/\/api.w.org\/{rel}","templated":true}]}}