{"id":72893,"date":"2023-07-31T18:48:37","date_gmt":"2023-07-31T15:48:37","guid":{"rendered":"http:\/\/infois.ro\/?p=72893"},"modified":"2023-08-01T08:52:35","modified_gmt":"2023-08-01T05:52:35","slug":"restrictiile-privind-circulatia-autovehiculelor-pe-drumul-catre-aeroport-ar-putea-fi-prelungite-pana-pe-14-septembrie","status":"publish","type":"post","link":"http:\/\/infois.ro\/?p=72893","title":{"rendered":"Restric\u0163iile privind circula\u0163ia autovehiculelor pe drumul c\u0103tre Aeroport ar putea fi prelungite p\u00e2n\u0103 pe 14 septembrie"},"content":{"rendered":"<p><img loading=\"lazy\" decoding=\"async\" class=\"size-medium wp-image-69011 alignleft\" src=\"http:\/\/infois.ro\/wp-content\/uploads\/2023\/02\/romeo-vatra-si-aeroportul-390x219.jpg\" alt=\"\" width=\"390\" height=\"219\" srcset=\"http:\/\/infois.ro\/wp-content\/uploads\/2023\/02\/romeo-vatra-si-aeroportul-390x219.jpg 390w, http:\/\/infois.ro\/wp-content\/uploads\/2023\/02\/romeo-vatra-si-aeroportul-140x80.jpg 140w, http:\/\/infois.ro\/wp-content\/uploads\/2023\/02\/romeo-vatra-si-aeroportul.jpg 640w\" sizes=\"(max-width: 390px) 100vw, 390px\" \/><\/p>\n<p style=\"text-align: justify;\">Conducerea Aeroportului Ia\u015fi \u015fi reprezentan\u0163ii firmei STRABAG, c\u00e2\u015ftig\u0103toarea licita\u0163iei privind construc\u0163ia Terminalului T4, au stabilit noile termene de finalizare a lucr\u0103rilor prev\u0103zute \u00een contract.<\/p>\n<p style=\"text-align: justify;\">\n<p style=\"text-align: justify;\">Astfel, \u00een prima faz\u0103, respectiv p\u00e2n\u0103 pe 15 august, urmeaz\u0103 s\u0103 fie finalizate lucr\u0103rile din fa\u0163a terminalului T3 \u015fi pe o por\u0163iune din fa\u0163a terminalului T4. \u00cen faza a doua \u015fi a treia, vor fi extinse lucr\u0103rile \u00een dreptul terminalelor T1 \u015fi T4, care se vor \u00eencheia p\u00e2n\u0103 la jum\u0103tatea lunii septembrie. Faza a patra include o nou\u0103 etap\u0103 de lucr\u0103ri la c\u0103ile de acces din fa\u0163a terminalelor T1, T2 \u015fi T3, care se vor definitiva pe 15 octombrie. La dou\u0103 s\u0103pt\u0103m\u00e2ni dup\u0103 \u00eencheierea acestei faze urmeaz\u0103 s\u0103 fie finalizat\u0103 por\u0163iunea de parcare \u015fi reconfigurarea c\u0103ilor de acces din dreptul noului terminal T4 (faza a cincea).<\/p>\n<p style=\"text-align: justify;\"><img loading=\"lazy\" decoding=\"async\" class=\"size-medium wp-image-72894 alignright\" src=\"http:\/\/infois.ro\/wp-content\/uploads\/2023\/08\/parcare-aeroport1-390x220.jpg\" alt=\"\" width=\"390\" height=\"220\" srcset=\"http:\/\/infois.ro\/wp-content\/uploads\/2023\/08\/parcare-aeroport1-390x220.jpg 390w, http:\/\/infois.ro\/wp-content\/uploads\/2023\/08\/parcare-aeroport1-140x80.jpg 140w, http:\/\/infois.ro\/wp-content\/uploads\/2023\/08\/parcare-aeroport1.jpg 640w\" sizes=\"(max-width: 390px) 100vw, 390px\" \/><\/p>\n<p style=\"text-align: justify;\">&#8220;E un proces complex \u015fi trebuie s\u0103 \u0163inem cont c\u0103 lucr\u0103m sub cel mai mare trafic pe care l-a avut Aeroportul Interna\u0163ional Ia\u015fi. Sper\u0103m ca vremea s\u0103 nu ne dea planurile peste cap. Extinderea parc\u0103rii este parte component\u0103 a lucr\u0103rilor la noul terminal. Pentru c\u0103 num\u0103rul de locuri de parcare de care vom dispune este insuficient pentru traficul din aceast\u0103 perioad\u0103 \u015fi pentru a evita ambuteiajele, am solicitat autorit\u0103\u0163ilor prelungirea m\u0103surilor de restric\u0163ionare a accesului p\u00e2n\u0103 pe 14 septembrie, c\u00e2nd vor fi \u00eencheiate lucr\u0103rile din etapele 2 \u015fi 3 \u015fi vom dispune de un num\u0103r de locuri de parcare suficient pentru a fi redeschis\u0103. P\u00e2n\u0103 atunci, vom asigura parcare pentru echipajele de zbor. Vom demara \u00een acest an documenta\u0163iile pentru o nou\u0103 parcare de lung\u0103 durat\u0103 supraetajat\u0103 de 1.500 de locuri, cu trei etaje, dup\u0103 hangarul Aerostar, cu finan\u0163are din bugetul aeroportului, pentru c\u0103 dorim s\u0103 oferim cele mai sigure \u015fi facile solu\u0163ii de parcare. P\u00e2n\u0103 atunci, \u00een acest an ne vom bucura \u00eempreun\u0103 de extinderea parc\u0103rii la 600 locuri \u015fi de un sistem modern de management al parc\u0103rii. Consider\u0103m c\u0103 este o obliga\u0163ie s\u0103 \u00eemp\u0103rt\u0103\u015fim aceste detalii de planificare \u015fi executie, pentru c\u0103 ne respect\u0103m pasagerii \u015fi consider\u0103m c\u0103 transparen\u0163a este esen\u0163ial\u0103 atunci c\u00e2nd aceste lucr\u0103ri produc disturbarea accesului la aeroport, dar nu sunt orice fel de lucr\u0103ri, sunt cele mai ample lucr\u0103ri din istoria aeroportului Ia\u015fi \u015fi v\u0103 asigur\u0103m c\u0103 facem toate eforturile de a minimiza problemele generate de acest proces de modernizare \u015fi transformare&#8221;, a declarat Romeo Vatr\u0103, Directorul General al Aeroportului Ia\u015fi.<\/p>\n<p><img loading=\"lazy\" decoding=\"async\" class=\"alignnone size-medium wp-image-72895\" src=\"http:\/\/infois.ro\/wp-content\/uploads\/2023\/08\/parcare-aeroport-2-390x130.jpg\" alt=\"\" width=\"390\" height=\"130\" srcset=\"http:\/\/infois.ro\/wp-content\/uploads\/2023\/08\/parcare-aeroport-2-390x130.jpg 390w, http:\/\/infois.ro\/wp-content\/uploads\/2023\/08\/parcare-aeroport-2.jpg 640w\" sizes=\"(max-width: 390px) 100vw, 390px\" \/><\/p>\n<p style=\"text-align: justify;\">\n","protected":false},"excerpt":{"rendered":"<p>Conducerea Aeroportului Ia\u015fi \u015fi reprezentan\u0163ii firmei STRABAG, c\u00e2\u015ftig\u0103toarea licita\u0163iei privind construc\u0163ia Terminalului T4, au stabilit&#8230; <a class=\"meta-more\" href=\"http:\/\/infois.ro\/?p=72893\">more <span class=\"meta-nav\">&raquo;<\/span><\/a><\/p>\n","protected":false},"author":2,"featured_media":69011,"comment_status":"closed","ping_status":"closed","sticky":false,"template":"","format":"standard","meta":{"footnotes":""},"categories":[6,41],"tags":[74,1394,40,2476,5472],"aioseo_notices":[],"_links":{"self":[{"href":"http:\/\/infois.ro\/index.php?rest_route=\/wp\/v2\/posts\/72893"}],"collection":[{"href":"http:\/\/infois.ro\/index.php?rest_route=\/wp\/v2\/posts"}],"about":[{"href":"http:\/\/infois.ro\/index.php?rest_route=\/wp\/v2\/types\/post"}],"author":[{"embeddable":true,"href":"http:\/\/infois.ro\/index.php?rest_route=\/wp\/v2\/users\/2"}],"replies":[{"embeddable":true,"href":"http:\/\/infois.ro\/index.php?rest_route=%2Fwp%2Fv2%2Fcomments&post=72893"}],"version-history":[{"count":1,"href":"http:\/\/infois.ro\/index.php?rest_route=\/wp\/v2\/posts\/72893\/revisions"}],"predecessor-version":[{"id":72896,"href":"http:\/\/infois.ro\/index.php?rest_route=\/wp\/v2\/posts\/72893\/revisions\/72896"}],"wp:featuredmedia":[{"embeddable":true,"href":"http:\/\/infois.ro\/index.php?rest_route=\/wp\/v2\/media\/69011"}],"wp:attachment":[{"href":"http:\/\/infois.ro\/index.php?rest_route=%2Fwp%2Fv2%2Fmedia&parent=72893"}],"wp:term":[{"taxonomy":"category","embeddable":true,"href":"http:\/\/infois.ro\/index.php?rest_route=%2Fwp%2Fv2%2Fcategories&post=72893"},{"taxonomy":"post_tag","embeddable":true,"href":"http:\/\/infois.ro\/index.php?rest_route=%2Fwp%2Fv2%2Ftags&post=72893"}],"curies":[{"name":"wp","href":"https:\/\/api.w.org\/{rel}","templated":true}]}}