{"id":72966,"date":"2023-08-04T16:32:34","date_gmt":"2023-08-04T13:32:34","guid":{"rendered":"http:\/\/infois.ro\/?p=72966"},"modified":"2023-08-07T09:37:56","modified_gmt":"2023-08-07T06:37:56","slug":"peste-300-de-muncitori-mobilizati-pe-santierul-de-la-aeroport-pentru-finalizarea-lucrarilor-la-terminalul-t4","status":"publish","type":"post","link":"http:\/\/infois.ro\/?p=72966","title":{"rendered":"Peste 300 de muncitori, mobiliza\u0163i pe \u015fantierul de la Aeroport pentru finalizarea lucr\u0103rilor la terminalul T4"},"content":{"rendered":"<p><img loading=\"lazy\" decoding=\"async\" class=\"size-medium wp-image-72967 alignleft\" src=\"http:\/\/infois.ro\/wp-content\/uploads\/2023\/08\/muncitori-la-terminal-1-390x274.jpg\" alt=\"\" width=\"390\" height=\"274\" srcset=\"http:\/\/infois.ro\/wp-content\/uploads\/2023\/08\/muncitori-la-terminal-1-390x274.jpg 390w, http:\/\/infois.ro\/wp-content\/uploads\/2023\/08\/muncitori-la-terminal-1.jpg 640w\" sizes=\"(max-width: 390px) 100vw, 390px\" \/><\/p>\n<p style=\"text-align: justify;\">Lucr\u0103rile de construc\u0163ie a noului Terminal T4 \u015fi a parc\u0103rii aferente de la Aeroportului Ia\u015fi se desf\u0103\u015foar\u0103 conform graficului, peste 300 de muncitori fiind mobiliza\u0163i \u00een aceste zile pentru finalizarea la termenul stabilit \u00een contract a celor dou\u0103 importante investi\u0163ii.<\/p>\n<p style=\"text-align: justify;\">\n<p style=\"text-align: justify;\">Dup\u0103 cum afirm\u0103 reprezentan\u0163ii aeroportului, au fost instalate deja o parte dintre echipamentele de securitate, precum \u0219i sistemele de climatizare \u0219i au fost monta\u0163i st\u00e2lpii de sus\u021binere pentru cele trei airbridge-uri, care urmeaz\u0103 s\u0103 ajung\u0103 la Ia\u015fi \u00een luna septembrie. De asemenea, \u00een zona &#8220;Sosiri&#8221; au fost instalate benzile de transport a bagajelor, restul echipamentelor urm\u00e2nd s\u0103 fie livrate p\u00e2n\u0103 \u00een octombrie, iar la parterul cl\u0103dirii se monteaz\u0103 \u00een prezent gresia.<\/p>\n<p style=\"text-align: justify;\"><img loading=\"lazy\" decoding=\"async\" class=\"size-medium wp-image-72968 alignright\" src=\"http:\/\/infois.ro\/wp-content\/uploads\/2023\/08\/muncitori-la-terminal-2-390x293.jpg\" alt=\"\" width=\"390\" height=\"293\" srcset=\"http:\/\/infois.ro\/wp-content\/uploads\/2023\/08\/muncitori-la-terminal-2-390x293.jpg 390w, http:\/\/infois.ro\/wp-content\/uploads\/2023\/08\/muncitori-la-terminal-2.jpg 640w\" sizes=\"(max-width: 390px) 100vw, 390px\" \/><\/p>\n<p style=\"text-align: justify;\">Muncitorii monteaz\u0103 acum \u015fi fa\u021badele pe \u00eentreaga suprafa\u021b\u0103 a noului terminal, se ocup\u0103 de compartiment\u0103rile interioare \u0219i pun cadrele metalice pentru geamuri (\u00een partea dinspre platform\u0103). Urm\u0103torul pas este montarea sticlei.<\/p>\n<p style=\"text-align: justify;\">\n<p style=\"text-align: justify;\">\u00cen paralel, continu\u0103 lucr\u0103rile la parcarea din fa\u021ba terminalului T3, unde s-a turnat stratul de beton \u0219i se monteaz\u0103 bordurile. Pe o por\u021biune din parcarea ce ajunge \u00een dreptul terminalului T4 s-a aplicat un strat de asfalt, iar pe \u00eentreaga suprafa\u021b\u0103 a parc\u0103rii se lucreaz\u0103 la re\u021beaua de utilit\u0103\u021bi, canalizare \u0219i telecomunica\u021bii. Urmeaz\u0103 extinderea lucr\u0103rilor \u00een parcarea din zona terminalelor T1 \u0219i T4, dup\u0103 care vor fi reconfigurate c\u0103ile de acces \u00een fa\u021ba celor patru terminale.<\/p>\n<p style=\"text-align: justify;\"><img loading=\"lazy\" decoding=\"async\" class=\"size-medium wp-image-72969 alignleft\" src=\"http:\/\/infois.ro\/wp-content\/uploads\/2023\/08\/muncitori-la-terminal-4-390x293.jpg\" alt=\"\" width=\"390\" height=\"293\" srcset=\"http:\/\/infois.ro\/wp-content\/uploads\/2023\/08\/muncitori-la-terminal-4-390x293.jpg 390w, http:\/\/infois.ro\/wp-content\/uploads\/2023\/08\/muncitori-la-terminal-4.jpg 640w\" sizes=\"(max-width: 390px) 100vw, 390px\" \/><\/p>\n<p style=\"text-align: justify;\">&#8220;Cu noul terminal, Ia\u0219ul va deveni o poart\u0103 modern\u0103 c\u0103tre noi destina\u021bii, noi oportunit\u0103\u021bi \u0219i noi experien\u021be. Vom fi m\u00e2ndri s\u0103 \u00eei \u00eent\u00e2mpin\u0103m pe to\u021bi vizitatorii no\u0219tri \u00eentr-un spa\u021biu modern \u0219i confortabil. Aceast\u0103 investi\u021bie nu este doar despre un aeroport mai mare, ci despre visul nostru comun de a face din Ia\u0219i un jude\u021b prosper \u0219i dinamic&#8221;, a declarat pre\u015fedintele Consiliului Jude\u0163ean (CJ) Ia\u015fi, Costel Alexe.<\/p>\n<p style=\"text-align: justify;\">\n","protected":false},"excerpt":{"rendered":"<p>Lucr\u0103rile de construc\u0163ie a noului Terminal T4 \u015fi a parc\u0103rii aferente de la Aeroportului Ia\u015fi&#8230; <a class=\"meta-more\" href=\"http:\/\/infois.ro\/?p=72966\">more <span class=\"meta-nav\">&raquo;<\/span><\/a><\/p>\n","protected":false},"author":2,"featured_media":72967,"comment_status":"closed","ping_status":"closed","sticky":false,"template":"","format":"standard","meta":{"footnotes":""},"categories":[6,41],"tags":[74,1394,40,11522,16862],"aioseo_notices":[],"_links":{"self":[{"href":"http:\/\/infois.ro\/index.php?rest_route=\/wp\/v2\/posts\/72966"}],"collection":[{"href":"http:\/\/infois.ro\/index.php?rest_route=\/wp\/v2\/posts"}],"about":[{"href":"http:\/\/infois.ro\/index.php?rest_route=\/wp\/v2\/types\/post"}],"author":[{"embeddable":true,"href":"http:\/\/infois.ro\/index.php?rest_route=\/wp\/v2\/users\/2"}],"replies":[{"embeddable":true,"href":"http:\/\/infois.ro\/index.php?rest_route=%2Fwp%2Fv2%2Fcomments&post=72966"}],"version-history":[{"count":1,"href":"http:\/\/infois.ro\/index.php?rest_route=\/wp\/v2\/posts\/72966\/revisions"}],"predecessor-version":[{"id":72970,"href":"http:\/\/infois.ro\/index.php?rest_route=\/wp\/v2\/posts\/72966\/revisions\/72970"}],"wp:featuredmedia":[{"embeddable":true,"href":"http:\/\/infois.ro\/index.php?rest_route=\/wp\/v2\/media\/72967"}],"wp:attachment":[{"href":"http:\/\/infois.ro\/index.php?rest_route=%2Fwp%2Fv2%2Fmedia&parent=72966"}],"wp:term":[{"taxonomy":"category","embeddable":true,"href":"http:\/\/infois.ro\/index.php?rest_route=%2Fwp%2Fv2%2Fcategories&post=72966"},{"taxonomy":"post_tag","embeddable":true,"href":"http:\/\/infois.ro\/index.php?rest_route=%2Fwp%2Fv2%2Ftags&post=72966"}],"curies":[{"name":"wp","href":"https:\/\/api.w.org\/{rel}","templated":true}]}}