{"id":73120,"date":"2023-08-10T18:14:06","date_gmt":"2023-08-10T15:14:06","guid":{"rendered":"https:\/\/infois.ro\/?p=73120"},"modified":"2023-08-11T10:20:37","modified_gmt":"2023-08-11T07:20:37","slug":"parcare-privata-amenajata-in-apropierea-aeroportului-iasi","status":"publish","type":"post","link":"http:\/\/infois.ro\/?p=73120","title":{"rendered":"Parcare privat\u0103 amenajat\u0103 \u00een apropierea Aeroportului Ia\u015fi"},"content":{"rendered":"<p><img loading=\"lazy\" decoding=\"async\" class=\"size-medium wp-image-73121 alignleft\" src=\"http:\/\/infois.ro\/wp-content\/uploads\/2023\/08\/parcare-privata-la-aeroport-390x293.jpg\" alt=\"\" width=\"390\" height=\"293\" srcset=\"http:\/\/infois.ro\/wp-content\/uploads\/2023\/08\/parcare-privata-la-aeroport-390x293.jpg 390w, http:\/\/infois.ro\/wp-content\/uploads\/2023\/08\/parcare-privata-la-aeroport.jpg 640w\" sizes=\"(max-width: 390px) 100vw, 390px\" \/><\/p>\n<p style=\"text-align: justify;\">P\u00e2n\u0103 la finalizarea lucr\u0103rilor la noua parcare din fa\u0163a Terminalului T4, conduc\u0103torii auto care apeleaz\u0103 la serviciile Aeroportului Ia\u015fi au posibilitatea de a-\u015fi l\u0103sa ma\u015finile \u00een parcarea privat\u0103 amenajat\u0103 \u00een spatele Restaurantului Take&amp;Eat.<\/p>\n<p style=\"text-align: justify;\">\n<p style=\"text-align: justify;\">&#8220;Suntem m\u00e2ndri s\u0103 anun\u021b\u0103m c\u0103 serviciile noastre de parcare privat\u0103 din Ia\u0219i sunt preferate de cei mai \u00eenal\u021bi diploma\u021bi! Echipa noastr\u0103 dedicat\u0103 \u0219i profesionalismul nostru ne-au ajutat s\u0103 c\u00e2\u0219tig\u0103m \u00eencrederea \u0219i aprecierea celor mai \u00eenal\u021bi reprezentan\u021bi ai comunit\u0103\u021bii diplomatice. Faptul c\u0103 ace\u0219tia aleg s\u0103-\u0219i \u00eencredin\u021beze vehiculele noastre \u00eenseamn\u0103 o confirmare a standardelor \u00eenalte pe care le promov\u0103m. Fiecare automobil este preluat \u0219i p\u0103strat \u00eentr-un mediu sigur \u0219i securizat, oferind proprietarilor lini\u0219tea \u0219i confortul deplin. Indiferent dac\u0103 sunte\u021bi un diplomat sau un proprietar de vehicul obi\u0219nuit, suntem aici s\u0103 v\u0103 oferim cea mai bun\u0103 experien\u021b\u0103 de parcare privat\u0103 din Ia\u0219i&#8221;, se arat\u0103 \u00eentr-un mesaj postat pe Facebook de proprietarii parc\u0103rii.<\/p>\n<p style=\"text-align: justify;\">\n<p style=\"text-align: justify;\">Av\u00e2nd o capacitate de 300 de locuri, parcarea este \u00eemprejmuit\u0103 cu gard, fiind iluminat\u0103 pe timpul nop\u0163ii, astfel \u00eenc\u00e2t autovehiculele s\u0103 beneficieze de toate m\u0103surile de siguran\u0163\u0103. De asemenea, platforma betonat\u0103 este supravegheat\u0103 video \u0219i dispune de paz\u0103 non-stop.<\/p>\n<p style=\"text-align: justify;\">\n<p style=\"text-align: justify;\">Proprietarii ma\u015finilor \u015fi c\u0103l\u0103torii beneficiaz\u0103 totodat\u0103 de transfer non-stop cu un autobuz de 8+1 locuri, echipat cu aer condi\u021bionat, pentru transportul de la parcarea privat\u0103 la aeroport \u0219i viceversa.<\/p>\n<p style=\"text-align: justify;\">\n<p style=\"text-align: justify;\">Parcarea include o sta\u021bie de \u00eenc\u0103rcare pentru ma\u0219inile electrice, cu dou\u0103 prize de 22 kW, oferind posibilitatea \u00eenc\u0103rc\u0103rii vehiculului electric \u00een timp ce proprietarul acestuia este plecat.<\/p>\n<p style=\"text-align: justify;\">\n<p style=\"text-align: justify;\">Plata se face cash sau cu cardul, de la 19,9 lei pe zi.<\/p>\n<p style=\"text-align: justify;\">\n<p style=\"text-align: justify;\">Pentru rezerv\u0103ri, cei interesa\u0163i pot accesa site-ul <a href=\"https:\/\/parcareaeroportiasi.ro\/?fbclid=IwAR1lTuO-17Dx_k2RFjChBPv5N0r_iWZF0RUv0TYo-zu-fLfMYYusIrvoP9k\">https:\/\/parcareaeroportiasi.ro<\/a>, sau pot suna la num\u0103rul de telefon (0760) 258 998.<\/p>\n","protected":false},"excerpt":{"rendered":"<p>P\u00e2n\u0103 la finalizarea lucr\u0103rilor la noua parcare din fa\u0163a Terminalului T4, conduc\u0103torii auto care apeleaz\u0103&#8230; <a class=\"meta-more\" href=\"http:\/\/infois.ro\/?p=73120\">more <span class=\"meta-nav\">&raquo;<\/span><\/a><\/p>\n","protected":false},"author":2,"featured_media":73121,"comment_status":"closed","ping_status":"closed","sticky":false,"template":"","format":"standard","meta":{"footnotes":""},"categories":[6,41],"tags":[74,465,40,16887,16888],"aioseo_notices":[],"_links":{"self":[{"href":"http:\/\/infois.ro\/index.php?rest_route=\/wp\/v2\/posts\/73120"}],"collection":[{"href":"http:\/\/infois.ro\/index.php?rest_route=\/wp\/v2\/posts"}],"about":[{"href":"http:\/\/infois.ro\/index.php?rest_route=\/wp\/v2\/types\/post"}],"author":[{"embeddable":true,"href":"http:\/\/infois.ro\/index.php?rest_route=\/wp\/v2\/users\/2"}],"replies":[{"embeddable":true,"href":"http:\/\/infois.ro\/index.php?rest_route=%2Fwp%2Fv2%2Fcomments&post=73120"}],"version-history":[{"count":1,"href":"http:\/\/infois.ro\/index.php?rest_route=\/wp\/v2\/posts\/73120\/revisions"}],"predecessor-version":[{"id":73122,"href":"http:\/\/infois.ro\/index.php?rest_route=\/wp\/v2\/posts\/73120\/revisions\/73122"}],"wp:featuredmedia":[{"embeddable":true,"href":"http:\/\/infois.ro\/index.php?rest_route=\/wp\/v2\/media\/73121"}],"wp:attachment":[{"href":"http:\/\/infois.ro\/index.php?rest_route=%2Fwp%2Fv2%2Fmedia&parent=73120"}],"wp:term":[{"taxonomy":"category","embeddable":true,"href":"http:\/\/infois.ro\/index.php?rest_route=%2Fwp%2Fv2%2Fcategories&post=73120"},{"taxonomy":"post_tag","embeddable":true,"href":"http:\/\/infois.ro\/index.php?rest_route=%2Fwp%2Fv2%2Ftags&post=73120"}],"curies":[{"name":"wp","href":"https:\/\/api.w.org\/{rel}","templated":true}]}}