{"id":73123,"date":"2023-08-10T17:20:46","date_gmt":"2023-08-10T14:20:46","guid":{"rendered":"https:\/\/infois.ro\/?p=73123"},"modified":"2023-08-11T10:24:55","modified_gmt":"2023-08-11T07:24:55","slug":"a-fost-semnat-contractul-privind-extinderea-sistemului-de-apa-si-canalizare-in-zona-metropolitana-iasi","status":"publish","type":"post","link":"http:\/\/infois.ro\/?p=73123","title":{"rendered":"A fost semnat contractul privind extinderea sistemului de ap\u0103 \u015fi canalizare \u00een Zona Metropolitan\u0103 Ia\u015fi"},"content":{"rendered":"<p><img loading=\"lazy\" decoding=\"async\" class=\"size-medium wp-image-73124 alignleft\" src=\"http:\/\/infois.ro\/wp-content\/uploads\/2023\/08\/infrastructura-de-apa-1-390x260.jpg\" alt=\"\" width=\"390\" height=\"260\" srcset=\"http:\/\/infois.ro\/wp-content\/uploads\/2023\/08\/infrastructura-de-apa-1-390x260.jpg 390w, http:\/\/infois.ro\/wp-content\/uploads\/2023\/08\/infrastructura-de-apa-1.jpg 640w\" sizes=\"(max-width: 390px) 100vw, 390px\" \/><\/p>\n<p style=\"text-align: justify;\">\u00cen prezen\u0163a pre\u015fedintelui Consiliului Jude\u0163ean (CJ), Costel Alexe, \u015fi a directorului general al ApaVital, Mihai Doru\u015f, la Ia\u015fi au fost semnate joi, 10 august, contractele de lucr\u0103ri privind extinderea sistemului de ap\u0103 \u0219i canalizare \u00een zona metropolitan\u0103 a municipiului Ia\u0219i \u2013 zona Nord (Lot 1) &#8211; IS-CL- 01 \u015fi, respectiv, extinderea sistemului de ap\u0103 \u015fi canalizare \u00een jude\u0163ul Ia\u015fi &#8211; axa 11 &#8211; O\u0163eleni &#8211; Conducta Timi\u015fe\u015fti (IS-CL-13), ambele \u00een cadrul \u201eProiectului regional de dezvoltare a infrastructurii de ap\u0103 \u0219i ap\u0103 uzat\u0103 din jude\u0163ul Ia\u0219i, \u00een perioada 2014 -2020\u201d.<\/p>\n<p style=\"text-align: justify;\">\n<p style=\"text-align: justify;\">Lucr\u0103rile de modernizare din cadrul Lotului 1 al contractului IS-CL-01 se vor derula \u00een Ia\u015fi \u015fi vor permite reabilitarea re\u0163elei de alimentare cu ap\u0103 pe o lungime de aprox. 9,5 km, \u00eenlocuirea a peste 7 km de canalizare \u015fi extinderea acesteia cu aproape 6 km. Se vor construi \u015fapte sta\u0163ii de pompare ap\u0103 uzat\u0103, \u00eempreun\u0103 cu conductele de refulare aferente. Modernizarea infrastructurii de ap\u0103 uzat\u0103 include \u015fi localit\u0103\u0163ile Dancu \u015fi Holboca, unde se va extinde re\u0163eaua de ap\u0103 menajer\u0103 cu peste 2.6 km \u015fi se va \u00eenfiin\u0163a o sta\u0163ie de pompare ap\u0103 uzat\u0103. De asemenea, cet\u0103\u0163enii din Rediu \u015fi Breazu vor beneficia de modernizarea canaliz\u0103rii actuale, care se va extinde cu peste 15 km \u015fi va include opt sta\u0163ii de pompare ap\u0103 uzat\u0103 \u00eempreun\u0103 cu conductele de refulare necesare.<\/p>\n<p style=\"text-align: justify;\"><img loading=\"lazy\" decoding=\"async\" class=\"size-medium wp-image-73125 alignright\" src=\"http:\/\/infois.ro\/wp-content\/uploads\/2023\/08\/infrastructura-de-apa-2-390x260.jpg\" alt=\"\" width=\"390\" height=\"260\" srcset=\"http:\/\/infois.ro\/wp-content\/uploads\/2023\/08\/infrastructura-de-apa-2-390x260.jpg 390w, http:\/\/infois.ro\/wp-content\/uploads\/2023\/08\/infrastructura-de-apa-2.jpg 640w\" sizes=\"(max-width: 390px) 100vw, 390px\" \/><\/p>\n<p style=\"text-align: justify;\">Lucr\u0103rile de modernizare vor fi realizate de c\u0103tre Asocierea CONEST S.A. (Lider) \u015fi CONSTRUC\u0162II ERBA\u015eU S.A. (Asociat) \u00eempreun\u0103 cu BIFA AUTOMATIZ\u0102RI S.R.L. \u015fi GROUP CONSTRUCT BUCOVINA S.R.L., \u00een calitate de subcontractan\u0163i. Valoarea contractului este de 102.674.778,26 lei f\u0103r\u0103 TVA. Perioada de execu\u021bie a lucr\u0103rilor este de 20 de luni, la care se adaug\u0103 perioada de notificare a defectelor\/perioada de garan\u021bie, care este de 60 de luni de la semnarea procesului verbal de recep\u021bie la terminarea lucr\u0103rilor.<\/p>\n<p style=\"text-align: justify;\"><img loading=\"lazy\" decoding=\"async\" class=\"size-medium wp-image-73126 alignleft\" src=\"http:\/\/infois.ro\/wp-content\/uploads\/2023\/08\/infrastructura-de-apa-3-390x260.jpg\" alt=\"\" width=\"390\" height=\"260\" srcset=\"http:\/\/infois.ro\/wp-content\/uploads\/2023\/08\/infrastructura-de-apa-3-390x260.jpg 390w, http:\/\/infois.ro\/wp-content\/uploads\/2023\/08\/infrastructura-de-apa-3.jpg 640w\" sizes=\"(max-width: 390px) 100vw, 390px\" \/><\/p>\n<p style=\"text-align: justify;\">\u00cen cadrul celui de-al doilea contract, IS-CL-13, locuitorii din S\u0103b\u0103oani, Dolje\u015fti, O\u0163eleni \u015fi Br\u0103e\u015fti vor beneficia, la finalizarea lucr\u0103rilor, de infrastructur\u0103 modern\u0103 de alimentare cu ap\u0103 \u015fi canalizare. Conducta de aduc\u0163iune de ap\u0103 ce traverseaz\u0103 aceste localit\u0103\u0163i va avea o lungime de peste 31 km. Localitatea O\u021beleni va avea o re\u0163ea nou\u0103 de alimentare cu ap\u0103 cu o lungime de aproape 9 km, o re\u0163ea de canalizare de peste 8,6 km, o gospod\u0103rie de ap\u0103 cu sta\u021bie de pompare \u015fi opt sta\u0163ii de pompare ap\u0103 uzat\u0103 cu conductele de refulare aferente.<\/p>\n<p style=\"text-align: justify;\">\n<p style=\"text-align: justify;\">Lucr\u0103rile de construc\u0163ie din cadrul contractului IS-CL-13 vor fi realizate de c\u0103tre Asocierea CONEST S.A. (Lider) \u015fi CONSTRUC\u0162II ERBA\u015eU S.A. (Asociat) \u00eempreun\u0103 cu DAMIENA S.R.L., \u00een calitate de subcontractant. Valoarea contractului este de 172.930.141,16 lei f\u0103r\u0103 TVA. Perioada de execu\u021bie a lucr\u0103rilor este de 25 de luni, la care se adaug\u0103 o perioad\u0103 de notificare a defectelor\/perioad\u0103 de garan\u021bie de 60 de luni.<\/p>\n<p style=\"text-align: justify;\">\n<p style=\"text-align: justify;\">Proiectul regional de dezvoltare a infrastructurii de ap\u0103 \u0219i ap\u0103 uzat\u0103 din jude\u0163ul Ia\u0219i, \u00een perioada 2014 -2020\u201d are o valoare de 427.914.258 EUR (f\u0103r\u0103 TVA) \u015fi este finan\u0163at 94% din fonduri publice nerambursabile, din care 85% din Fondul de Coeziune, 13% bugetul de stat \u0219i 2% bugetul local. Cofinan\u021barea de 6% este asigurat\u0103 prin credit BERD de c\u0103tre APAVITAL S.A.<\/p>\n<p style=\"text-align: justify;\">\n<p style=\"text-align: justify;\">Proiectul este cofinan\u0163at din Fondul de Coeziune prin Programul Opera\u0163ional Infrastructur\u0103 Mare (POIM) al Uniunii Europene.<\/p>\n<p style=\"text-align: justify;\">\n","protected":false},"excerpt":{"rendered":"<p>\u00cen prezen\u0163a pre\u015fedintelui Consiliului Jude\u0163ean (CJ), Costel Alexe, \u015fi a directorului general al ApaVital, Mihai&#8230; <a class=\"meta-more\" href=\"http:\/\/infois.ro\/?p=73123\">more <span class=\"meta-nav\">&raquo;<\/span><\/a><\/p>\n","protected":false},"author":2,"featured_media":73124,"comment_status":"closed","ping_status":"closed","sticky":false,"template":"","format":"standard","meta":{"footnotes":""},"categories":[6,41],"tags":[74,4698,1420,3905,40,981],"aioseo_notices":[],"_links":{"self":[{"href":"http:\/\/infois.ro\/index.php?rest_route=\/wp\/v2\/posts\/73123"}],"collection":[{"href":"http:\/\/infois.ro\/index.php?rest_route=\/wp\/v2\/posts"}],"about":[{"href":"http:\/\/infois.ro\/index.php?rest_route=\/wp\/v2\/types\/post"}],"author":[{"embeddable":true,"href":"http:\/\/infois.ro\/index.php?rest_route=\/wp\/v2\/users\/2"}],"replies":[{"embeddable":true,"href":"http:\/\/infois.ro\/index.php?rest_route=%2Fwp%2Fv2%2Fcomments&post=73123"}],"version-history":[{"count":1,"href":"http:\/\/infois.ro\/index.php?rest_route=\/wp\/v2\/posts\/73123\/revisions"}],"predecessor-version":[{"id":73127,"href":"http:\/\/infois.ro\/index.php?rest_route=\/wp\/v2\/posts\/73123\/revisions\/73127"}],"wp:featuredmedia":[{"embeddable":true,"href":"http:\/\/infois.ro\/index.php?rest_route=\/wp\/v2\/media\/73124"}],"wp:attachment":[{"href":"http:\/\/infois.ro\/index.php?rest_route=%2Fwp%2Fv2%2Fmedia&parent=73123"}],"wp:term":[{"taxonomy":"category","embeddable":true,"href":"http:\/\/infois.ro\/index.php?rest_route=%2Fwp%2Fv2%2Fcategories&post=73123"},{"taxonomy":"post_tag","embeddable":true,"href":"http:\/\/infois.ro\/index.php?rest_route=%2Fwp%2Fv2%2Ftags&post=73123"}],"curies":[{"name":"wp","href":"https:\/\/api.w.org\/{rel}","templated":true}]}}