{"id":73227,"date":"2023-08-17T21:01:24","date_gmt":"2023-08-17T18:01:24","guid":{"rendered":"https:\/\/infois.ro\/?p=73227"},"modified":"2023-08-21T09:04:31","modified_gmt":"2023-08-21T06:04:31","slug":"ministrul-agriculturii-florin-barbu-asteptat-astazi-la-iasi","status":"publish","type":"post","link":"http:\/\/infois.ro\/?p=73227","title":{"rendered":"Ministrul Agriculturii, Florin Barbu, a\u015fteptat ast\u0103zi la Ia\u015fi"},"content":{"rendered":"<p><img loading=\"lazy\" decoding=\"async\" class=\"size-medium wp-image-73228 alignleft\" src=\"http:\/\/infois.ro\/wp-content\/uploads\/2023\/08\/barbu-vine-la-iasi-390x219.jpg\" alt=\"\" width=\"390\" height=\"219\" srcset=\"http:\/\/infois.ro\/wp-content\/uploads\/2023\/08\/barbu-vine-la-iasi-390x219.jpg 390w, http:\/\/infois.ro\/wp-content\/uploads\/2023\/08\/barbu-vine-la-iasi-140x80.jpg 140w, http:\/\/infois.ro\/wp-content\/uploads\/2023\/08\/barbu-vine-la-iasi.jpg 640w\" sizes=\"(max-width: 390px) 100vw, 390px\" \/><\/p>\n<p style=\"text-align: justify;\">Ministrul Agriculturii \u0219i Dezvolt\u0103rii Rurale, Florin Barbu, va participa vineri, 18 august, la Ia\u015fi, la deschiderea oficial\u0103 a T\u00e2rgului Produc\u0103torilor Locali \u201eBun\u0103t\u0103\u021bi de soi din Rom\u00e2nia&#8221;, eveniment organizat de Ministerul Agriculturii \u015fi dezvolt\u0103rii Rurale \u0219i Carrefour Rom\u00e2nia.<\/p>\n<p style=\"text-align: justify;\">Cu acest prilej, la ora 11.00, la ERA Shopping Park, ministrul Florin Barbu va sus\u0163ine o conferin\u0163\u0103 de pres\u0103, la care vor fi prezen\u0163i, al\u0103turi de reprezentan\u0163ii Ministerului Agriculturii \u015fi Dezvolt\u0103rii Rurale, primarul municipiului Ia\u0219i, Mihai Chirica, pre\u0219edintele Consiliului Jude\u021bean Ia\u0219i, Costel Alexe, \u015fi directorul de marketing al Carrefour Rom\u00e2nia, Narcis Horhoianu<\/p>\n<p style=\"text-align: justify;\">T\u00e2rgul Produc\u0103torilor Locali &#8220;Bun\u0103t\u0103\u0163i de soi din Rom\u00e2nia&#8221; se desf\u0103\u015foar\u0103 \u00een perioada 18-20 august \u00een incinta ERA Shopping Park Ia\u0219i, urm\u00e2nd s\u0103 g\u0103zduiasc\u0103 peste o sut\u0103 de produc\u0103tori locali selecta\u021bi \u00een mod special cu ocazia promov\u0103rii gastronomiei locale \u00een plin sezon agricol.<\/p>\n<p style=\"text-align: justify;\">Carrefour Rom\u00e2nia pune un accent puternic pe promovarea \u0219i sprijinirea produc\u0103torilor locali mici \u0219i mijlocii printr-o serie ampl\u0103 de ac\u021biuni, ca parte a campaniei de promovare a produselor agroalimentare rom\u00e2ne\u0219ti \u0219i de cre\u0219tere a accesului rom\u00e2nilor la alimente de calitate ob\u021binute pe plan local.<\/p>\n","protected":false},"excerpt":{"rendered":"<p>Ministrul Agriculturii \u0219i Dezvolt\u0103rii Rurale, Florin Barbu, va participa vineri, 18 august, la Ia\u015fi, la&#8230; <a class=\"meta-more\" href=\"http:\/\/infois.ro\/?p=73227\">more <span class=\"meta-nav\">&raquo;<\/span><\/a><\/p>\n","protected":false},"author":2,"featured_media":73228,"comment_status":"closed","ping_status":"closed","sticky":false,"template":"","format":"standard","meta":{"footnotes":""},"categories":[6,41],"tags":[74,6092,40,4834,16903],"aioseo_notices":[],"_links":{"self":[{"href":"http:\/\/infois.ro\/index.php?rest_route=\/wp\/v2\/posts\/73227"}],"collection":[{"href":"http:\/\/infois.ro\/index.php?rest_route=\/wp\/v2\/posts"}],"about":[{"href":"http:\/\/infois.ro\/index.php?rest_route=\/wp\/v2\/types\/post"}],"author":[{"embeddable":true,"href":"http:\/\/infois.ro\/index.php?rest_route=\/wp\/v2\/users\/2"}],"replies":[{"embeddable":true,"href":"http:\/\/infois.ro\/index.php?rest_route=%2Fwp%2Fv2%2Fcomments&post=73227"}],"version-history":[{"count":1,"href":"http:\/\/infois.ro\/index.php?rest_route=\/wp\/v2\/posts\/73227\/revisions"}],"predecessor-version":[{"id":73229,"href":"http:\/\/infois.ro\/index.php?rest_route=\/wp\/v2\/posts\/73227\/revisions\/73229"}],"wp:featuredmedia":[{"embeddable":true,"href":"http:\/\/infois.ro\/index.php?rest_route=\/wp\/v2\/media\/73228"}],"wp:attachment":[{"href":"http:\/\/infois.ro\/index.php?rest_route=%2Fwp%2Fv2%2Fmedia&parent=73227"}],"wp:term":[{"taxonomy":"category","embeddable":true,"href":"http:\/\/infois.ro\/index.php?rest_route=%2Fwp%2Fv2%2Fcategories&post=73227"},{"taxonomy":"post_tag","embeddable":true,"href":"http:\/\/infois.ro\/index.php?rest_route=%2Fwp%2Fv2%2Ftags&post=73227"}],"curies":[{"name":"wp","href":"https:\/\/api.w.org\/{rel}","templated":true}]}}