{"id":73269,"date":"2023-08-22T14:52:57","date_gmt":"2023-08-22T11:52:57","guid":{"rendered":"https:\/\/infois.ro\/?p=73269"},"modified":"2023-08-22T14:52:57","modified_gmt":"2023-08-22T11:52:57","slug":"aeroportul-iasi-pe-locul-doi-la-nivel-regional-in-luna-iulie-la-numarul-pasagerilor-tranzitati","status":"publish","type":"post","link":"http:\/\/infois.ro\/?p=73269","title":{"rendered":"Aeroportul Ia\u015fi, pe locul doi la nivel regional, \u00een luna iulie, la num\u0103rul pasagerilor tranzita\u0163i"},"content":{"rendered":"<p><img loading=\"lazy\" decoding=\"async\" class=\"size-medium wp-image-63744 alignleft\" src=\"http:\/\/infois.ro\/wp-content\/uploads\/2022\/07\/pasageri-aeroport-300x225.jpg\" alt=\"\" width=\"300\" height=\"225\" srcset=\"http:\/\/infois.ro\/wp-content\/uploads\/2022\/07\/pasageri-aeroport-300x225.jpg 300w, http:\/\/infois.ro\/wp-content\/uploads\/2022\/07\/pasageri-aeroport.jpg 640w\" sizes=\"(max-width: 300px) 100vw, 300px\" \/><\/p>\n<p style=\"text-align: justify;\">Aeroportul Ia\u015fi continu\u0103 se afle pe locul doi la nivel regional, dup\u0103 cel din Cluj, la num\u0103rul de c\u0103l\u0103tori tranzita\u0163i.<\/p>\n<p style=\"text-align: justify;\">\n<p style=\"text-align: justify;\">Astfel, potrivit datelor furnizate de Asocia\u0163ia Aeroporturilor din Rom\u00e2nia (AAR), \u00een luna iulie, pe Aeroportul din Ia\u015fi au fost \u00eembarca\u0163i\/debarca\u0163i \u00een total 250.251 de pasageri, aceasta fiind cea mai aglomerat\u0103 lun\u0103 a anului \u00een curs.<\/p>\n<p style=\"text-align: justify;\">\n<p style=\"text-align: justify;\">Potrivit raportului AAR, comparativ cu aceea\u0219i perioad\u0103 a anului 2019, cre\u0219terea traficului pe Aeroportul din Ia\u0219i este de peste 88%, iar fa\u021b\u0103 de cea din 2022, avansul este de aproximativ 41 de procente.<\/p>\n<p style=\"text-align: justify;\">\n<p style=\"text-align: justify;\">De la \u00eenceputul anului \u0219i p\u00e2n\u0103 la finalul lui iulie, Aeroportul din Ia\u0219i a fost tranzitat de 1.292.926 de pasageri, milionul de cal\u0103tori din acest an fiind \u00eenregistrat, pentru prima dat\u0103, \u00een doar \u0219ase luni, mai devreme cu dou\u0103 luni fa\u021b\u0103 de anul trecut.<\/p>\n<p style=\"text-align: justify;\">\n<p style=\"text-align: justify;\">\u00cen ceea ce prive\u0219te num\u0103rul de mi\u0219c\u0103ri pe Aeroportul Ia\u0219i, \u00een iulie au fost \u00eenregistrate 1.526 de ateriz\u0103ri \u0219i decol\u0103ri, cu 29% mai multe fa\u021b\u0103 de aceea\u0219i lun\u0103 a anului 2019 \u0219i cu circa 18% mai multe fa\u021b\u0103 de cea din 2022.<\/p>\n<p style=\"text-align: justify;\">\n<p style=\"text-align: justify;\">La nivel na\u021bional, cre\u0219terea traficului de pasageri pe aeroporturi, luna trecut\u0103, a fost de peste 8% fa\u021b\u0103 de perioada similar\u0103 din 2022, \u0219i de aproape 7% fa\u021b\u0103 de cea din 2019.<\/p>\n","protected":false},"excerpt":{"rendered":"<p>Aeroportul Ia\u015fi continu\u0103 se afle pe locul doi la nivel regional, dup\u0103 cel din Cluj,&#8230; <a class=\"meta-more\" href=\"http:\/\/infois.ro\/?p=73269\">more <span class=\"meta-nav\">&raquo;<\/span><\/a><\/p>\n","protected":false},"author":2,"featured_media":63744,"comment_status":"closed","ping_status":"closed","sticky":false,"template":"","format":"standard","meta":{"footnotes":""},"categories":[6,41],"tags":[74,1394,40,3877,2478],"aioseo_notices":[],"_links":{"self":[{"href":"http:\/\/infois.ro\/index.php?rest_route=\/wp\/v2\/posts\/73269"}],"collection":[{"href":"http:\/\/infois.ro\/index.php?rest_route=\/wp\/v2\/posts"}],"about":[{"href":"http:\/\/infois.ro\/index.php?rest_route=\/wp\/v2\/types\/post"}],"author":[{"embeddable":true,"href":"http:\/\/infois.ro\/index.php?rest_route=\/wp\/v2\/users\/2"}],"replies":[{"embeddable":true,"href":"http:\/\/infois.ro\/index.php?rest_route=%2Fwp%2Fv2%2Fcomments&post=73269"}],"version-history":[{"count":1,"href":"http:\/\/infois.ro\/index.php?rest_route=\/wp\/v2\/posts\/73269\/revisions"}],"predecessor-version":[{"id":73270,"href":"http:\/\/infois.ro\/index.php?rest_route=\/wp\/v2\/posts\/73269\/revisions\/73270"}],"wp:featuredmedia":[{"embeddable":true,"href":"http:\/\/infois.ro\/index.php?rest_route=\/wp\/v2\/media\/63744"}],"wp:attachment":[{"href":"http:\/\/infois.ro\/index.php?rest_route=%2Fwp%2Fv2%2Fmedia&parent=73269"}],"wp:term":[{"taxonomy":"category","embeddable":true,"href":"http:\/\/infois.ro\/index.php?rest_route=%2Fwp%2Fv2%2Fcategories&post=73269"},{"taxonomy":"post_tag","embeddable":true,"href":"http:\/\/infois.ro\/index.php?rest_route=%2Fwp%2Fv2%2Ftags&post=73269"}],"curies":[{"name":"wp","href":"https:\/\/api.w.org\/{rel}","templated":true}]}}