{"id":73575,"date":"2023-09-02T21:06:50","date_gmt":"2023-09-02T18:06:50","guid":{"rendered":"http:\/\/infois.ro\/?p=73575"},"modified":"2023-09-03T20:09:11","modified_gmt":"2023-09-03T17:09:11","slug":"targul-crescatorilor-de-animale-din-iasi-la-cea-de-a-ii-a-editie","status":"publish","type":"post","link":"http:\/\/infois.ro\/?p=73575","title":{"rendered":"&#8220;T\u00e2rgul cresc\u0103torilor de animale din Ia\u015fi&#8221;, la cea de-a II-a edi\u0163ie"},"content":{"rendered":"<p><img loading=\"lazy\" decoding=\"async\" class=\"size-medium wp-image-73576 alignleft\" src=\"http:\/\/infois.ro\/wp-content\/uploads\/2023\/09\/targ-crescatori-296x390.jpg\" alt=\"\" width=\"296\" height=\"390\" srcset=\"http:\/\/infois.ro\/wp-content\/uploads\/2023\/09\/targ-crescatori-296x390.jpg 296w, http:\/\/infois.ro\/wp-content\/uploads\/2023\/09\/targ-crescatori.jpg 640w\" sizes=\"(max-width: 296px) 100vw, 296px\" \/><\/p>\n<p style=\"text-align: justify;\">Direc\u021bia pentru Agricultur\u0103 Jude\u021bean\u0103 Ia\u0219i, \u00een colaborare cu Prim\u0103ria Ora\u0219ului Podu \u2013 Iloaiei, Colegiul Tehnic \u201eHaralamb Vasiliu\u201c Podu-Iloaiei, Facultatea de Ingineria Resurselor Animale \u0219i Alimentare din cadrul Universit\u0103\u021bii de \u015etiin\u0163ele Vie\u0163ii \u201cIon Ionescu de la Brad\u201d din Ia\u015fi \u0219i Asocia\u021bia Cresc\u0103torilor de Ovine \u0219i Caprine \u201eTradi\u021bia Moldovei\u201c anun\u0163\u0103 organizarea, \u00een perioada 8-9 septembrie, a celei de-a doua edi\u0163ii a ,,T\u00e2rgului Cresc\u0103torilor de Animale din Ia\u0219i\u201c. \u00cen cadrul evenimentului, care se va desf\u0103\u015fura la la Colegiul Tehnic \u201eHaralamb Vasiliu\u201c din Podu Iloaiei, vor avea loc prezent\u0103ri de rase de animale, degust\u0103ri de de produse locale, workshopuri de prezentare a nout\u0103\u021bilor din domeniu precum \u0219i un program artistic. Intrarea publicului este liber\u0103, anun\u0163\u0103 organizatorii \u00eentr-un comunicat.<\/p>\n","protected":false},"excerpt":{"rendered":"<p>Direc\u021bia pentru Agricultur\u0103 Jude\u021bean\u0103 Ia\u0219i, \u00een colaborare cu Prim\u0103ria Ora\u0219ului Podu \u2013 Iloaiei, Colegiul Tehnic&#8230; <a class=\"meta-more\" href=\"http:\/\/infois.ro\/?p=73575\">more <span class=\"meta-nav\">&raquo;<\/span><\/a><\/p>\n","protected":false},"author":2,"featured_media":73576,"comment_status":"closed","ping_status":"closed","sticky":false,"template":"","format":"standard","meta":{"footnotes":""},"categories":[6,41],"tags":[74,16961,40,16960],"aioseo_notices":[],"_links":{"self":[{"href":"http:\/\/infois.ro\/index.php?rest_route=\/wp\/v2\/posts\/73575"}],"collection":[{"href":"http:\/\/infois.ro\/index.php?rest_route=\/wp\/v2\/posts"}],"about":[{"href":"http:\/\/infois.ro\/index.php?rest_route=\/wp\/v2\/types\/post"}],"author":[{"embeddable":true,"href":"http:\/\/infois.ro\/index.php?rest_route=\/wp\/v2\/users\/2"}],"replies":[{"embeddable":true,"href":"http:\/\/infois.ro\/index.php?rest_route=%2Fwp%2Fv2%2Fcomments&post=73575"}],"version-history":[{"count":1,"href":"http:\/\/infois.ro\/index.php?rest_route=\/wp\/v2\/posts\/73575\/revisions"}],"predecessor-version":[{"id":73577,"href":"http:\/\/infois.ro\/index.php?rest_route=\/wp\/v2\/posts\/73575\/revisions\/73577"}],"wp:featuredmedia":[{"embeddable":true,"href":"http:\/\/infois.ro\/index.php?rest_route=\/wp\/v2\/media\/73576"}],"wp:attachment":[{"href":"http:\/\/infois.ro\/index.php?rest_route=%2Fwp%2Fv2%2Fmedia&parent=73575"}],"wp:term":[{"taxonomy":"category","embeddable":true,"href":"http:\/\/infois.ro\/index.php?rest_route=%2Fwp%2Fv2%2Fcategories&post=73575"},{"taxonomy":"post_tag","embeddable":true,"href":"http:\/\/infois.ro\/index.php?rest_route=%2Fwp%2Fv2%2Ftags&post=73575"}],"curies":[{"name":"wp","href":"https:\/\/api.w.org\/{rel}","templated":true}]}}