{"id":73590,"date":"2023-09-04T19:36:45","date_gmt":"2023-09-04T16:36:45","guid":{"rendered":"http:\/\/infois.ro\/?p=73590"},"modified":"2023-09-04T19:36:45","modified_gmt":"2023-09-04T16:36:45","slug":"au-fost-inaugurate-lucrarile-la-primul-punct-de-subtraversare-a-raului-prut-pentru-apeductul-de-la-macaresti","status":"publish","type":"post","link":"http:\/\/infois.ro\/?p=73590","title":{"rendered":"Au fost inaugurate lucr\u0103rile la primul punct de subtraversare a r\u00e2ului Prut pentru apeductul de la M\u0103c\u0103re\u0219ti"},"content":{"rendered":"<p><img loading=\"lazy\" decoding=\"async\" class=\"size-medium wp-image-73591 alignleft\" src=\"http:\/\/infois.ro\/wp-content\/uploads\/2023\/09\/apeduct-macaresti-2-390x260.jpg\" alt=\"\" width=\"390\" height=\"260\" srcset=\"http:\/\/infois.ro\/wp-content\/uploads\/2023\/09\/apeduct-macaresti-2-390x260.jpg 390w, http:\/\/infois.ro\/wp-content\/uploads\/2023\/09\/apeduct-macaresti-2.jpg 640w\" sizes=\"(max-width: 390px) 100vw, 390px\" \/><\/p>\n<p style=\"text-align: justify;\">\u00cen prezen\u0163a mini\u015ftrilor Mediului din Rom\u00e2nia \u015fi Republica Moldova, Mircea Fechet \u015fi respectiv Rodica Iordanov, luni, 4 septembrie, a avut loc inaugurarea oficial\u0103 a lucr\u0103rilor la primul punct de subtraversare a r\u00e2ului Prut cu ap\u0103 potabil\u0103 din localitatea M\u0103c\u0103re\u015fti (raionul Ungheni), invesi\u0163ie \u00een valoare de aproximativ 2,5 milioane de lei.<\/p>\n<p style=\"text-align: justify;\">\n<p style=\"text-align: justify;\">La eveniment, care s-a desf\u0103\u015furat la gr\u0103dini\u021ba Izvora\u0219, una dintre institu\u021biile beneficiare ale sistemului de alimentare cu ap\u0103 opera\u021bionalizat de ApaVital, au participat, de asemenea, Andrei Sp\u00eenu, ministrul Infrastructurii \u0219i Dezvolt\u0103rii Regionale din Republica Moldova, Costel Alexe, pre\u0219edintele Consiliului Jude\u021bean (CJ) Ia\u0219i, precum \u015fi directorii ApaVital din Rom\u00e2nia \u0219i Republica Moldova.<\/p>\n<p style=\"text-align: justify;\"><img loading=\"lazy\" decoding=\"async\" class=\"size-medium wp-image-73592 alignright\" src=\"http:\/\/infois.ro\/wp-content\/uploads\/2023\/09\/apeducat-macaresti-3-390x260.jpg\" alt=\"\" width=\"390\" height=\"260\" srcset=\"http:\/\/infois.ro\/wp-content\/uploads\/2023\/09\/apeducat-macaresti-3-390x260.jpg 390w, http:\/\/infois.ro\/wp-content\/uploads\/2023\/09\/apeducat-macaresti-3.jpg 640w\" sizes=\"(max-width: 390px) 100vw, 390px\" \/><\/p>\n<p style=\"text-align: justify;\">Aceast\u0103 prim\u0103 subtraversare se va completa cu proiectul raionului Nisporeni \u0219i al Agen\u021biei de Dezvoltare Regional\u0103 Centru din Republica Moldova pentru alimentarea cu ap\u0103 potabil\u0103 a 13 localit\u0103\u021bi din raioanele Nisporeni \u0219i Ungheni.<\/p>\n<p style=\"text-align: justify;\">\n<p style=\"text-align: justify;\">Tot \u00een aceast\u0103 etap\u0103 se vor demara proiectarea \u0219i ob\u021binerea autoriza\u021biilor pentru travers\u0103rile de la Sculeni \u0219i Tab\u0103ra, destinate aliment\u0103rii cu ap\u0103 potabil\u0103 a localita\u021bilor din raioanele F\u0103le\u0219ti, Glodeni \u0219i Ungheni.<\/p>\n<p style=\"text-align: justify;\">\n<p style=\"text-align: justify;\">\u00cen cea de a doua etap\u0103 se va trece la execu\u021bia travers\u0103rilor de la Sculeni \u0219i Tab\u0103ra \u0219i demararea proiect\u0103rii \u0219i ob\u021binerea de autoriza\u021bii pentru apeductele de la Ungheni.<\/p>\n<p style=\"text-align: justify;\">\n<p style=\"text-align: justify;\">\u00cen ultima etap\u0103 vor fi construite trei apeducte de mare capacitate pe podul rutier de la Ungheni, destinate aprovizion\u0103rii cu ap\u0103 potabil\u0103 a raionului Ungheni, precum \u0219i a raioanelor \u00eenvecinate.<\/p>\n<p style=\"text-align: justify;\"><img loading=\"lazy\" decoding=\"async\" class=\"size-medium wp-image-73593 alignleft\" src=\"http:\/\/infois.ro\/wp-content\/uploads\/2023\/09\/apeducat-macaresti-4-390x260.jpg\" alt=\"\" width=\"390\" height=\"260\" srcset=\"http:\/\/infois.ro\/wp-content\/uploads\/2023\/09\/apeducat-macaresti-4-390x260.jpg 390w, http:\/\/infois.ro\/wp-content\/uploads\/2023\/09\/apeducat-macaresti-4.jpg 640w\" sizes=\"(max-width: 390px) 100vw, 390px\" \/><\/p>\n<p style=\"text-align: justify;\">\u201ePrin acest proiect ambi\u021bios al ApaVital, concretizat prin prima subtraversare a r\u00e2ului Prut pentru apeductul M\u0103c\u0103re\u0219ti, dar care va fi urmat \u0219i de conectarea a \u00eenc\u0103 trei raioane, Nisporeni, F\u0103le\u0219ti \u0219i Glodeni, demonstr\u0103m c\u0103 \u00een colaborarea dintre Rom\u00e2nia \u0219i Republica Moldova am reu\u0219it s\u0103 dep\u0103\u0219im evenimentele simbolice, iar ast\u0103zi vedem ac\u021biuni concrete, proiecte care au un impact real \u00een vie\u021bile oamenilor. Putem vorbi despre un pod al apei, care ne une\u0219te din nou, aduc\u00e2nd mai mult\u0103 siguran\u021b\u0103 \u00een casele cet\u0103\u021benilor. Proiectul acesta nu este doar despre conducte \u0219i rezervoare, ci \u00een primul r\u00e2nd despre oameni. Este despre oamenii din Ia\u0219i \u0219i Republica Moldova, care \u00eemp\u0103rt\u0103\u0219esc o istorie \u0219i o cultur\u0103 comun\u0103 \u0219i care acum \u00ee\u0219i dau m\u00e2na pentru a construi un viitor mai bun \u00eempreun\u0103\u201d, a declarat pre\u0219edintele CJ Ia\u0219i, Costel Alexe.<\/p>\n<p style=\"text-align: justify;\">\n<p style=\"text-align: justify;\">La r\u00e2ndul s\u0103u, ministrul Mediului, Apelor \u0219i P\u0103durilor, Mircea Fechet, a subliniat simbolistica special\u0103 a aceestei inaugur\u0103ri.<\/p>\n<p style=\"text-align: justify;\">\n<p style=\"text-align: justify;\">\u00a0,,C\u00e2nd am fost invitat la acest eveniment v\u0103 m\u0103rturisesc c\u0103 m-am bucurat foarte mult, nu numai c\u0103 voi participa la o inaugurare de investi\u021bii, dar mai ales pentru simbolistica special\u0103 pe care o are un astfel de\u00a0 eveniment. Este un foarte bun exemplu de colaborare \u00eentre cele dou\u0103 state, \u00een care nu doar declar\u0103m c\u0103 suntem fra\u021bi, dar sper ca,\u00a0 foarte repede, s\u0103 putem s\u0103 bem aceea\u0219i ap\u0103. Putem profita de aceast\u0103 bun\u0103 colaborare \u0219i fiecare dintre cele dou\u0103 state s\u0103 ia exemplele de bun\u0103 practic\u0103 \u0219i s\u0103 \u00een\u021belegem ce putem \u00eenv\u0103\u021ba unul de la cel\u0103lalt. \u00cen materia managementului apei vreau s\u0103 v\u0103 spun c\u0103 \u0219i Rom\u00e2nia \u00eenc\u0103 mai are mult de \u00eenv\u0103\u021bat. Gestionarea apei este foarte important\u0103, \u00een contextul schimb\u0103rilor climatice, pe care noi le resim\u021bim din plin \u00een Rom\u00e2nia \u0219i sunt convins c\u0103 se resimt la fel de puternic \u0219i \u00een Republica Moldova. Schimb\u0103rile climatice, ca \u0219i poluarea nu se opresc la grani\u021ba niciunui stat. Modul \u00een care vom gestiona apa, modul \u00een care gestion\u0103m corpurile de ap\u0103 de suprafa\u021b\u0103 sau subterane \u0219i modul \u00een care vom gestiona apele uzate vor impacta, probabil, 20 de ani de acum \u00eencolo sau mai mult\u201d, a afrmat Mircea Fechet.<\/p>\n<p style=\"text-align: justify;\">\n<p style=\"text-align: justify;\">\u201eEste un moment \u00een care nu mai vorbim doar despre poduri de flori, ci \u0219i despre poduri de ap\u0103. \u00cen aceast\u0103 gr\u0103dini\u021b\u0103 sunt 70 de copii care ast\u0103zi beau ap\u0103 rom\u00e2neasc\u0103 de calitate, iar asta este cel mai important. Tot ast\u0103zi avem 350 de gospod\u0103rii care deja consum\u0103 apa de la ApaVital, iar obiectivul este s\u0103 ajungem la 200.000 de cet\u0103\u021beni din cele patru sau cinci raioane. De acum \u00eencolo nu va mai exista nicio barier\u0103 pentru a extinde sistemul de ap\u0103 \u00een raioanele beneficiare\u201d, a precizat, la r\u00e2ndul s\u0103u, Andrei Sp\u00eenu, ministrul Infrastructurii \u0219i Dezvolt\u0103rii Regionale din Republica Moldova.<\/p>\n","protected":false},"excerpt":{"rendered":"<p>\u00cen prezen\u0163a mini\u015ftrilor Mediului din Rom\u00e2nia \u015fi Republica Moldova, Mircea Fechet \u015fi respectiv Rodica Iordanov,&#8230; <a class=\"meta-more\" href=\"http:\/\/infois.ro\/?p=73590\">more <span class=\"meta-nav\">&raquo;<\/span><\/a><\/p>\n","protected":false},"author":2,"featured_media":73591,"comment_status":"closed","ping_status":"closed","sticky":false,"template":"","format":"standard","meta":{"footnotes":""},"categories":[6,41],"tags":[74,4698,16962,40,16964,16963],"aioseo_notices":[],"_links":{"self":[{"href":"http:\/\/infois.ro\/index.php?rest_route=\/wp\/v2\/posts\/73590"}],"collection":[{"href":"http:\/\/infois.ro\/index.php?rest_route=\/wp\/v2\/posts"}],"about":[{"href":"http:\/\/infois.ro\/index.php?rest_route=\/wp\/v2\/types\/post"}],"author":[{"embeddable":true,"href":"http:\/\/infois.ro\/index.php?rest_route=\/wp\/v2\/users\/2"}],"replies":[{"embeddable":true,"href":"http:\/\/infois.ro\/index.php?rest_route=%2Fwp%2Fv2%2Fcomments&post=73590"}],"version-history":[{"count":1,"href":"http:\/\/infois.ro\/index.php?rest_route=\/wp\/v2\/posts\/73590\/revisions"}],"predecessor-version":[{"id":73594,"href":"http:\/\/infois.ro\/index.php?rest_route=\/wp\/v2\/posts\/73590\/revisions\/73594"}],"wp:featuredmedia":[{"embeddable":true,"href":"http:\/\/infois.ro\/index.php?rest_route=\/wp\/v2\/media\/73591"}],"wp:attachment":[{"href":"http:\/\/infois.ro\/index.php?rest_route=%2Fwp%2Fv2%2Fmedia&parent=73590"}],"wp:term":[{"taxonomy":"category","embeddable":true,"href":"http:\/\/infois.ro\/index.php?rest_route=%2Fwp%2Fv2%2Fcategories&post=73590"},{"taxonomy":"post_tag","embeddable":true,"href":"http:\/\/infois.ro\/index.php?rest_route=%2Fwp%2Fv2%2Ftags&post=73590"}],"curies":[{"name":"wp","href":"https:\/\/api.w.org\/{rel}","templated":true}]}}