{"id":74527,"date":"2023-10-12T09:21:28","date_gmt":"2023-10-12T06:21:28","guid":{"rendered":"http:\/\/infois.ro\/?p=74527"},"modified":"2023-10-13T06:44:48","modified_gmt":"2023-10-13T03:44:48","slug":"restaurantul-local-by-krud-propune-o-noua-experienta-culinara-bazata-pe-ingrediente-de-la-producatori-locali-in-noua-locatie-din-palas-campus","status":"publish","type":"post","link":"http:\/\/infois.ro\/?p=74527","title":{"rendered":"Restaurantul Local by krud propune o nou\u0103 experien\u021b\u0103 culinar\u0103 bazat\u0103 pe ingrediente de la produc\u0103tori locali, \u00een noua loca\u021bie din Palas Campus"},"content":{"rendered":"<p><img loading=\"lazy\" decoding=\"async\" class=\"size-medium wp-image-74528 alignleft\" src=\"http:\/\/infois.ro\/wp-content\/uploads\/2023\/10\/03-390x260.jpg\" alt=\"\" width=\"390\" height=\"260\" srcset=\"http:\/\/infois.ro\/wp-content\/uploads\/2023\/10\/03-390x260.jpg 390w, http:\/\/infois.ro\/wp-content\/uploads\/2023\/10\/03.jpg 640w\" sizes=\"(max-width: 390px) 100vw, 390px\" \/><\/p>\n<p class=\"yiv0632439032MsoNormal\" style=\"text-align: justify;\"><b><i>Un restaurant ce propune o nou\u0103 experien\u021b\u0103 culinar\u0103, care are la baz\u0103 cuno\u0219tin\u021bele a trei antreprenori ie\u0219eni, s-a inaugurat \u00een Palas Campus. Local by krud folose\u0219te \u00een re\u021betele sale doar ingrediente naturale de la produc\u0103tori locali. Vino s\u0103 descoperi gustul autentic Local by krud din Palas Campus!<\/i><\/b><\/p>\n<p class=\"yiv0632439032MsoNormal\" style=\"text-align: justify;\"><b><i>\u00a0<\/i><\/b><\/p>\n<p class=\"yiv0632439032MsoNormal\" style=\"text-align: justify;\">Zona de food \u015fi servicii de la parterul Palas Campus, de pe Sf. Andrei, are acum un nou restaurant. Local by krud este un concept de fast-casual dining, unde se folosesc ingrediente proaspete \u0219i carne neprocesat\u0103, iar totul este preg\u0103tit de la zero, \u00een func\u021bie de preferin\u021bele clientului. Sustenabilitatea \u0219i sus\u021binerea afacerilor autohtone sunt valorile Local by krud, astfel c\u0103, \u00een loca\u021bie,\u00a0<b>fructele \u015fi legumele sunt proaspete \u0219i aduse de la produc\u0103tori locali<\/b>, iar\u00a0<b>carnea angus provine de la ferme exclusiv rom\u00e2ne\u0219ti<\/b>.<\/p>\n<p class=\"yiv0632439032MsoNormal\" style=\"text-align: justify;\"><img loading=\"lazy\" decoding=\"async\" class=\"size-medium wp-image-74529 alignright\" src=\"http:\/\/infois.ro\/wp-content\/uploads\/2023\/10\/01-390x260.jpg\" alt=\"\" width=\"390\" height=\"260\" srcset=\"http:\/\/infois.ro\/wp-content\/uploads\/2023\/10\/01-390x260.jpg 390w, http:\/\/infois.ro\/wp-content\/uploads\/2023\/10\/01.jpg 640w\" sizes=\"(max-width: 390px) 100vw, 390px\" \/><\/p>\n<p class=\"yiv0632439032MsoNormal\" style=\"text-align: justify;\">\u201e<b><i>Aceast\u0103 ini\u021biativ\u0103 este o derivare a filosofiei noastre din cadrul krud, un spa\u021biu care a reconfirmat abordarea noastr\u0103 fa\u021b\u0103 de m\u00e2ncare ca experien\u021b\u0103 complet\u0103. La Local by krud, ne concentr\u0103m pe prepararea m\u00e2nc\u0103rurilor cu valoare nutritiv\u0103 ridicat\u0103 \u0219i promov\u0103m o abordare responsabil\u0103 fa\u021b\u0103 de consumul \u0219i risipa alimentar\u0103.<\/i><\/b>\u00a0<b><i>Friendly \u015fi open minded, avem valori comune \u0219i suntem orienta\u021bi spre solu\u021bii eficiente<\/i><\/b>\u201d, au declarat reprezentan\u021bii departamentului de PR al Local by krud.<\/p>\n<p class=\"yiv0632439032MsoNormal\" style=\"text-align: justify;\"><img loading=\"lazy\" decoding=\"async\" class=\"size-medium wp-image-74530 alignleft\" src=\"http:\/\/infois.ro\/wp-content\/uploads\/2023\/10\/04-390x260.jpg\" alt=\"\" width=\"390\" height=\"260\" srcset=\"http:\/\/infois.ro\/wp-content\/uploads\/2023\/10\/04-390x260.jpg 390w, http:\/\/infois.ro\/wp-content\/uploads\/2023\/10\/04.jpg 640w\" sizes=\"(max-width: 390px) 100vw, 390px\" \/><\/p>\n<p class=\"yiv0632439032MsoNormal\" style=\"text-align: justify;\">\u00cen meniul Local by krud clien\u021bii vor g\u0103si specialit\u0103\u021bi interna\u021bionale, cum ar fi<b>: burgeri<\/b>,\u00a0<b>ciorbe<\/b>,\u00a0<b>crispy<\/b>,\u00a0<b>\u0219ni\u021bele<\/b>, dar \u0219i\u00a0<b>meniuri delicioase<\/b>\u00a0\u0219i alte preparate. \u00centr-un ambient pl\u0103cut, cu un design simplu \u0219i func\u021bional, loca\u021bia din Palas Campus este deschis\u0103 \u00een fiecare zi,\u00a0<b>\u00een intervalul orar 09.00 \u2013 22.00<\/b>. Te po\u021bi bucura de preparatele Local by krud, at\u00e2t \u00een interior, c\u00e2t \u0219i pe terasa exterioar\u0103 a restaurantului.<\/p>\n<p><img loading=\"lazy\" decoding=\"async\" class=\"alignnone size-medium wp-image-74532\" src=\"http:\/\/infois.ro\/wp-content\/uploads\/2023\/10\/05-260x390.jpg\" alt=\"\" width=\"260\" height=\"390\" srcset=\"http:\/\/infois.ro\/wp-content\/uploads\/2023\/10\/05-260x390.jpg 260w, http:\/\/infois.ro\/wp-content\/uploads\/2023\/10\/05.jpg 640w\" sizes=\"(max-width: 260px) 100vw, 260px\" \/><\/p>\n<p><img loading=\"lazy\" decoding=\"async\" class=\"alignnone size-medium wp-image-74531\" src=\"http:\/\/infois.ro\/wp-content\/uploads\/2023\/10\/02-390x260.jpg\" alt=\"\" width=\"390\" height=\"260\" srcset=\"http:\/\/infois.ro\/wp-content\/uploads\/2023\/10\/02-390x260.jpg 390w, http:\/\/infois.ro\/wp-content\/uploads\/2023\/10\/02.jpg 640w\" sizes=\"(max-width: 390px) 100vw, 390px\" \/><\/p>\n","protected":false},"excerpt":{"rendered":"<p>Un restaurant ce propune o nou\u0103 experien\u021b\u0103 culinar\u0103, care are la baz\u0103 cuno\u0219tin\u021bele a trei&#8230; <a class=\"meta-more\" href=\"http:\/\/infois.ro\/?p=74527\">more <span class=\"meta-nav\">&raquo;<\/span><\/a><\/p>\n","protected":false},"author":2,"featured_media":74528,"comment_status":"closed","ping_status":"closed","sticky":false,"template":"","format":"standard","meta":{"footnotes":""},"categories":[6,41],"tags":[74,40,17111,17110,13512],"aioseo_notices":[],"_links":{"self":[{"href":"http:\/\/infois.ro\/index.php?rest_route=\/wp\/v2\/posts\/74527"}],"collection":[{"href":"http:\/\/infois.ro\/index.php?rest_route=\/wp\/v2\/posts"}],"about":[{"href":"http:\/\/infois.ro\/index.php?rest_route=\/wp\/v2\/types\/post"}],"author":[{"embeddable":true,"href":"http:\/\/infois.ro\/index.php?rest_route=\/wp\/v2\/users\/2"}],"replies":[{"embeddable":true,"href":"http:\/\/infois.ro\/index.php?rest_route=%2Fwp%2Fv2%2Fcomments&post=74527"}],"version-history":[{"count":1,"href":"http:\/\/infois.ro\/index.php?rest_route=\/wp\/v2\/posts\/74527\/revisions"}],"predecessor-version":[{"id":74533,"href":"http:\/\/infois.ro\/index.php?rest_route=\/wp\/v2\/posts\/74527\/revisions\/74533"}],"wp:featuredmedia":[{"embeddable":true,"href":"http:\/\/infois.ro\/index.php?rest_route=\/wp\/v2\/media\/74528"}],"wp:attachment":[{"href":"http:\/\/infois.ro\/index.php?rest_route=%2Fwp%2Fv2%2Fmedia&parent=74527"}],"wp:term":[{"taxonomy":"category","embeddable":true,"href":"http:\/\/infois.ro\/index.php?rest_route=%2Fwp%2Fv2%2Fcategories&post=74527"},{"taxonomy":"post_tag","embeddable":true,"href":"http:\/\/infois.ro\/index.php?rest_route=%2Fwp%2Fv2%2Ftags&post=74527"}],"curies":[{"name":"wp","href":"https:\/\/api.w.org\/{rel}","templated":true}]}}