{"id":74545,"date":"2023-10-12T18:56:22","date_gmt":"2023-10-12T15:56:22","guid":{"rendered":"https:\/\/infois.ro\/?p=74545"},"modified":"2023-10-13T06:58:48","modified_gmt":"2023-10-13T03:58:48","slug":"targul-de-cariere-revine-la-palas-in-weekend-peste-2-000-de-oportunitati-de-angajare-pentru-specialisti-sau-tinerele-talente","status":"publish","type":"post","link":"http:\/\/infois.ro\/?p=74545","title":{"rendered":"T\u00e2rgul de Cariere revine la Palas, \u00een weekend. Peste 2.000 de oportunit\u0103\u021bi de angajare pentru speciali\u0219ti sau tinerele talente"},"content":{"rendered":"<p><img loading=\"lazy\" decoding=\"async\" class=\"size-medium wp-image-74546 alignleft\" src=\"http:\/\/infois.ro\/wp-content\/uploads\/2023\/10\/cariere1-390x390.jpg\" alt=\"\" width=\"390\" height=\"390\" srcset=\"http:\/\/infois.ro\/wp-content\/uploads\/2023\/10\/cariere1-390x390.jpg 390w, http:\/\/infois.ro\/wp-content\/uploads\/2023\/10\/cariere1-80x80.jpg 80w, http:\/\/infois.ro\/wp-content\/uploads\/2023\/10\/cariere1-100x100.jpg 100w, http:\/\/infois.ro\/wp-content\/uploads\/2023\/10\/cariere1-144x144.jpg 144w, http:\/\/infois.ro\/wp-content\/uploads\/2023\/10\/cariere1.jpg 640w\" sizes=\"(max-width: 390px) 100vw, 390px\" \/><\/p>\n<p class=\"yiv5542740409MsoNormal\" style=\"text-align: justify;\"><b><i>O nou\u0103 edi\u021bie T\u00e2rgul de Cariere va avea loc \u00een acest final de s\u0103pt\u0103m\u00e2n\u0103, la Palas, unde sunt a\u0219tepta\u021bi peste 7.000 de candida\u021bi. Cel mai mare eveniment de recrutare \u0219i employer branding din regiune reune\u0219te angajatori din domenii variate,\u00a0 printre ace\u015ftia \u015fi compania IULIUS, care vine cu oportunit\u0103\u021bi pentru speciali\u0219ti, dar \u0219i pentru tinerele talente aflate la \u00eenceput de drum.<\/i><\/b><b><i><\/i><\/b><\/p>\n<p class=\"yiv5542740409MsoNormal\" style=\"text-align: justify;\"><b><i>\u00a0<\/i><\/b><\/p>\n<p class=\"yiv5542740409MsoNormal\" style=\"text-align: justify;\"><b>Atriumul Palas<\/b>\u00a0g\u0103zduie\u0219te\u00a0<b>vineri \u0219i s\u00e2mb\u0103t\u0103<\/b>,\u00a0<b>13 \u2013 14 octombrie 2023<\/b>,\u00a0<b>T\u00e2rgul de Cariere<\/b>, unde\u00a0<b>40 de companii<\/b>\u00a0\u00ee\u0219i vor prezenta oferta de munc\u0103 celor peste 7.000 de candida\u021bi a\u0219tepta\u021bi s\u0103 vin\u0103 la eveniment. Ofertele de job sunt variate, \u00een domenii precum:\u00a0<b>inginerie<\/b>,\u00a0<b>produc\u021bie<\/b>,\u00a0<b>automotive<\/b>,\u00a0<b>retail &amp; FMCG<\/b>,\u00a0<b>logistic\u0103 &amp; transport<\/b>,\u00a0<b>IT<\/b>,\u00a0<b>comer\u021b<\/b>,\u00a0<b>marketing<\/b>,\u00a0<b>comunicare<\/b>,\u00a0<b>servicii &amp; BPO<\/b>,<b>\u00a0resurse umane<\/b>,<b>\u00a0cercetare<\/b>,<b>\u00a0financiar<\/b>,<b>\u00a0construc\u021bii\u00a0<\/b>&amp;<b>\u00a0imobiliare.<\/b><\/p>\n<p class=\"yiv5542740409MsoNormal\" style=\"text-align: justify;\">\n<p class=\"yiv5542740409MsoNormal\" style=\"text-align: justify;\"><b>Compania IULIUS<\/b>, dezvoltator \u0219i operator specializat \u00een ample proiecte mixed-use de regenerare urban\u0103 din Rom\u00e2nia,\u00a0<b>propune mai multe oportunit\u0103\u021bi de angajare<\/b>.\u00a0<b>Economist<\/b>,\u00a0<b>marketer<\/b>,\u00a0<b>media sales<\/b>,\u00a0<b>specialist recrutare<\/b>,\u00a0<b>digital project coordinator<\/b>,\u00a0<b>analist financiar<\/b>,\u00a0<b>operational retail leasing specialist<\/b>,\u00a0<b>manager trainee<\/b>,\u00a0<b>electrician<\/b>,\u00a0<b>instalator<\/b>,\u00a0<b>agent securitate<\/b>\u00a0sunt o parte din job-urile la care po\u021bi aplica.<\/p>\n<p class=\"yiv5542740409MsoNormal\" style=\"text-align: justify;\">\n<p class=\"yiv5542740409MsoNormal\" style=\"text-align: justify;\">La T\u00e2rgul de Cariere candida\u021bii au\u00a0<b>o ofert\u0103 de peste 2.000 de locuri de munc\u0103<\/b>, iar printre roluri se reg\u0103sesc \u0219i\u00a0<b>speciali\u0219ti \u00een rela\u021bii \u0219i suport clien\u021bi<\/b>,\u00a0<b>consultan\u021bi financiari<\/b>,\u00a0<b>ingineri<\/b>,\u00a0<b>programatori<\/b>,\u00a0<b>mecanici<\/b>,\u00a0<b>operatori back office<\/b>,\u00a0<b>team leaderi<\/b>,\u00a0<b>agen\u021bi de v\u00e2nz\u0103ri<\/b>,\u00a0<b>testeri<\/b>,\u00a0<b>operatori de produc\u021bie<\/b>,\u00a0<b>lucr\u0103tori comerciali<\/b>,\u00a0<b>studen\u021bi pentru diverse internshipuri<\/b>.<\/p>\n<p class=\"yiv5542740409MsoNormal\" style=\"text-align: justify;\">\n<p class=\"yiv5542740409MsoNormal\" style=\"text-align: justify;\"><b>T\u00e2rgul de Cariere nu vine la Ia\u0219i doar cu joburi, ci \u0219i cu premii<\/b>. Pentru a le c\u00e2\u0219tiga, participan\u021bii trebuie s\u0103 descarce aplica\u021bia BestJobs, s\u0103 \u00ee\u0219i preg\u0103teasc\u0103 CV-ul, s\u0103 vin\u0103 la eveniment \u0219i s\u0103 extrag\u0103 lozurile norocoase care constau \u00een produse marca Logitech G \u0219i multe alte premii surpriz\u0103.<\/p>\n<p class=\"yiv5542740409MsoNormal\" style=\"text-align: justify;\"><img loading=\"lazy\" decoding=\"async\" class=\"size-medium wp-image-74547 alignright\" src=\"http:\/\/infois.ro\/wp-content\/uploads\/2023\/10\/cariere2-390x260.jpg\" alt=\"\" width=\"390\" height=\"260\" srcset=\"http:\/\/infois.ro\/wp-content\/uploads\/2023\/10\/cariere2-390x260.jpg 390w, http:\/\/infois.ro\/wp-content\/uploads\/2023\/10\/cariere2.jpg 640w\" sizes=\"(max-width: 390px) 100vw, 390px\" \/><\/p>\n<p class=\"yiv5542740409MsoNormal\" style=\"text-align: justify;\">De-a lungul timpului, T\u00e2rgul de Cariere a oferit participan\u021bilor oportunitatea de a ob\u021bine jobul mult visat, de a primi sfaturi utile \u00een carier\u0103 de la profesioni\u0219ti din diverse domenii, de a g\u0103si un loc de munc\u0103 potrivit sau de a se reinventa. Pe l\u00e2ng\u0103 faptul c\u0103 ai posibilitatea s\u0103 interac\u021bionezi direct cu angajatorii momentului, s\u0103 te remarci \u00een fa\u021ba lor \u0219i s\u0103 le \u00eemp\u0103rt\u0103\u0219e\u0219ti ideile tale, prime\u0219ti instant r\u0103spunsurile pe care le cau\u021bi, aplici pe loc la joburile de interes sau afli mai multe despre procesul de recrutare, cultura organiza\u021bional\u0103 \u0219i valorile companiilor prezente.<\/p>\n<p class=\"yiv5542740409MsoNormal\" style=\"text-align: justify;\">\n<p class=\"yiv5542740409MsoNormal\" style=\"text-align: justify;\">Chiar dac\u0103 primul pas spre angajare e fa\u021b\u0103 \u00een fa\u021b\u0103, po\u021bi aplica \u0219i online la joburile existente, cu ajutorul unui cont creat \u00eenainte, \u00een timpul, dar \u0219i dup\u0103 eveniment, pe platforma targuldecariere.ro\/iasi.<\/p>\n","protected":false},"excerpt":{"rendered":"<p>O nou\u0103 edi\u021bie T\u00e2rgul de Cariere va avea loc \u00een acest final de s\u0103pt\u0103m\u00e2n\u0103, la&#8230; <a class=\"meta-more\" href=\"http:\/\/infois.ro\/?p=74545\">more <span class=\"meta-nav\">&raquo;<\/span><\/a><\/p>\n","protected":false},"author":2,"featured_media":74546,"comment_status":"closed","ping_status":"closed","sticky":false,"template":"","format":"standard","meta":{"footnotes":""},"categories":[6,41],"tags":[74,40,541,100,3455],"aioseo_notices":[],"_links":{"self":[{"href":"http:\/\/infois.ro\/index.php?rest_route=\/wp\/v2\/posts\/74545"}],"collection":[{"href":"http:\/\/infois.ro\/index.php?rest_route=\/wp\/v2\/posts"}],"about":[{"href":"http:\/\/infois.ro\/index.php?rest_route=\/wp\/v2\/types\/post"}],"author":[{"embeddable":true,"href":"http:\/\/infois.ro\/index.php?rest_route=\/wp\/v2\/users\/2"}],"replies":[{"embeddable":true,"href":"http:\/\/infois.ro\/index.php?rest_route=%2Fwp%2Fv2%2Fcomments&post=74545"}],"version-history":[{"count":1,"href":"http:\/\/infois.ro\/index.php?rest_route=\/wp\/v2\/posts\/74545\/revisions"}],"predecessor-version":[{"id":74548,"href":"http:\/\/infois.ro\/index.php?rest_route=\/wp\/v2\/posts\/74545\/revisions\/74548"}],"wp:featuredmedia":[{"embeddable":true,"href":"http:\/\/infois.ro\/index.php?rest_route=\/wp\/v2\/media\/74546"}],"wp:attachment":[{"href":"http:\/\/infois.ro\/index.php?rest_route=%2Fwp%2Fv2%2Fmedia&parent=74545"}],"wp:term":[{"taxonomy":"category","embeddable":true,"href":"http:\/\/infois.ro\/index.php?rest_route=%2Fwp%2Fv2%2Fcategories&post=74545"},{"taxonomy":"post_tag","embeddable":true,"href":"http:\/\/infois.ro\/index.php?rest_route=%2Fwp%2Fv2%2Ftags&post=74545"}],"curies":[{"name":"wp","href":"https:\/\/api.w.org\/{rel}","templated":true}]}}