{"id":74680,"date":"2023-10-19T12:44:43","date_gmt":"2023-10-19T09:44:43","guid":{"rendered":"http:\/\/infois.ro\/?p=74680"},"modified":"2023-10-20T12:46:45","modified_gmt":"2023-10-20T09:46:45","slug":"iasul-gazda-celei-de-a-patra-conferinte-privind-cresterea-eficientei-energetice-in-romania","status":"publish","type":"post","link":"http:\/\/infois.ro\/?p=74680","title":{"rendered":"Ia\u015ful, gazda celei de-a patra conferin\u0163e privind cre\u015fterea eficien\u0163ei energetice \u00een Rom\u00e2nia"},"content":{"rendered":"<p style=\"text-align: justify;\"><img loading=\"lazy\" decoding=\"async\" class=\"size-medium wp-image-74681 alignleft\" src=\"http:\/\/infois.ro\/wp-content\/uploads\/2023\/10\/eficienta-patru-390x206.jpg\" alt=\"\" width=\"390\" height=\"206\" srcset=\"http:\/\/infois.ro\/wp-content\/uploads\/2023\/10\/eficienta-patru-390x206.jpg 390w, http:\/\/infois.ro\/wp-content\/uploads\/2023\/10\/eficienta-patru.jpg 640w\" sizes=\"(max-width: 390px) 100vw, 390px\" \/><\/p>\n<p style=\"text-align: justify;\">\u00cen perioada 19-20 octombrie, Ia\u0219ul g\u0103zduie\u0219te cea de-a patra conferin\u021b\u0103 din campania \u201eEficien\u021b\u0103 energetic\u0103 pentru tranzi\u021bie energetic\u0103\u201d, eveniment organizat de Energynomics \u00eempreun\u0103 cu Fondul Rom\u00e2n pentru Eficien\u021ba Energiei \u2013 FREE \u0219i Direc\u021bia pentru Eficien\u021b\u0103 Energetic\u0103 din cadrul Ministerului Energiei, \u00een cadrul unui proiect finan\u021bat prin Granturile Norvegiene 2014-2021,<\/p>\n<p style=\"text-align: justify;\">\n<p style=\"text-align: justify;\">Evenimentul de la Ia\u015fi \u00ee\u0219i propune s\u0103 mediatizeze temele relevante pentru digitalizarea \u0219i cre\u0219terea eficien\u021bei energetice \u00een Rom\u00e2nia, aduc\u00e2nd \u00eempreun\u0103 reprezentan\u021bi ai autorit\u0103\u021bilor locale cu exper\u021bii \u0219i companiile preg\u0103tite s\u0103 contribuie la dezvoltarea ora\u0219elor viitorului.<\/p>\n<p style=\"text-align: justify;\">\n<p style=\"text-align: justify;\">\u00cen secolul trecut se considera c\u0103 o \u021bar\u0103 este mai dezvoltat\u0103 cu c\u00e2t consuma mai mult\u0103 energie. Deloc \u00eent\u00e2mpl\u0103tor am asistat, vreme de multe decenii, la o epoc\u0103 a risipei. At\u00e2t economia capitalist\u0103, c\u00e2t \u0219i cea planificat\u0103, socialist\u0103, consumau resurse uria\u0219e de energie \u00een procesul de produc\u021bie.<\/p>\n<p style=\"text-align: justify;\">\n<p style=\"text-align: justify;\">&#8220;Faptul c\u0103, \u00een cele din urm\u0103, economia de pia\u021b\u0103 a \u00eenvins economia centralizat\u0103 a demonstrat c\u0103 ultima era totu\u0219i mai risipitoare, dar \u0219i \u00een deplin dispre\u021b fa\u021b\u0103 de mediul \u00eenconjur\u0103tor. S\u0103 ne uit\u0103m cum a disp\u0103rut frumoasa Mare Aral din fosta URSS, cu tot cu comunit\u0103\u021bile din jurul ei, pentru a vedea unde duc politicile care nu \u021bin cont de ecologie. Nu am nicio \u00eendoial\u0103 c\u0103 \u00een viitorul apropiat m\u0103sura unei \u021b\u0103ri dezvoltate va fi dat\u0103 de c\u00e2t de eficient va folosi energia \u00een economie \u0219i societate. \u0218i va fi vorba de o energie curat\u0103, prietenoas\u0103 cu mediul. Viitorul trebuie s\u0103 fie verde! Dac\u0103 vrem s\u0103 dep\u0103\u0219im provoc\u0103rile prezentului, at\u00e2t de multe, at\u00e2t de diverse, at\u00e2t de periculoase, vom avea economie verde, adic\u0103 firme verzi, localit\u0103\u021bi verzi, cl\u0103diri verzi, oameni responsabili etc. Ia\u0219ul vrea s\u0103 fie un exemplu \u00een aceast\u0103 privin\u021b\u0103, \u00eendrept\u00e2ndu-se cu pa\u0219i hot\u0103r\u00e2\u021bi spre energie verde, transport verde, comunitate verde, \u00eemprejurimi verzi! Ia\u0219ul trebuie s\u0103 devin\u0103 un ora\u0219 sustenabil \u0219i va deveni!&#8221;, se arat\u0103 \u00een mesajul adresat participan\u0163ilor la conferin\u0163\u0103 de c\u0103tre primarul municipiului Ia\u015fi, Mihai Chirica.<\/p>\n","protected":false},"excerpt":{"rendered":"<p>\u00cen perioada 19-20 octombrie, Ia\u0219ul g\u0103zduie\u0219te cea de-a patra conferin\u021b\u0103 din campania \u201eEficien\u021b\u0103 energetic\u0103 pentru&#8230; <a class=\"meta-more\" href=\"http:\/\/infois.ro\/?p=74680\">more <span class=\"meta-nav\">&raquo;<\/span><\/a><\/p>\n","protected":false},"author":2,"featured_media":74681,"comment_status":"closed","ping_status":"closed","sticky":false,"template":"","format":"standard","meta":{"footnotes":""},"categories":[6,41],"tags":[74,227,8812,3378,40,13407],"aioseo_notices":[],"_links":{"self":[{"href":"http:\/\/infois.ro\/index.php?rest_route=\/wp\/v2\/posts\/74680"}],"collection":[{"href":"http:\/\/infois.ro\/index.php?rest_route=\/wp\/v2\/posts"}],"about":[{"href":"http:\/\/infois.ro\/index.php?rest_route=\/wp\/v2\/types\/post"}],"author":[{"embeddable":true,"href":"http:\/\/infois.ro\/index.php?rest_route=\/wp\/v2\/users\/2"}],"replies":[{"embeddable":true,"href":"http:\/\/infois.ro\/index.php?rest_route=%2Fwp%2Fv2%2Fcomments&post=74680"}],"version-history":[{"count":1,"href":"http:\/\/infois.ro\/index.php?rest_route=\/wp\/v2\/posts\/74680\/revisions"}],"predecessor-version":[{"id":74682,"href":"http:\/\/infois.ro\/index.php?rest_route=\/wp\/v2\/posts\/74680\/revisions\/74682"}],"wp:featuredmedia":[{"embeddable":true,"href":"http:\/\/infois.ro\/index.php?rest_route=\/wp\/v2\/media\/74681"}],"wp:attachment":[{"href":"http:\/\/infois.ro\/index.php?rest_route=%2Fwp%2Fv2%2Fmedia&parent=74680"}],"wp:term":[{"taxonomy":"category","embeddable":true,"href":"http:\/\/infois.ro\/index.php?rest_route=%2Fwp%2Fv2%2Fcategories&post=74680"},{"taxonomy":"post_tag","embeddable":true,"href":"http:\/\/infois.ro\/index.php?rest_route=%2Fwp%2Fv2%2Ftags&post=74680"}],"curies":[{"name":"wp","href":"https:\/\/api.w.org\/{rel}","templated":true}]}}