{"id":74792,"date":"2023-10-26T19:01:04","date_gmt":"2023-10-26T16:01:04","guid":{"rendered":"http:\/\/infois.ro\/?p=74792"},"modified":"2023-10-27T08:13:22","modified_gmt":"2023-10-27T05:13:22","slug":"peek-cloppenburg-deschide-magazinul-cu-numarul-10-la-iasi-in-ansamblul-mixt-palas","status":"publish","type":"post","link":"http:\/\/infois.ro\/?p=74792","title":{"rendered":"Peek &#038; Cloppenburg deschide magazinul cu num\u0103rul 10, la Ia\u0219i, \u00een ansamblul mixt Palas"},"content":{"rendered":"<p style=\"text-align: justify;\"><strong><em><img loading=\"lazy\" decoding=\"async\" class=\"size-medium wp-image-74793 alignleft\" src=\"http:\/\/infois.ro\/wp-content\/uploads\/2023\/10\/PC-Opening-Iasi-1-390x260.jpg\" alt=\"\" width=\"390\" height=\"260\" srcset=\"http:\/\/infois.ro\/wp-content\/uploads\/2023\/10\/PC-Opening-Iasi-1-390x260.jpg 390w, http:\/\/infois.ro\/wp-content\/uploads\/2023\/10\/PC-Opening-Iasi-1.jpg 640w\" sizes=\"(max-width: 390px) 100vw, 390px\" \/>Ansamblul urbanistic mixed-use Palas Ia\u0219i \u00ee\u015fi p\u0103streaz\u0103 pozi\u021bia de centru dominant de shopping \u0219i lifestyle \u00een zona de nord-est a \u0163\u0103rii, prin diversificarea portofoliului de branduri premium. Joi, 26 octombrie 2023, renumitul retailer multi-brand Peek &amp; Cloppenburg a deschis un flagship store, intr\u00e2nd, astfel, pentru prima dat\u0103 \u00een aceast\u0103 regiune. Joop!, Polo Ralph Lauren, Marc Cain, Tommy Jeans, dar \u015fi branduri exclusive P&amp;C precum Jake*s, Review, McNeal \u015fi Christian Berg sunt disponibile \u00een noul magazin.<\/em><\/strong> <strong><em>Timp de patru zile, clien\u0163ii beneficiaz<\/em><\/strong><strong><em>\u0103<\/em><\/strong><strong><em> de discount-uri exclusive de 20% la cump<\/em><\/strong><strong><em>\u0103<\/em><\/strong><strong><em>r<\/em><\/strong><strong><em>\u0103<\/em><\/strong><strong><em>turile efectuate, la <\/em><\/strong><strong><em>\u020b<\/em><\/strong><strong><em>ntreaga gam<\/em><\/strong><strong><em>\u0103<\/em><\/strong><strong><em> de produse.<\/em><\/strong><\/p>\n<p style=\"text-align: justify;\">\n<p style=\"text-align: justify;\">\u00cen ultimele 12 luni, ansamblul urbanistic mixt Palas Ia\u0219i a trecut printr-un amplu demers de reorganizare a func\u0163iunii de retail, astfel \u00eenc\u00e2t branduri dorite la nivel regional s\u0103 fie integrate \u00een proiect. Unul dintre ace\u015ftia este retailerul multi-brand Peek &amp; Cloppenburg, care a deschis pe 26 octombrie 2023 loca\u0163ia cu num\u0103rul 10 din Rom\u00e2nia. Magazinul are o suprafa\u0163\u0103 de 3.400 mp \u015fi este dispus pe dou\u0103 niveluri, mezaninul pentru femei \u015fi etajul dedicat b\u0103rba\u0163ilor.<\/p>\n<p style=\"text-align: justify;\"><img loading=\"lazy\" decoding=\"async\" class=\"size-medium wp-image-74794 alignright\" src=\"http:\/\/infois.ro\/wp-content\/uploads\/2023\/10\/PC-Opening-Iasi-2-390x260.jpg\" alt=\"\" width=\"390\" height=\"260\" srcset=\"http:\/\/infois.ro\/wp-content\/uploads\/2023\/10\/PC-Opening-Iasi-2-390x260.jpg 390w, http:\/\/infois.ro\/wp-content\/uploads\/2023\/10\/PC-Opening-Iasi-2.jpg 640w\" sizes=\"(max-width: 390px) 100vw, 390px\" \/><\/p>\n<p style=\"text-align: justify;\"><strong>\u201eAcest parteneriat<\/strong> <strong>demonstreaz\u0103, \u00eenc\u0103 o dat\u0103, c\u0103 proiectele IULIUS r\u0103spund solicit\u0103rilor publicului, prin adaptabilitate \u0219i creativitate. Pentru a facilita amenajarea magazinului \u00een Palas Mall, echipa de management a avut provocarea de a crea o suprafa\u021b\u0103 suplimentar\u0103 de retail prin relocarea unui etaj tehnic. Peek &amp; Cloppenburg este un brand pe care regiunea \u00eel a\u0219tepta de mult\u0103 vreme \u015fi suntem convin\u015fi c\u0103 publicul cu o apeten\u021b\u0103 pentru produsele high-end va fi \u00eenc\u00e2ntat de aceast\u0103 nou\u0103 loca\u021bie premium<\/strong>\u201d, a declarat Oana Diaconescu, Head of Leasing IULIUS.<\/p>\n<p style=\"text-align: justify;\">\n<p style=\"text-align: justify;\">\u00cen prezent, P&amp;C este prezent \u020bn 16 \u0163\u0103ri: Germania, Austria, Elve\u0163ia, Olanda, Polonia, Croa\u0163ia, Cehia, Ungaria, Letonia, Lituania, Rom\u00e2nia, Slovenia, Slovacia, Bulgaria, Serbia \u015fi, din 2022, \u015fi \u00een Belgia.<\/p>\n<p style=\"text-align: justify;\"><img loading=\"lazy\" decoding=\"async\" class=\"size-medium wp-image-74795 alignleft\" src=\"http:\/\/infois.ro\/wp-content\/uploads\/2023\/10\/PC-Opening-Iasi-3-390x260.jpg\" alt=\"\" width=\"390\" height=\"260\" srcset=\"http:\/\/infois.ro\/wp-content\/uploads\/2023\/10\/PC-Opening-Iasi-3-390x260.jpg 390w, http:\/\/infois.ro\/wp-content\/uploads\/2023\/10\/PC-Opening-Iasi-3.jpg 640w\" sizes=\"(max-width: 390px) 100vw, 390px\" \/><\/p>\n<p style=\"text-align: justify;\">Alina \u0218erban Regional Sales Manager Peek &amp; Cloppenburg:<strong> \u201eSuntem ferici\u0163i de investi\u0163ia <\/strong><strong>\u020b<\/strong><strong>n primul magazin din Ia<\/strong><strong>\u015f<\/strong><strong>i pe care l-am inaugurat ast<\/strong><strong>\u0103<\/strong><strong>zi <\/strong><strong>\u020b<\/strong><strong>n ansamblul mixt Palas. Chiar <\/strong><strong>\u015f<\/strong><strong>i dup<\/strong><strong>\u0103<\/strong><strong> at<\/strong><strong>\u00e2\u0163<\/strong><strong>ia ani de P&amp;C <\/strong><strong>\u020b<\/strong><strong>n Rom<\/strong><strong>\u00e2<\/strong><strong>nia investim constant <\/strong><strong>\u00ee<\/strong><strong>n dezvoltarea magazinelor <\/strong><strong>\u0219<\/strong><strong>i serviciilor pe care le oferim. Suntem mul<\/strong><strong>\u0163<\/strong><strong>umi<\/strong><strong>\u0163<\/strong><strong>i de parcursul P&amp;C <\/strong><strong>\u020b<\/strong><strong>n Rom<\/strong><strong>\u00e2<\/strong><strong>nia <\/strong><strong>\u015f<\/strong><strong>i bucuro<\/strong><strong>\u015f<\/strong><strong>i s<\/strong><strong>\u0103<\/strong><strong> le aducem clien<\/strong><strong>\u0163<\/strong><strong>ilor no<\/strong><strong>\u015f<\/strong><strong>tri portofoliul cu deja binecunoscutele branduri <\/strong><strong>\u020b<\/strong><strong>n cadrul celui de-al 10-lea magazin din <\/strong><strong>\u0163<\/strong><strong>ar<\/strong><strong>\u0103<\/strong><strong>, aici <\/strong><strong>\u020b<\/strong><strong>n Ia<\/strong><strong>\u015f<\/strong><strong>i. Ne dorim ca <\/strong><strong>\u020b<\/strong><strong>n Ia<\/strong><strong>\u015f<\/strong><strong>i, destina<\/strong><strong>\u0163<\/strong><strong>ia final<\/strong><strong>\u0103<\/strong><strong> a anului 2023 din planul nostru de expansiune, s\u0103 fim cel pu\u0163in la fel de bine primi\u0163i a\u015fa cum am fost <\/strong><strong>\u020b<\/strong><strong>n Timi<\/strong><strong>\u015f<\/strong><strong>oara, Cluj sau Constan<\/strong><strong>\u0163<\/strong><strong>a. <\/strong><strong>\u00ce<\/strong><strong>n romanticul Ia<\/strong><strong>\u015f<\/strong><strong>i, ora\u015ful celor 7 coline, cu important<\/strong><strong>\u0103<\/strong><strong> semnifica<\/strong><strong>\u0163<\/strong><strong>ie <\/strong><strong>\u020b<\/strong><strong>n istoria <\/strong><strong>\u015f<\/strong><strong>i mo<\/strong><strong>\u015f<\/strong><strong>tenirea noastr<\/strong><strong>\u0103<\/strong><strong> cultural<\/strong><strong>\u0103<\/strong><strong>, sper<\/strong><strong>\u0103<\/strong><strong>m s<\/strong><strong>\u0103<\/strong><strong> devenim o surs<\/strong><strong>\u0103<\/strong><strong> de inspira<\/strong><strong>\u0163<\/strong><strong>ie cu ultimul concept de magazin <\/strong><strong>\u015f<\/strong><strong>i s<\/strong><strong>\u0103<\/strong><strong> aducem cele mai noi trenduri <\/strong><strong>\u020b<\/strong><strong>n mod<\/strong><strong>\u0103<\/strong><strong>. <\/strong><strong>\u00ce<\/strong><strong>n acela<\/strong><strong>\u015f<\/strong><strong>i timp, Ia<\/strong><strong>\u015f<\/strong><strong>i este un centru universitar renumit care atrage mul<\/strong><strong>\u0163<\/strong><strong>i tineri din toate col<\/strong><strong>\u0163<\/strong><strong>urile t<\/strong><strong>\u0103<\/strong><strong>rii <\/strong><strong>\u015f<\/strong><strong>i chiar <\/strong><strong>\u015f<\/strong><strong>i de peste hotare, iar acest concept li se potrive<\/strong><strong>\u015f<\/strong><strong>te foarte bine av<\/strong><strong>\u00e2<\/strong><strong>nd <\/strong><strong>\u020b<\/strong><strong>n portofoliul nostru un departament dedicat lor, boutique cu branduri precum Guess, Tommy Jeans, CK Jeans, G-Star \u015fi Review. Acest magazin se adreseaz\u0103 nu doar ie\u015fenilor, ci tuturor locuitorilor din regiune, iar poate astfel identific\u0103m \u015fi alte oportunit\u0103\u0163i <\/strong><strong>\u020b<\/strong><strong>n zon<\/strong><strong>\u0103<\/strong><strong>. Nu este o coinciden\u0163\u0103 deschiderea magazinului cu num\u0103rul 10 <\/strong><strong>\u020b<\/strong><strong>n Ia<\/strong><strong>\u015f<\/strong><strong>i, 10 <\/strong><strong>\u020b<\/strong><strong>nsemn<\/strong><strong>\u00e2<\/strong><strong>nd performan<\/strong><strong>\u0163<\/strong><strong>a, excelen<\/strong><strong>\u0163<\/strong><strong>a, iar acest lucru ne motiveaz<\/strong><strong>\u0103<\/strong><strong> s<\/strong><strong>\u0103<\/strong><strong> devenim din ce <\/strong><strong>\u020b<\/strong><strong>n ce mai buni pentru clien<\/strong><strong>\u0163<\/strong><strong>ii no<\/strong><strong>\u015f<\/strong><strong>tri.\u201d<\/strong><\/p>\n<p style=\"text-align: justify;\"><img loading=\"lazy\" decoding=\"async\" class=\"size-medium wp-image-74796 alignright\" src=\"http:\/\/infois.ro\/wp-content\/uploads\/2023\/10\/PC-Opening-Iasi_c-Kristof-Puller-1-390x260.jpg\" alt=\"\" width=\"390\" height=\"260\" srcset=\"http:\/\/infois.ro\/wp-content\/uploads\/2023\/10\/PC-Opening-Iasi_c-Kristof-Puller-1-390x260.jpg 390w, http:\/\/infois.ro\/wp-content\/uploads\/2023\/10\/PC-Opening-Iasi_c-Kristof-Puller-1.jpg 640w\" sizes=\"(max-width: 390px) 100vw, 390px\" \/><\/p>\n<p style=\"text-align: justify;\">P&amp;C ofer\u0103 peste 100 de branduri sub acela\u015fi acoperi\u015f, astfel clientii \u020b\u015fi pot g\u0103si \u0163inuta potrivit\u0103 stilului personal pentru orice ocazie. Acest lucru este posibil printr-o coordonare atent\u0103 a gamei de produse ce include at\u00e2t branduri exclusive, c\u00e2t \u015fi renumitele branduri interna\u0163ionale.<\/p>\n<p style=\"text-align: justify;\">\n<p style=\"text-align: justify;\">Noul magazin are un design mai pl\u0103cut \u0219i facil \u00een identificarea pieselor preferate, unul dintre punctele principale de atrac\u0163ie fiind segmentul de sport-fashion adresat tinerilor, un trend \u020bn cre\u015ftere cu piese ce pot fi integrate \u020bn \u0163inutele zilnice, iar noul magazin r\u0103spunde cu eficien\u0163\u0103 cerin\u0163ei acestui segment. P&amp;C continu\u0103 dezvoltarea re\u0163elei sale de magazine pe pie\u0163ele deja existente, urm\u0103rind \u020bn acela\u015fi timp \u015fi noi pie\u0163e \u020bn Europa de Est.<\/p>\n<p style=\"text-align: justify;\"><strong>\u00a0<\/strong><\/p>\n<p style=\"text-align: justify;\">Al 10-lea magazin P&amp;C inten\u0163ioneaz\u0103 s\u0103 le ofere clien\u0163ilor o stare de bine, un spa\u021biu ideal pentru a g\u0103si inspira\u021bia alegerii unei \u021binute care s\u0103 \u00eei reprezinte, ace\u0219tia av\u00e2nd la dispozi\u021bie o varietate de colec\u021bii premium de la branduri de top &#8211; Hugo, Boss, Tommy Hilfiger, Joop!,\u00a0 Polo Ralph Lauren, Marc Cain, CK Jeans, Tommy Jeans, dar \u015fi branduri exclusive P&amp;C, precum Jake*s, Review, McNeal \u015fi Christian Berg.<\/p>\n<p style=\"text-align: justify;\"><img loading=\"lazy\" decoding=\"async\" class=\"size-medium wp-image-74797 alignleft\" src=\"http:\/\/infois.ro\/wp-content\/uploads\/2023\/10\/PC-Opening-Iasi_c-Kristof-Puller-2-390x260.jpg\" alt=\"\" width=\"390\" height=\"260\" srcset=\"http:\/\/infois.ro\/wp-content\/uploads\/2023\/10\/PC-Opening-Iasi_c-Kristof-Puller-2-390x260.jpg 390w, http:\/\/infois.ro\/wp-content\/uploads\/2023\/10\/PC-Opening-Iasi_c-Kristof-Puller-2.jpg 640w\" sizes=\"(max-width: 390px) 100vw, 390px\" \/><\/p>\n<p style=\"text-align: justify;\">\u00cen weekend-ul inaugural, clien\u021bii sunt invita\u021bi s\u0103 se bucure de muzic\u0103 live, surprize dulci, activit\u0103\u0163i interactive \u015fi vor fi r\u0103sf\u0103\u021ba\u021bi \u00een lounge-ul de beauty special amenajat. \u00cen plus, at\u00e2t membrii activi \u020bn cadrul programului de loialitate, c\u00e2t si cei care se vor \u020bnscrie beneficiaz\u0103 de discount-uri exclusive de 20% la cump\u0103r\u0103turile efectuate pe durata celor 4 zile, la \u020bntreaga gam\u0103 de produse.<\/p>\n<p style=\"text-align: justify;\">\n<p style=\"text-align: justify;\">\u00cen re\u021beaua IULIUS, P&amp;C mai este prezent cu un flagship store \u0219i \u00een ansamblul mixt Iulius Town Timi\u0219oara.<\/p>\n<p style=\"text-align: justify;\">\n<p style=\"text-align: justify;\"><strong>Despre Grupul Peek &amp; Cloppenburg<\/strong><\/p>\n<p style=\"text-align: justify;\">\n<p style=\"text-align: justify;\">Grupul Peek &amp; Cloppenburg Group cu sediile in D\u00fcsseldorf \u0219i Viena est recunoscut ca fiind unul dintre cei mai mari retaileri multibrand de \u00eembr\u0103c\u0103minte, reprezentat prin 160 de magazine in Europa, dar accesibil \u0219i prin intermediul a 5 magazine online.<\/p>\n<p style=\"text-align: justify;\"><img loading=\"lazy\" decoding=\"async\" class=\"size-medium wp-image-74798 alignright\" src=\"http:\/\/infois.ro\/wp-content\/uploads\/2023\/10\/PC-Opening-Iasi_c-Kristof-Puller-3-390x260.jpg\" alt=\"\" width=\"390\" height=\"260\" srcset=\"http:\/\/infois.ro\/wp-content\/uploads\/2023\/10\/PC-Opening-Iasi_c-Kristof-Puller-3-390x260.jpg 390w, http:\/\/infois.ro\/wp-content\/uploads\/2023\/10\/PC-Opening-Iasi_c-Kristof-Puller-3.jpg 640w\" sizes=\"(max-width: 390px) 100vw, 390px\" \/><\/p>\n<p style=\"text-align: justify;\">Datorit\u0103 selec\u021biei atente a trend-urilor celor mai de top branduri pe segmentul de \u00eembr\u0103c\u0103minte de lux, dar \u0219i ale brandurilor creative dedicate tinerilor, P&amp;C este magazinul multibrand ce le ofer\u0103 clien\u021bilor s\u0103i experien\u021be individuale la cump\u0103r\u0103turi.<\/p>\n<p style=\"text-align: justify;\">\n<p style=\"text-align: justify;\">Ast\u0103zi, grupul are aproximativ 16,000 angaja\u021bi \u00een 16 \u021b\u0103ri. \u00cen completare la P&amp;C, grupul de companii de\u021bine \u0219i magazinul dedicat exclusiv b\u0103rba\u021bilor, ANSON&#8217;S, precum \u0219i Magasin du Nord.<\/p>\n<p style=\"text-align: justify;\"><strong>\u00a0<\/strong><\/p>\n<p style=\"text-align: justify;\"><strong>Despre Palas Ia\u0219i<\/strong><\/p>\n<p style=\"text-align: justify;\"><strong>\u00a0<\/strong><\/p>\n<p style=\"text-align: justify;\">Inaugurat \u00een mai 2012, Palas Ia\u015fi reprezint\u0103 cea mai mare investi\u0163ie imobiliar\u0103 din regiunea de nord-est a \u021b\u0103rii, \u00een valoare de peste 310 milioane de euro. Situat \u00een centrul Ia\u015fului, Palas este primul proiect de tip mixed-use din Rom\u00e2nia \u015fi include: peste 270 de magazine, \u015fapte cl\u0103diri de birouri clasa A (70.000 mp), un centru de evenimente cu patru s\u0103li premium, un hotel de 4*, restaurante \u0219i cafenele tematice, parc de 50.000 mp, carusel, patinoar sezonier \u0219i alte facilit\u0103\u021bi de timp liber, precum \u0219i cea mai mare parcare subteran\u0103 din Rom\u00e2nia, cu peste 2.500 de locuri. Prin mixul inedit \u0219i complex de shopping \u0219i entertainment, Palas atrage anual peste 19 milioane de vizitatori, inclusiv din Republica Moldova.<\/p>\n<p style=\"text-align: justify;\"><img loading=\"lazy\" decoding=\"async\" class=\"size-medium wp-image-74799 alignleft\" src=\"http:\/\/infois.ro\/wp-content\/uploads\/2023\/10\/PC-Opening-Iasi_c-Kristof-Puller-4-390x260.jpg\" alt=\"\" width=\"390\" height=\"260\" srcset=\"http:\/\/infois.ro\/wp-content\/uploads\/2023\/10\/PC-Opening-Iasi_c-Kristof-Puller-4-390x260.jpg 390w, http:\/\/infois.ro\/wp-content\/uploads\/2023\/10\/PC-Opening-Iasi_c-Kristof-Puller-4.jpg 640w\" sizes=\"(max-width: 390px) 100vw, 390px\" \/><\/p>\n<p style=\"text-align: justify;\">Compania IULIUS este dezvoltator \u0219i operator specializat \u00een ample proiecte mixed-use de regenerare urban\u0103 din Rom\u00e2nia, cu o experien\u021b\u0103 de peste 25 de ani \u00een real estate \u0219i cu o prezen\u021b\u0103 \u00een patru mari ora\u0219e din \u021bar\u0103 \u2013 Ia\u0219i, Timi\u0219oara, Cluj-Napoca \u0219i Suceava. Valorea investi\u0163iilor realizate dep\u0103\u015fe\u015fte 1,2 miliarde de euro. Portofoliul este compus din dou\u0103 proiecte mixte (Palas Ia\u015fi \u015fi Iulius Town Timi\u015foara), re\u0163eaua na\u0163ional\u0103 Iulius Mall (Ia\u015fi, Cluj-Napoca, Suceava), dou\u0103 proiecte de proximitate Family Market (Ia\u015fi) \u0219i 15 cl\u0103diri office \u00een Ia\u0219i, Timi\u0219oara \u0219i Cluj-Napoca. Portofoliul include peste 310.000 mp de spa\u0163ii de retail, proiectele fiind lidere de pia\u021b\u0103 la nivel regional, cu peste 70 de milioane de vizite anual.<\/p>\n<p><img loading=\"lazy\" decoding=\"async\" class=\"alignnone size-medium wp-image-74802\" src=\"http:\/\/infois.ro\/wp-content\/uploads\/2023\/10\/PC-Opening-Iasi_c-Kristof-Puller-7-390x260.jpg\" alt=\"\" width=\"390\" height=\"260\" srcset=\"http:\/\/infois.ro\/wp-content\/uploads\/2023\/10\/PC-Opening-Iasi_c-Kristof-Puller-7-390x260.jpg 390w, http:\/\/infois.ro\/wp-content\/uploads\/2023\/10\/PC-Opening-Iasi_c-Kristof-Puller-7.jpg 640w\" sizes=\"(max-width: 390px) 100vw, 390px\" \/><\/p>\n<p><img loading=\"lazy\" decoding=\"async\" class=\"alignnone size-medium wp-image-74801\" src=\"http:\/\/infois.ro\/wp-content\/uploads\/2023\/10\/PC-Opening-Iasi_c-Kristof-Puller-6-390x260.jpg\" alt=\"\" width=\"390\" height=\"260\" srcset=\"http:\/\/infois.ro\/wp-content\/uploads\/2023\/10\/PC-Opening-Iasi_c-Kristof-Puller-6-390x260.jpg 390w, http:\/\/infois.ro\/wp-content\/uploads\/2023\/10\/PC-Opening-Iasi_c-Kristof-Puller-6.jpg 640w\" sizes=\"(max-width: 390px) 100vw, 390px\" \/><\/p>\n<p><img loading=\"lazy\" decoding=\"async\" class=\"alignnone size-medium wp-image-74800\" src=\"http:\/\/infois.ro\/wp-content\/uploads\/2023\/10\/PC-Opening-Iasi_c-Kristof-Puller-5-390x260.jpg\" alt=\"\" width=\"390\" height=\"260\" srcset=\"http:\/\/infois.ro\/wp-content\/uploads\/2023\/10\/PC-Opening-Iasi_c-Kristof-Puller-5-390x260.jpg 390w, http:\/\/infois.ro\/wp-content\/uploads\/2023\/10\/PC-Opening-Iasi_c-Kristof-Puller-5.jpg 640w\" sizes=\"(max-width: 390px) 100vw, 390px\" \/><\/p>\n<p style=\"text-align: justify;\"><strong>\u00a0<\/strong><\/p>\n","protected":false},"excerpt":{"rendered":"<p>Ansamblul urbanistic mixed-use Palas Ia\u0219i \u00ee\u015fi p\u0103streaz\u0103 pozi\u021bia de centru dominant de shopping \u0219i lifestyle&#8230; <a class=\"meta-more\" href=\"http:\/\/infois.ro\/?p=74792\">more <span class=\"meta-nav\">&raquo;<\/span><\/a><\/p>\n","protected":false},"author":2,"featured_media":74793,"comment_status":"closed","ping_status":"closed","sticky":false,"template":"","format":"standard","meta":{"footnotes":""},"categories":[6,41],"tags":[74,40,17144,100,17037,4891],"aioseo_notices":[],"_links":{"self":[{"href":"http:\/\/infois.ro\/index.php?rest_route=\/wp\/v2\/posts\/74792"}],"collection":[{"href":"http:\/\/infois.ro\/index.php?rest_route=\/wp\/v2\/posts"}],"about":[{"href":"http:\/\/infois.ro\/index.php?rest_route=\/wp\/v2\/types\/post"}],"author":[{"embeddable":true,"href":"http:\/\/infois.ro\/index.php?rest_route=\/wp\/v2\/users\/2"}],"replies":[{"embeddable":true,"href":"http:\/\/infois.ro\/index.php?rest_route=%2Fwp%2Fv2%2Fcomments&post=74792"}],"version-history":[{"count":1,"href":"http:\/\/infois.ro\/index.php?rest_route=\/wp\/v2\/posts\/74792\/revisions"}],"predecessor-version":[{"id":74803,"href":"http:\/\/infois.ro\/index.php?rest_route=\/wp\/v2\/posts\/74792\/revisions\/74803"}],"wp:featuredmedia":[{"embeddable":true,"href":"http:\/\/infois.ro\/index.php?rest_route=\/wp\/v2\/media\/74793"}],"wp:attachment":[{"href":"http:\/\/infois.ro\/index.php?rest_route=%2Fwp%2Fv2%2Fmedia&parent=74792"}],"wp:term":[{"taxonomy":"category","embeddable":true,"href":"http:\/\/infois.ro\/index.php?rest_route=%2Fwp%2Fv2%2Fcategories&post=74792"},{"taxonomy":"post_tag","embeddable":true,"href":"http:\/\/infois.ro\/index.php?rest_route=%2Fwp%2Fv2%2Ftags&post=74792"}],"curies":[{"name":"wp","href":"https:\/\/api.w.org\/{rel}","templated":true}]}}