{"id":74877,"date":"2023-10-30T15:30:27","date_gmt":"2023-10-30T13:30:27","guid":{"rendered":"https:\/\/infois.ro\/?p=74877"},"modified":"2023-10-30T15:30:27","modified_gmt":"2023-10-30T13:30:27","slug":"modificari-ale-traseului-de-autobuz-48-incepand-cu-1-noiembrie","status":"publish","type":"post","link":"http:\/\/infois.ro\/?p=74877","title":{"rendered":"Modific\u0103ri ale traseului de autobuz 48, \u00eencep\u00e2nd cu 1 noiembrie"},"content":{"rendered":"<p><img loading=\"lazy\" decoding=\"async\" class=\"size-medium wp-image-62018 alignleft\" src=\"http:\/\/infois.ro\/wp-content\/uploads\/2022\/05\/traseul-48-tg-cucu-ciric-300x300.jpg\" alt=\"\" width=\"300\" height=\"300\" srcset=\"http:\/\/infois.ro\/wp-content\/uploads\/2022\/05\/traseul-48-tg-cucu-ciric-300x300.jpg 300w, http:\/\/infois.ro\/wp-content\/uploads\/2022\/05\/traseul-48-tg-cucu-ciric-150x150.jpg 150w, http:\/\/infois.ro\/wp-content\/uploads\/2022\/05\/traseul-48-tg-cucu-ciric-80x80.jpg 80w, http:\/\/infois.ro\/wp-content\/uploads\/2022\/05\/traseul-48-tg-cucu-ciric-100x100.jpg 100w, http:\/\/infois.ro\/wp-content\/uploads\/2022\/05\/traseul-48-tg-cucu-ciric.jpg 640w\" sizes=\"(max-width: 300px) 100vw, 300px\" \/><\/p>\n<p style=\"text-align: justify;\">Odat\u0103 cu \u00eencheierea sezonului estival, \u00eencep\u00e2nd cu data de 1 noiembrie, traseul de autobuz 48 va circula pe ruta T\u00e2rgu Cucului &#8211; Podu de Fier &#8211; Moara de V\u00e2nt &#8211; Complex Roua Residence, anun\u0163\u0103 \u00eentr-un comunicat Compania de Transport Public (CTP). Orarul traseului va fi \u00a0urm\u0103torul: prima plecare de la Complexul Roua la ora 6:30, prima plecare din T\u00e2rgu Cucului la ora 6:45. Autobuzele vor circula la un interval de 30 de minute, ultima plecare de la Complexul Roua fiind la ora 22:00. Modific\u0103rile sunt aplicabile pentru \u00eentreaga s\u0103pt\u0103m\u00e2n\u0103, de luni p\u00e2n\u0103 duminic\u0103.<\/p>\n","protected":false},"excerpt":{"rendered":"<p>Odat\u0103 cu \u00eencheierea sezonului estival, \u00eencep\u00e2nd cu data de 1 noiembrie, traseul de autobuz 48&#8230; <a class=\"meta-more\" href=\"http:\/\/infois.ro\/?p=74877\">more <span class=\"meta-nav\">&raquo;<\/span><\/a><\/p>\n","protected":false},"author":2,"featured_media":62018,"comment_status":"closed","ping_status":"closed","sticky":false,"template":"","format":"standard","meta":{"footnotes":""},"categories":[6,41],"tags":[74,8602,40,17153],"aioseo_notices":[],"_links":{"self":[{"href":"http:\/\/infois.ro\/index.php?rest_route=\/wp\/v2\/posts\/74877"}],"collection":[{"href":"http:\/\/infois.ro\/index.php?rest_route=\/wp\/v2\/posts"}],"about":[{"href":"http:\/\/infois.ro\/index.php?rest_route=\/wp\/v2\/types\/post"}],"author":[{"embeddable":true,"href":"http:\/\/infois.ro\/index.php?rest_route=\/wp\/v2\/users\/2"}],"replies":[{"embeddable":true,"href":"http:\/\/infois.ro\/index.php?rest_route=%2Fwp%2Fv2%2Fcomments&post=74877"}],"version-history":[{"count":1,"href":"http:\/\/infois.ro\/index.php?rest_route=\/wp\/v2\/posts\/74877\/revisions"}],"predecessor-version":[{"id":74878,"href":"http:\/\/infois.ro\/index.php?rest_route=\/wp\/v2\/posts\/74877\/revisions\/74878"}],"wp:featuredmedia":[{"embeddable":true,"href":"http:\/\/infois.ro\/index.php?rest_route=\/wp\/v2\/media\/62018"}],"wp:attachment":[{"href":"http:\/\/infois.ro\/index.php?rest_route=%2Fwp%2Fv2%2Fmedia&parent=74877"}],"wp:term":[{"taxonomy":"category","embeddable":true,"href":"http:\/\/infois.ro\/index.php?rest_route=%2Fwp%2Fv2%2Fcategories&post=74877"},{"taxonomy":"post_tag","embeddable":true,"href":"http:\/\/infois.ro\/index.php?rest_route=%2Fwp%2Fv2%2Ftags&post=74877"}],"curies":[{"name":"wp","href":"https:\/\/api.w.org\/{rel}","templated":true}]}}