{"id":74904,"date":"2023-10-31T09:35:36","date_gmt":"2023-10-31T07:35:36","guid":{"rendered":"https:\/\/infois.ro\/?p=74904"},"modified":"2023-11-01T09:37:16","modified_gmt":"2023-11-01T07:37:16","slug":"festivalul-toamnei-la-scoala-gimnaziala-alexandru-ioan-cuza-din-podu-iloaiei","status":"publish","type":"post","link":"http:\/\/infois.ro\/?p=74904","title":{"rendered":"&#8220;Festivalul Toamnei&#8221;, la \u015ecoala Gimnazial\u0103 &#8220;Alexandru Ioan Cuza&#8221; din Podu Iloaiei"},"content":{"rendered":"<p><img loading=\"lazy\" decoding=\"async\" class=\"size-medium wp-image-74905 alignleft\" src=\"http:\/\/infois.ro\/wp-content\/uploads\/2023\/11\/toamna-la-podu-390x176.jpg\" alt=\"\" width=\"390\" height=\"176\" srcset=\"http:\/\/infois.ro\/wp-content\/uploads\/2023\/11\/toamna-la-podu-390x176.jpg 390w, http:\/\/infois.ro\/wp-content\/uploads\/2023\/11\/toamna-la-podu.jpg 640w\" sizes=\"(max-width: 390px) 100vw, 390px\" \/><\/p>\n<p style=\"text-align: justify;\">\u00cen organizarea \u0218colii Gimnaziale \u201eAlexandru Ioan Cuza\u201d din Podu Iloaiei, la finalul lunii octombrie a avut loc cea de-a XII-a edi\u0163ie a &#8220;Festivalului Toamnei&#8221;, activitate cu tradi\u021bie, desf\u0103\u015furat \u00een cadrul \u00a0\u201eS\u0103pt\u0103m\u00e2nii Verzi\u201d. Elevi, cadre didactice, p\u0103rin\u021bi, reprezentan\u021bi ai Inspectoratului \u0218colar Jude\u021bean Ia\u0219i, Prim\u0103riei \u0219i ai Poli\u021biei ora\u0219ului Podu Iloaiei, au s\u0103rb\u0103torit \u00eempreun\u0103 toamna, degust\u00e2nd produse specifice anotimpului. Decorul a fost realizat de elevi, coordona\u021bi de cadrele didactice, moment care a adus bucurie \u0219i a contribuit la dezvoltarea sim\u021bului estetic \u0219i la con\u0219tientizarea faptului c\u0103 natura ne surprinde cu bog\u0103\u021biile sale.<\/p>\n<p style=\"text-align: justify;\">&#8220;Elevii au prezentat produsele expuse la standuri \u0219i i-au convins pe vizitatori s\u0103 le cumpere, folosindu-\u0219i astfel competen\u021bele ob\u021binute \u00een cadrul orelor de Educa\u021bie financiar\u0103. Micii antreprenori au dat dovad\u0103 de empatie \u0219i implicare, dorind s\u0103\u00a0 sprijine astfel o persoan\u0103 aflat\u0103 \u00een dificultate din comunitate&#8221;, au precizat organizatorii \u00eentr-un comunicat.<\/p>\n<p style=\"text-align: justify;\">&#8220;Festivalul Toamnei&#8221; a reunit creativitatea celor implica\u021bi, frumuse\u021bile anotimpului \u0219i emo\u021biile generate de momentele artistice! A fost un r\u0103gaz \u00een care fiecare participant s-a bucurat de minun\u0103\u021biile oferite de natur\u0103 \u0219i de puterea lui &#8220;\u00eempreun\u0103&#8221;.<\/p>\n<p style=\"text-align: justify;\">\n<p style=\"text-align: justify;\">\n","protected":false},"excerpt":{"rendered":"<p>\u00cen organizarea \u0218colii Gimnaziale \u201eAlexandru Ioan Cuza\u201d din Podu Iloaiei, la finalul lunii octombrie a&#8230; <a class=\"meta-more\" href=\"http:\/\/infois.ro\/?p=74904\">more <span class=\"meta-nav\">&raquo;<\/span><\/a><\/p>\n","protected":false},"author":2,"featured_media":74905,"comment_status":"closed","ping_status":"closed","sticky":false,"template":"","format":"standard","meta":{"footnotes":""},"categories":[12,41],"tags":[74,89,17159,40,3397],"aioseo_notices":[],"_links":{"self":[{"href":"http:\/\/infois.ro\/index.php?rest_route=\/wp\/v2\/posts\/74904"}],"collection":[{"href":"http:\/\/infois.ro\/index.php?rest_route=\/wp\/v2\/posts"}],"about":[{"href":"http:\/\/infois.ro\/index.php?rest_route=\/wp\/v2\/types\/post"}],"author":[{"embeddable":true,"href":"http:\/\/infois.ro\/index.php?rest_route=\/wp\/v2\/users\/2"}],"replies":[{"embeddable":true,"href":"http:\/\/infois.ro\/index.php?rest_route=%2Fwp%2Fv2%2Fcomments&post=74904"}],"version-history":[{"count":1,"href":"http:\/\/infois.ro\/index.php?rest_route=\/wp\/v2\/posts\/74904\/revisions"}],"predecessor-version":[{"id":74906,"href":"http:\/\/infois.ro\/index.php?rest_route=\/wp\/v2\/posts\/74904\/revisions\/74906"}],"wp:featuredmedia":[{"embeddable":true,"href":"http:\/\/infois.ro\/index.php?rest_route=\/wp\/v2\/media\/74905"}],"wp:attachment":[{"href":"http:\/\/infois.ro\/index.php?rest_route=%2Fwp%2Fv2%2Fmedia&parent=74904"}],"wp:term":[{"taxonomy":"category","embeddable":true,"href":"http:\/\/infois.ro\/index.php?rest_route=%2Fwp%2Fv2%2Fcategories&post=74904"},{"taxonomy":"post_tag","embeddable":true,"href":"http:\/\/infois.ro\/index.php?rest_route=%2Fwp%2Fv2%2Ftags&post=74904"}],"curies":[{"name":"wp","href":"https:\/\/api.w.org\/{rel}","templated":true}]}}