{"id":74911,"date":"2023-11-01T13:39:58","date_gmt":"2023-11-01T11:39:58","guid":{"rendered":"https:\/\/infois.ro\/?p=74911"},"modified":"2023-11-01T13:39:58","modified_gmt":"2023-11-01T11:39:58","slug":"targul-intreprinderilor-mici-si-mijlocii-aduce-la-palas-peste-60-de-companii-care-vor-organiza-si-dezbate-teme-din-sfera-it-cyber-security","status":"publish","type":"post","link":"http:\/\/infois.ro\/?p=74911","title":{"rendered":"T\u00e2rgul \u00centreprinderilor Mici \u0219i Mijlocii aduce la Palas peste 60 de companii care vor organiza \u0219i dezbate teme din sfera IT &#038; Cyber Security!"},"content":{"rendered":"<p><img loading=\"lazy\" decoding=\"async\" class=\"size-medium wp-image-74912 alignleft\" src=\"http:\/\/infois.ro\/wp-content\/uploads\/2023\/11\/Palas-Iasi-01-390x260.jpg\" alt=\"\" width=\"390\" height=\"260\" srcset=\"http:\/\/infois.ro\/wp-content\/uploads\/2023\/11\/Palas-Iasi-01-390x260.jpg 390w, http:\/\/infois.ro\/wp-content\/uploads\/2023\/11\/Palas-Iasi-01.jpg 640w\" sizes=\"(max-width: 390px) 100vw, 390px\" \/><\/p>\n<p style=\"text-align: justify;\"><strong><em>Viitorul de m\u00e2ine se construie\u0219te cu ajutorul tehnologiilor, iar digitalizarea devine motorul oric\u0103rei transform\u0103ri ce st\u0103 la baza activit\u0103\u021bilor economice. Peste 60 de companii vor participa la edi\u021bia de anul acesta a ,,T\u00e2rgului \u00centreprinderilor Mici \u0219i Mijlocii\u201d, desf\u0103\u0219urat\u0103 la Palas, unde profesioni\u0219ti din domeniul IT &amp; Cyber Security vor dezbate subiecte ce fac referire la dezvoltarea economiei rom\u00e2ne\u0219ti \u0219i vor organiza ateliere tematice. <\/em><\/strong><\/p>\n<p style=\"text-align: justify;\"><strong><em>\u00a0<\/em><\/strong><\/p>\n<p style=\"text-align: justify;\">\u00cen <strong>perioada 1\u20133 noiembrie 2023<\/strong>, Palas g\u0103zduie\u0219te <strong>,,T\u00e2rgul \u00centreprinderilor Mici \u0219i Mijlocii, edi\u021bia 2023 \u2013 IT &amp; Cyber Security \u2013 Ia\u0219i\u201d<\/strong>, organizat de Ministerul Economiei, Antreprenoriatului \u0219i Turismului, prin Agen\u021bia pentru \u00centreprinderi Mici \u0219i Mijlocii Ia\u0219i (AIMM Ia\u0219i). Evenimentul va avea loc \u00een <strong>Atriumul Palas<\/strong>, iar <strong>\u00een perioada 1\u20135 noiembrie 2023<\/strong> vor fi organizate <strong>ateliere de lucru<\/strong>, <strong>cursuri \u0219i dezbateri <\/strong>pe tematica general\u0103 a t\u00e2rgului, respectiv IT &amp; Cyber Security. Ateliere precum ,,Digital design &amp; print 3d\u201d sau ,,Marketing Digital Securizat: Inova\u021bie IT \u00een Era Cyber\u201d vor expune solu\u021bii \u0219i vor aduce publicului teme actuale. Agenda evenimentului mai include <strong>Conferin\u021ba ,,Cybershare\u201d<\/strong>, care va avea loc pe data de <strong>1 noiembrie \u00een Sala Chopin din Congress Hall Palas<\/strong>.<\/p>\n<p style=\"text-align: justify;\">\n<p style=\"text-align: justify;\">T\u00e2rgul se adreseaz\u0103 companiilor mici \u0219i mijlocii care activeaz\u0103 \u00een sectorul IT \u0219i \u00een industriile aferente acestui domeniu \u0219i \u00ee\u0219i propune s\u0103 sus\u021bin\u0103 performan\u021bele economice, prin promovarea produselor \u0219i serviciilor din sectorul IMM.<\/p>\n<p style=\"text-align: justify;\">\n","protected":false},"excerpt":{"rendered":"<p>Viitorul de m\u00e2ine se construie\u0219te cu ajutorul tehnologiilor, iar digitalizarea devine motorul oric\u0103rei transform\u0103ri ce&#8230; <a class=\"meta-more\" href=\"http:\/\/infois.ro\/?p=74911\">more <span class=\"meta-nav\">&raquo;<\/span><\/a><\/p>\n","protected":false},"author":2,"featured_media":74912,"comment_status":"closed","ping_status":"closed","sticky":false,"template":"","format":"standard","meta":{"footnotes":""},"categories":[6,41],"tags":[74,40,17162,100,17161],"aioseo_notices":[],"_links":{"self":[{"href":"http:\/\/infois.ro\/index.php?rest_route=\/wp\/v2\/posts\/74911"}],"collection":[{"href":"http:\/\/infois.ro\/index.php?rest_route=\/wp\/v2\/posts"}],"about":[{"href":"http:\/\/infois.ro\/index.php?rest_route=\/wp\/v2\/types\/post"}],"author":[{"embeddable":true,"href":"http:\/\/infois.ro\/index.php?rest_route=\/wp\/v2\/users\/2"}],"replies":[{"embeddable":true,"href":"http:\/\/infois.ro\/index.php?rest_route=%2Fwp%2Fv2%2Fcomments&post=74911"}],"version-history":[{"count":1,"href":"http:\/\/infois.ro\/index.php?rest_route=\/wp\/v2\/posts\/74911\/revisions"}],"predecessor-version":[{"id":74913,"href":"http:\/\/infois.ro\/index.php?rest_route=\/wp\/v2\/posts\/74911\/revisions\/74913"}],"wp:featuredmedia":[{"embeddable":true,"href":"http:\/\/infois.ro\/index.php?rest_route=\/wp\/v2\/media\/74912"}],"wp:attachment":[{"href":"http:\/\/infois.ro\/index.php?rest_route=%2Fwp%2Fv2%2Fmedia&parent=74911"}],"wp:term":[{"taxonomy":"category","embeddable":true,"href":"http:\/\/infois.ro\/index.php?rest_route=%2Fwp%2Fv2%2Fcategories&post=74911"},{"taxonomy":"post_tag","embeddable":true,"href":"http:\/\/infois.ro\/index.php?rest_route=%2Fwp%2Fv2%2Ftags&post=74911"}],"curies":[{"name":"wp","href":"https:\/\/api.w.org\/{rel}","templated":true}]}}