{"id":75306,"date":"2023-11-20T18:54:14","date_gmt":"2023-11-20T16:54:14","guid":{"rendered":"https:\/\/infois.ro\/?p=75306"},"modified":"2023-11-21T08:01:21","modified_gmt":"2023-11-21T06:01:21","slug":"o-noua-sesiune-de-inscriere-pentru-instalatori-organizata-de-administratia-fondului-pentru-mediu","status":"publish","type":"post","link":"http:\/\/infois.ro\/?p=75306","title":{"rendered":"O nou\u0103 sesiune de \u00eenscriere pentru instalatori, organizat\u0103 de Administra\u0163ia Fondului pentru Mediu"},"content":{"rendered":"<p><img loading=\"lazy\" decoding=\"async\" class=\"size-medium wp-image-75307 alignleft\" src=\"http:\/\/infois.ro\/wp-content\/uploads\/2023\/11\/sesiune-instalatori-390x327.jpg\" alt=\"\" width=\"390\" height=\"327\" srcset=\"http:\/\/infois.ro\/wp-content\/uploads\/2023\/11\/sesiune-instalatori-390x327.jpg 390w, http:\/\/infois.ro\/wp-content\/uploads\/2023\/11\/sesiune-instalatori.jpg 640w\" sizes=\"(max-width: 390px) 100vw, 390px\" \/><\/p>\n<p style=\"text-align: justify;\">Administra\u021bia Fondului pentru Mediu (AFM) anun\u0163\u0103 organizarea unei noi sesiuni de \u00eenscriere pentru validarea instalatorilor \u00een cadrul Programului &#8220;Casa Verde Fotovoltaice&#8221;, \u00een perioada 22 noiembrie, ora 10:00 \u2013 28 noiembrie 2023, ora 23:59.<\/p>\n<p style=\"text-align: justify;\">\n<p style=\"text-align: justify;\">\u00censcrierea instalatorilor \u00een program \u0219i transmiterea documentelor \u00een vederea valid\u0103rii se fac prin intermediul aplica\u021biei, pus\u0103 la dispozi\u021bia acestora pe pagina de internet a AFM \u2013 <a href=\"https:\/\/l.facebook.com\/l.php?u=http%3A%2F%2Fwww.afm.ro%2F%3Ffbclid%3DIwAR01b5yfx48ESTNXD0kb0dKJbFu938UIjSpsM7YMvf0p6pjV-Uw8m_2Qjfw&amp;h=AT2uJHe9gtgFmTlNYPLkZ42AXd61HH_vnWGH9Xb14jnvtt0UvTFXQL9P8Sbqw48ZJCybDHcRKAsQHw_0wW6-m7y6dffl98dUHlWASeZdV0PenyLd5Fl0isdt79b8mmc3oxrj1v0PX1mooTwhdMH5&amp;__tn__=-UK-R&amp;c%5b0%5d=AT0_17Ow8NHi4221FCC0A2KSuRBoT1835vutjzX5FiR_3DH52ZK1q_bVgPvz_hDsZHXUSTKKN9tPb9HFCkgdfLhZRteoEQo9X82eGNCXq6x9AM1iosXogGlKtROsCrcmrbOWO9B_rVux3Drb4CtKdh-T_giAAMvHm9DvmUV-bDzovYZ054CxzCXyPDyPKtK16qvdv-GBk6Nl3X8B6nlNi5atQ76nk8ZOTm8XFaZnYODWbLsbLUBKth_xM0tul5P8lXVjoyDy90sBvsG5viPZOeoZdOLH\">www.afm.ro<\/a> .<\/p>\n<p style=\"text-align: justify;\">\n<p style=\"text-align: justify;\">\u201dDeschidem o nou\u0103 sesiune de \u00eenscriere pentru instalatorii care doresc s\u0103 participe \u00een cadrul Programului Casa Verde Fotovoltaice \u0219i care \u00eendeplinesc condi\u021biile din ghidul de finan\u021bare. Instalatorii se vor \u00eenscrie \u00een aplica\u021bie \u00eencep\u00e2nd de miercuri, 22 noiembrie 2023, ora 10:00, \u0219i apoi, cei aproba\u021bi, vor \u00eencheia contracte de participare cu AFM, vor depune garan\u021bia de participare \u0219i vor putea s\u0103 instaleze sisteme de panouri fotovoltaice persoanelor fizice care \u00eei vor selecta\u201d, a declarat precizat Lauren\u021biu-Adrian Neculaescu, pre\u0219edintele AFM,<\/p>\n<p style=\"text-align: justify;\">\n<p style=\"text-align: justify;\">Criteriile de eligibilitate pentru validarea instalatorului, con\u021binutul dosarului de validare \u0219i alte informa\u021bii privind depunerea dosarului de validare se reg\u0103sesc \u00een Ghidul de finan\u021bare aferent sesiunii 2023, disponibil pe site-ul <a href=\"https:\/\/l.facebook.com\/l.php?u=http%3A%2F%2Fwww.afm.ro%2F%3Ffbclid%3DIwAR2Q5p4WxOgqEXQwhWBR4xVZltsbh8JRtw5owPxDJY3AP76kSB2OCodhZqo&amp;h=AT2uJHe9gtgFmTlNYPLkZ42AXd61HH_vnWGH9Xb14jnvtt0UvTFXQL9P8Sbqw48ZJCybDHcRKAsQHw_0wW6-m7y6dffl98dUHlWASeZdV0PenyLd5Fl0isdt79b8mmc3oxrj1v0PX1mooTwhdMH5&amp;__tn__=-UK-R&amp;c%5b0%5d=AT0_17Ow8NHi4221FCC0A2KSuRBoT1835vutjzX5FiR_3DH52ZK1q_bVgPvz_hDsZHXUSTKKN9tPb9HFCkgdfLhZRteoEQo9X82eGNCXq6x9AM1iosXogGlKtROsCrcmrbOWO9B_rVux3Drb4CtKdh-T_giAAMvHm9DvmUV-bDzovYZ054CxzCXyPDyPKtK16qvdv-GBk6Nl3X8B6nlNi5atQ76nk8ZOTm8XFaZnYODWbLsbLUBKth_xM0tul5P8lXVjoyDy90sBvsG5viPZOeoZdOLH\">www.afm.ro.<\/a><\/p>\n","protected":false},"excerpt":{"rendered":"<p>Administra\u021bia Fondului pentru Mediu (AFM) anun\u0163\u0103 organizarea unei noi sesiuni de \u00eenscriere pentru validarea instalatorilor&#8230; <a class=\"meta-more\" href=\"http:\/\/infois.ro\/?p=75306\">more <span class=\"meta-nav\">&raquo;<\/span><\/a><\/p>\n","protected":false},"author":2,"featured_media":75307,"comment_status":"closed","ping_status":"closed","sticky":false,"template":"","format":"standard","meta":{"footnotes":""},"categories":[6,41],"tags":[74,14821,40,7015,17212],"aioseo_notices":[],"_links":{"self":[{"href":"http:\/\/infois.ro\/index.php?rest_route=\/wp\/v2\/posts\/75306"}],"collection":[{"href":"http:\/\/infois.ro\/index.php?rest_route=\/wp\/v2\/posts"}],"about":[{"href":"http:\/\/infois.ro\/index.php?rest_route=\/wp\/v2\/types\/post"}],"author":[{"embeddable":true,"href":"http:\/\/infois.ro\/index.php?rest_route=\/wp\/v2\/users\/2"}],"replies":[{"embeddable":true,"href":"http:\/\/infois.ro\/index.php?rest_route=%2Fwp%2Fv2%2Fcomments&post=75306"}],"version-history":[{"count":1,"href":"http:\/\/infois.ro\/index.php?rest_route=\/wp\/v2\/posts\/75306\/revisions"}],"predecessor-version":[{"id":75308,"href":"http:\/\/infois.ro\/index.php?rest_route=\/wp\/v2\/posts\/75306\/revisions\/75308"}],"wp:featuredmedia":[{"embeddable":true,"href":"http:\/\/infois.ro\/index.php?rest_route=\/wp\/v2\/media\/75307"}],"wp:attachment":[{"href":"http:\/\/infois.ro\/index.php?rest_route=%2Fwp%2Fv2%2Fmedia&parent=75306"}],"wp:term":[{"taxonomy":"category","embeddable":true,"href":"http:\/\/infois.ro\/index.php?rest_route=%2Fwp%2Fv2%2Fcategories&post=75306"},{"taxonomy":"post_tag","embeddable":true,"href":"http:\/\/infois.ro\/index.php?rest_route=%2Fwp%2Fv2%2Ftags&post=75306"}],"curies":[{"name":"wp","href":"https:\/\/api.w.org\/{rel}","templated":true}]}}