{"id":75929,"date":"2023-12-21T17:45:10","date_gmt":"2023-12-21T15:45:10","guid":{"rendered":"https:\/\/infois.ro\/?p=75929"},"modified":"2023-12-21T18:47:22","modified_gmt":"2023-12-21T16:47:22","slug":"cursa-feroviara-chisinau-iasi-si-retur-a-fost-anulata","status":"publish","type":"post","link":"http:\/\/infois.ro\/?p=75929","title":{"rendered":"Cursa feroviar\u0103 Chi\u015fin\u0103u &#8211; Ia\u015fi \u015fi retur a fost anulat\u0103"},"content":{"rendered":"<p><img loading=\"lazy\" decoding=\"async\" class=\"size-medium wp-image-75930 alignleft\" src=\"http:\/\/infois.ro\/wp-content\/uploads\/2023\/12\/iasi-chisinau-390x216.jpg\" alt=\"\" width=\"390\" height=\"216\" srcset=\"http:\/\/infois.ro\/wp-content\/uploads\/2023\/12\/iasi-chisinau-390x216.jpg 390w, http:\/\/infois.ro\/wp-content\/uploads\/2023\/12\/iasi-chisinau.jpg 640w\" sizes=\"(max-width: 390px) 100vw, 390px\" \/><\/p>\n<p style=\"text-align: justify;\">Din cauza unor motive de ordin tehnic, \u00eencep\u00e2nd cu data de 21 decembrie, cursa de pe traseul Chi\u0219in\u0103u-Ia\u0219i (Socola), care avea ca or\u0103 de plecare ora 9.30, a fost anulat\u0103, anun\u0163\u0103 reprezentan\u0163ii serviciului de pres\u0103 a C\u0103ii Ferate din Republica Moldova. Astfel, \u00een prezent, pe traseul Chi\u015fin\u0103u &#8211; Ia\u015fi (Socola) circul\u0103 o singur\u0103 curs\u0103, care pleac\u0103 din Chi\u0219in\u0103u la ora 6.27 \u0219i ajunge la Ia\u0219i (Socola) la ora 11.12.<\/p>\n<p style=\"text-align: justify;\">Din Gara Socola, cursa pleac\u0103 la ora 17.40 \u015fi ajunge \u00een Gara Chi\u015fin\u0103u la ora 21.52. Durata de c\u0103l\u0103torie, \u00eempreun\u0103 cu procedurile pentru controlul de frontier\u0103, este de aproximativ 4 ore \u0219i 5 minute. Trenul dispune de Wi-Fi gratuit \u0219i este disponibil \u00een toate clasele. Biletele pot fi achizi\u021bionate la casele de bilete sau online, <a href=\"https:\/\/on.railway.md:10000\/?lang=ro\">pe site-ul g\u0103rii<\/a>, la pre\u021buri care se situeaz\u0103 \u00eentre\u00a02,30\u00a0euro (\u00een cazul copiilor) \u015fi respectiv 6,70\u00a0euro pentru adul\u021bi, \u00een func\u0163ie de clas\u0103.<\/p>\n<p style=\"text-align: justify;\">\n","protected":false},"excerpt":{"rendered":"<p>Din cauza unor motive de ordin tehnic, \u00eencep\u00e2nd cu data de 21 decembrie, cursa de&#8230; <a class=\"meta-more\" href=\"http:\/\/infois.ro\/?p=75929\">more <span class=\"meta-nav\">&raquo;<\/span><\/a><\/p>\n","protected":false},"author":2,"featured_media":75930,"comment_status":"closed","ping_status":"closed","sticky":false,"template":"","format":"standard","meta":{"footnotes":""},"categories":[6,41],"tags":[74,1126,17276,17275,40],"aioseo_notices":[],"_links":{"self":[{"href":"http:\/\/infois.ro\/index.php?rest_route=\/wp\/v2\/posts\/75929"}],"collection":[{"href":"http:\/\/infois.ro\/index.php?rest_route=\/wp\/v2\/posts"}],"about":[{"href":"http:\/\/infois.ro\/index.php?rest_route=\/wp\/v2\/types\/post"}],"author":[{"embeddable":true,"href":"http:\/\/infois.ro\/index.php?rest_route=\/wp\/v2\/users\/2"}],"replies":[{"embeddable":true,"href":"http:\/\/infois.ro\/index.php?rest_route=%2Fwp%2Fv2%2Fcomments&post=75929"}],"version-history":[{"count":1,"href":"http:\/\/infois.ro\/index.php?rest_route=\/wp\/v2\/posts\/75929\/revisions"}],"predecessor-version":[{"id":75931,"href":"http:\/\/infois.ro\/index.php?rest_route=\/wp\/v2\/posts\/75929\/revisions\/75931"}],"wp:featuredmedia":[{"embeddable":true,"href":"http:\/\/infois.ro\/index.php?rest_route=\/wp\/v2\/media\/75930"}],"wp:attachment":[{"href":"http:\/\/infois.ro\/index.php?rest_route=%2Fwp%2Fv2%2Fmedia&parent=75929"}],"wp:term":[{"taxonomy":"category","embeddable":true,"href":"http:\/\/infois.ro\/index.php?rest_route=%2Fwp%2Fv2%2Fcategories&post=75929"},{"taxonomy":"post_tag","embeddable":true,"href":"http:\/\/infois.ro\/index.php?rest_route=%2Fwp%2Fv2%2Ftags&post=75929"}],"curies":[{"name":"wp","href":"https:\/\/api.w.org\/{rel}","templated":true}]}}