{"id":76291,"date":"2024-01-17T16:20:11","date_gmt":"2024-01-17T14:20:11","guid":{"rendered":"https:\/\/infois.ro\/?p=76291"},"modified":"2024-01-18T12:21:58","modified_gmt":"2024-01-18T10:21:58","slug":"locomotive-electrice-noi-pentru-transportul-de-calatori-pe-regionala-cfr-iasi","status":"publish","type":"post","link":"http:\/\/infois.ro\/?p=76291","title":{"rendered":"Locomotive electrice noi pentru transportul de c\u0103l\u0103tori pe Regionala CFR Ia\u015fi"},"content":{"rendered":"<p><img loading=\"lazy\" decoding=\"async\" class=\"size-medium wp-image-76292 alignleft\" src=\"http:\/\/infois.ro\/wp-content\/uploads\/2024\/01\/locomotive-noi-390x183.jpg\" alt=\"\" width=\"390\" height=\"183\" srcset=\"http:\/\/infois.ro\/wp-content\/uploads\/2024\/01\/locomotive-noi-390x183.jpg 390w, http:\/\/infois.ro\/wp-content\/uploads\/2024\/01\/locomotive-noi.jpg 640w\" sizes=\"(max-width: 390px) 100vw, 390px\" \/><\/p>\n<p style=\"text-align: justify;\">Produc\u0103torul de material rulant francez Alstom Transport SA a c\u00e2\u015ftigat licita\u0163ia organizat\u0103 de Autoritatea pentru Reform\u0103 Feroviar\u0103 (ARF) privind livrarea unui num\u0103r de 16 locomotive electrice noi pe patru osii, dotate cu sistem ERTMS, destinate transportului feroviar de c\u0103l\u0103tori din Rom\u00e2nia. Oferta firmei c\u00e2\u0219tig\u0103toare a licita\u021biei este de 767.510.640 lei, f\u0103r\u0103 TVA, produc\u0103torul francez de material rulant urm\u00e2nd s\u0103 livreze cele 16 locomotive electrice \u0219i mentenan\u021ba acestora pentru o perioad\u0103 de 20 de ani. &#8220;Locomotivele au capacitatea de a tracta p\u00e2n\u0103 la 16 vagoane de c\u0103l\u0103tori, pot circula cu o vitez\u0103 maxim\u0103 cuprins\u0103 \u00eentre 160 km\/h-200 km\/h \u0219i, pe l\u00e2ng\u0103 reducerea polu\u0103rii, vor aduce eficien\u021b\u0103 \u0219i confort pe urm\u0103toarele rute feroviare: Ia\u015fi &#8211; Suceava- Bucure\u0219ti- Constan\u021ba, Timi\u0219oara- Cluj- Napoca &#8211; Ia\u015fi, Dej- Bra\u0219ov- Bucure\u0219ti- Constan\u021ba \u015fi respectiv Timi\u0219oara- Arad- Bra\u0219ov- Bucure\u0219ti-Constan\u021ba&#8221;, a anun\u0163at deputatul ie\u015fean Vasile Toma, \u00eentr-un mesaj postat miercuri pe Facebook. Finan\u021barea este asigurat\u0103 prin Planul Na\u0163ional de Redresare \u015fi Rezilien\u0163\u0103 (PNRR) \u0219i de la bugetul Ministerului Transporturilor \u015fi Infrastructurii.<\/p>\n","protected":false},"excerpt":{"rendered":"<p>Produc\u0103torul de material rulant francez Alstom Transport SA a c\u00e2\u015ftigat licita\u0163ia organizat\u0103 de Autoritatea pentru&#8230; <a class=\"meta-more\" href=\"http:\/\/infois.ro\/?p=76291\">more <span class=\"meta-nav\">&raquo;<\/span><\/a><\/p>\n","protected":false},"author":2,"featured_media":76292,"comment_status":"closed","ping_status":"closed","sticky":false,"template":"","format":"standard","meta":{"footnotes":""},"categories":[6,41],"tags":[74,40,17320,17321],"aioseo_notices":[],"_links":{"self":[{"href":"http:\/\/infois.ro\/index.php?rest_route=\/wp\/v2\/posts\/76291"}],"collection":[{"href":"http:\/\/infois.ro\/index.php?rest_route=\/wp\/v2\/posts"}],"about":[{"href":"http:\/\/infois.ro\/index.php?rest_route=\/wp\/v2\/types\/post"}],"author":[{"embeddable":true,"href":"http:\/\/infois.ro\/index.php?rest_route=\/wp\/v2\/users\/2"}],"replies":[{"embeddable":true,"href":"http:\/\/infois.ro\/index.php?rest_route=%2Fwp%2Fv2%2Fcomments&post=76291"}],"version-history":[{"count":1,"href":"http:\/\/infois.ro\/index.php?rest_route=\/wp\/v2\/posts\/76291\/revisions"}],"predecessor-version":[{"id":76293,"href":"http:\/\/infois.ro\/index.php?rest_route=\/wp\/v2\/posts\/76291\/revisions\/76293"}],"wp:featuredmedia":[{"embeddable":true,"href":"http:\/\/infois.ro\/index.php?rest_route=\/wp\/v2\/media\/76292"}],"wp:attachment":[{"href":"http:\/\/infois.ro\/index.php?rest_route=%2Fwp%2Fv2%2Fmedia&parent=76291"}],"wp:term":[{"taxonomy":"category","embeddable":true,"href":"http:\/\/infois.ro\/index.php?rest_route=%2Fwp%2Fv2%2Fcategories&post=76291"},{"taxonomy":"post_tag","embeddable":true,"href":"http:\/\/infois.ro\/index.php?rest_route=%2Fwp%2Fv2%2Ftags&post=76291"}],"curies":[{"name":"wp","href":"https:\/\/api.w.org\/{rel}","templated":true}]}}