{"id":76315,"date":"2024-01-18T18:10:29","date_gmt":"2024-01-18T16:10:29","guid":{"rendered":"https:\/\/infois.ro\/?p=76315"},"modified":"2024-01-19T08:12:53","modified_gmt":"2024-01-19T06:12:53","slug":"trafic-record-de-pasageri-pe-aeroportul-iasi-in-anul-2023","status":"publish","type":"post","link":"http:\/\/infois.ro\/?p=76315","title":{"rendered":"Trafic record de pasageri pe Aeroportul Ia\u015fi \u00een anul 2023"},"content":{"rendered":"<p><img loading=\"lazy\" decoding=\"async\" class=\"size-medium wp-image-76316 alignleft\" src=\"http:\/\/infois.ro\/wp-content\/uploads\/2024\/01\/trafic-pasageri-aeroport-390x261.jpg\" alt=\"\" width=\"390\" height=\"261\" srcset=\"http:\/\/infois.ro\/wp-content\/uploads\/2024\/01\/trafic-pasageri-aeroport-390x261.jpg 390w, http:\/\/infois.ro\/wp-content\/uploads\/2024\/01\/trafic-pasageri-aeroport.jpg 640w\" sizes=\"(max-width: 390px) 100vw, 390px\" \/><\/p>\n<p style=\"text-align: justify;\">Aeroportul Ia\u015fi a \u00eencheiat anul 2023 cu un trafic de 2,3 milioane de pasageri \u00eembarca\u0163i\/debarca\u0163i, cifr\u0103 care reprezint\u0103 un nou record \u00een istoria institu\u0163iei. &#8220;Am incheiat anul cu un trafic de 2.340.000 de pasageri. \u00cen condi\u0163iile \u00een care baza Wizz Air de la Ia\u015fi a fost declarat\u0103 baza cu cele mai bune rezultate OTET &#8211; On Time Every Time &#8211; \u00een re\u0163eaua Wizz Air, at\u00e2t \u00een luna decembrie, c\u00e2t \u015fi pe \u00eentreg anul 2023, ceea ce arat\u0103 c\u0103 \u00een ciuda condi\u0163iilor vitrege din 2023, pe AEROPORTUL IA\u015eI s-a performat, gra\u0163ie eforturilor tuturor utilizatorilor de aeroport \u015fi, \u00een special, a echipei Wizz Air. Mul\u0163umim tuturor operatorilor aerieni care au zburat la Ia\u015fi pe curse regulate sau chartere, mul\u0163umim pasagerilor pentru c\u0103 au ales <a href=\"https:\/\/www.facebook.com\/IASIairport?__cft__%5b0%5d=AZXRCPYXw-tWNwndJjHmIGEjGChLDWY0mtWCroXC6Smmi1wQx5DiwrEges0TggTwXEGPxj2kPL919USR6lcd5x1aLHkic81vDil4MjqHlQil20RhN28CeqNNJh1PmZ9R4QPwFS-xtPm2npHJLwzZjfEPBrYsotNly4ZlRNFJDvI7a4H--kq94PNVFFaNhlQPFY0&amp;__tn__=-%5dK-R\">IASI Airport<\/a>. Urmeaz\u0103 o perioad\u0103 incitant\u0103, cu multe schimb\u0103ri frumoase la AEROPORTUL IA\u015eI&#8221;, a scris Romeo Vatr\u0103, Directorul General al Aeroportului Ia\u015fi \u00eentr-un mesaj postat pe pagina proprie de socializare.<\/p>\n","protected":false},"excerpt":{"rendered":"<p>Aeroportul Ia\u015fi a \u00eencheiat anul 2023 cu un trafic de 2,3 milioane de pasageri \u00eembarca\u0163i\/debarca\u0163i,&#8230; <a class=\"meta-more\" href=\"http:\/\/infois.ro\/?p=76315\">more <span class=\"meta-nav\">&raquo;<\/span><\/a><\/p>\n","protected":false},"author":2,"featured_media":76316,"comment_status":"closed","ping_status":"closed","sticky":false,"template":"","format":"standard","meta":{"footnotes":""},"categories":[6,41],"tags":[74,1394,40,3877,2478],"aioseo_notices":[],"_links":{"self":[{"href":"http:\/\/infois.ro\/index.php?rest_route=\/wp\/v2\/posts\/76315"}],"collection":[{"href":"http:\/\/infois.ro\/index.php?rest_route=\/wp\/v2\/posts"}],"about":[{"href":"http:\/\/infois.ro\/index.php?rest_route=\/wp\/v2\/types\/post"}],"author":[{"embeddable":true,"href":"http:\/\/infois.ro\/index.php?rest_route=\/wp\/v2\/users\/2"}],"replies":[{"embeddable":true,"href":"http:\/\/infois.ro\/index.php?rest_route=%2Fwp%2Fv2%2Fcomments&post=76315"}],"version-history":[{"count":1,"href":"http:\/\/infois.ro\/index.php?rest_route=\/wp\/v2\/posts\/76315\/revisions"}],"predecessor-version":[{"id":76317,"href":"http:\/\/infois.ro\/index.php?rest_route=\/wp\/v2\/posts\/76315\/revisions\/76317"}],"wp:featuredmedia":[{"embeddable":true,"href":"http:\/\/infois.ro\/index.php?rest_route=\/wp\/v2\/media\/76316"}],"wp:attachment":[{"href":"http:\/\/infois.ro\/index.php?rest_route=%2Fwp%2Fv2%2Fmedia&parent=76315"}],"wp:term":[{"taxonomy":"category","embeddable":true,"href":"http:\/\/infois.ro\/index.php?rest_route=%2Fwp%2Fv2%2Fcategories&post=76315"},{"taxonomy":"post_tag","embeddable":true,"href":"http:\/\/infois.ro\/index.php?rest_route=%2Fwp%2Fv2%2Ftags&post=76315"}],"curies":[{"name":"wp","href":"https:\/\/api.w.org\/{rel}","templated":true}]}}