{"id":76974,"date":"2024-02-19T09:34:59","date_gmt":"2024-02-19T07:34:59","guid":{"rendered":"https:\/\/infois.ro\/?p=76974"},"modified":"2024-02-20T09:36:45","modified_gmt":"2024-02-20T07:36:45","slug":"cursele-speciale-pentru-transportul-elevilor-suspendate-pe-timpul-vacantei-scolare","status":"publish","type":"post","link":"http:\/\/infois.ro\/?p=76974","title":{"rendered":"Cursele speciale pentru transportul elevilor, suspendate pe timpul vacan\u0163ei \u015fcolare"},"content":{"rendered":"<p><img loading=\"lazy\" decoding=\"async\" class=\"size-medium wp-image-61983 alignleft\" src=\"http:\/\/infois.ro\/wp-content\/uploads\/2022\/04\/cursa-speciala-elevi-300x300.jpg\" alt=\"\" width=\"300\" height=\"300\" srcset=\"http:\/\/infois.ro\/wp-content\/uploads\/2022\/04\/cursa-speciala-elevi-300x300.jpg 300w, http:\/\/infois.ro\/wp-content\/uploads\/2022\/04\/cursa-speciala-elevi-150x150.jpg 150w, http:\/\/infois.ro\/wp-content\/uploads\/2022\/04\/cursa-speciala-elevi-80x80.jpg 80w, http:\/\/infois.ro\/wp-content\/uploads\/2022\/04\/cursa-speciala-elevi-100x100.jpg 100w, http:\/\/infois.ro\/wp-content\/uploads\/2022\/04\/cursa-speciala-elevi.jpg 640w\" sizes=\"(max-width: 300px) 100vw, 300px\" \/><\/p>\n<p style=\"text-align: justify;\">Pe perioada vacan\u0163ei \u015fcolare (19-25 februarie), cursele speciale pentru transportul elevilor vor fi suspendate, a anun\u0163at Compania de Transport Public (CTP). Prin intermediul unui comunicat, reprezentan\u0163ii companiei roag\u0103 publicul s\u0103-\u015fi planifice c\u0103l\u0103toriile \u021bin\u00e2nd cont de aceste modific\u0103ri. \u201dNe dorim ca to\u021bi elevii s\u0103 aib\u0103 o vacan\u021b\u0103 minunat\u0103 \u0219i s\u0103 se bucure de momente de odihn\u0103 \u0219i relaxare. Revenim cu serviciile noastre obi\u0219nuite \u00eencep\u00e2nd cu data de 26 februarie\u201d, se precizeaz\u0103 \u00een document.<\/p>\n","protected":false},"excerpt":{"rendered":"<p>Pe perioada vacan\u0163ei \u015fcolare (19-25 februarie), cursele speciale pentru transportul elevilor vor fi suspendate, a&#8230; <a class=\"meta-more\" href=\"http:\/\/infois.ro\/?p=76974\">more <span class=\"meta-nav\">&raquo;<\/span><\/a><\/p>\n","protected":false},"author":2,"featured_media":66500,"comment_status":"closed","ping_status":"closed","sticky":false,"template":"","format":"standard","meta":{"footnotes":""},"categories":[12,41],"tags":[74,8602,12572,89,40,338],"aioseo_notices":[],"_links":{"self":[{"href":"http:\/\/infois.ro\/index.php?rest_route=\/wp\/v2\/posts\/76974"}],"collection":[{"href":"http:\/\/infois.ro\/index.php?rest_route=\/wp\/v2\/posts"}],"about":[{"href":"http:\/\/infois.ro\/index.php?rest_route=\/wp\/v2\/types\/post"}],"author":[{"embeddable":true,"href":"http:\/\/infois.ro\/index.php?rest_route=\/wp\/v2\/users\/2"}],"replies":[{"embeddable":true,"href":"http:\/\/infois.ro\/index.php?rest_route=%2Fwp%2Fv2%2Fcomments&post=76974"}],"version-history":[{"count":1,"href":"http:\/\/infois.ro\/index.php?rest_route=\/wp\/v2\/posts\/76974\/revisions"}],"predecessor-version":[{"id":76975,"href":"http:\/\/infois.ro\/index.php?rest_route=\/wp\/v2\/posts\/76974\/revisions\/76975"}],"wp:featuredmedia":[{"embeddable":true,"href":"http:\/\/infois.ro\/index.php?rest_route=\/wp\/v2\/media\/66500"}],"wp:attachment":[{"href":"http:\/\/infois.ro\/index.php?rest_route=%2Fwp%2Fv2%2Fmedia&parent=76974"}],"wp:term":[{"taxonomy":"category","embeddable":true,"href":"http:\/\/infois.ro\/index.php?rest_route=%2Fwp%2Fv2%2Fcategories&post=76974"},{"taxonomy":"post_tag","embeddable":true,"href":"http:\/\/infois.ro\/index.php?rest_route=%2Fwp%2Fv2%2Ftags&post=76974"}],"curies":[{"name":"wp","href":"https:\/\/api.w.org\/{rel}","templated":true}]}}