{"id":77569,"date":"2024-04-03T17:50:08","date_gmt":"2024-04-03T14:50:08","guid":{"rendered":"http:\/\/infois.ro\/?p=77569"},"modified":"2024-04-04T10:52:52","modified_gmt":"2024-04-04T07:52:52","slug":"record-de-proiecte-depuse-de-societatea-civila-finantate-de-la-bugetul-judetului","status":"publish","type":"post","link":"http:\/\/infois.ro\/?p=77569","title":{"rendered":"Record de proiecte depuse de societatea civil\u0103, finan\u0163ate de la bugetul jude\u021bului"},"content":{"rendered":"<p><img loading=\"lazy\" decoding=\"async\" class=\"size-medium wp-image-73453 alignleft\" src=\"http:\/\/infois.ro\/wp-content\/uploads\/2023\/08\/consiliul-judetean-iasi-390x261.jpg\" alt=\"\" width=\"390\" height=\"261\" srcset=\"http:\/\/infois.ro\/wp-content\/uploads\/2023\/08\/consiliul-judetean-iasi-390x261.jpg 390w, http:\/\/infois.ro\/wp-content\/uploads\/2023\/08\/consiliul-judetean-iasi.jpg 640w\" sizes=\"(max-width: 390px) 100vw, 390px\" \/><\/p>\n<p style=\"text-align: justify;\">O sut\u0103 de organiza\u021bii non-guvernamentale \u0219i asocia\u021bii non-profit au depus\u00a0proiecte \u00een vederea ob\u021binerii finan\u021b\u0103rii nerambursabile de la bugetul\u00a0jude\u021bului, conform Legii nr. 350\/2005 privind regimul finan\u021b\u0103rilor\u00a0nerambursabile din fonduri publice alocate activit\u0103\u021bilor non-profit de interes\u00a0general. Termenul limit\u0103 pentru depunerea proiectelor a fost 1 aprilie 2024,\u00a0\u00een prezent desf\u0103\u015fur\u00e2ndu-se etapa de evaluare.<\/p>\n<p style=\"text-align: justify;\">Potrivit reprezentan\u021bilor Consiliului Jude\u021bean (CJ) Ia\u0219i, \u00een acest an, num\u0103rul aplican\u021bilor a crescut semnificativ fa\u021b\u0103 de prima edi\u021bie a programului, lansat\u0103 \u00een anul 2021, c\u00e2nd au fost depuse 36 de proiecte. \u00cen ceea ce prive\u0219te suma alocat\u0103 \u00een acest an de la bugetul jude\u021bului, acesta se ridic\u0103 la 2 milioane de lei, dublu fa\u021b\u0103 de cea de\u00a0anul trecut.<\/p>\n<p style=\"text-align: justify;\">\u201cSuntem \u00eenc\u00e2nta\u021bi s\u0103 vedem o cre\u0219tere semnificativ\u0103 a interesului ONG-urilor din Ia\u0219i pentru finan\u021bare. Sprijinirea societ\u0103\u021bii civile este o prioritate pentru noi, iar aceast\u0103 cre\u0219tere demonstreaz\u0103 c\u0103 suntem pe drumul cel bun. Felicit toate ONG-urile care s-au implicat \u00een proiecte pentru a \u00eembun\u0103t\u0103\u021bi via\u021ba comunit\u0103\u021bii din jude\u021bul Ia\u0219i\u2019\u2019, a\u00a0declarat pre\u0219edintele Consiliului Jude\u021bean, Costel Alexe.<\/p>\n<p style=\"text-align: justify;\">Potrivit \u015fefului administra\u0163iei jude\u0163ene, prin intermediul acestui program, autorit\u0103\u0163ile locale urm\u0103resc \u00eencurajarea persoanelor fizice, asocia\u021biilor \u0219i funda\u021biilor s\u0103\u00a0propun\u0103 \u0219i s\u0103 desf\u0103\u0219oare evenimente care s\u0103 valorifice \u0219i s\u0103 promoveze\u00a0patrimoniul cultural, diversificarea activit\u0103\u021bilor destinate locuitorii jude\u0163ului\u00a0precum \u015fi promovarea dialogului intercultural. Totodat\u0103, se are \u00een vedere\u00a0stimularea implic\u0103rii organiza\u021biilor neguvernamentale \u00een dezvoltarea de\u00a0servicii sociale, asigurarea condi\u021biilor necesare pentru integrarea socio-profesional\u0103 a tinerilor \u0219i accesului la serviciile de specializare profesional\u0103.<\/p>\n<p style=\"text-align: justify;\">Potrivit legii, beneficiarii programului sunt at\u00e2t ini\u021biatorii proiectelor, c\u00e2t \u0219i\u00a0locuitorii din jude\u021bul Ia\u0219i, care particip\u0103 la activit\u0103\u021bile organizate. Proiectele\u00a0finan\u021bate prin Legea 350\/2005 acoper\u0103 o gam\u0103 larg\u0103 de domenii, printre care\u00a0siguran\u0163a cet\u0103\u0163eanului \u015fi ordinea public\u0103, educa\u0163ie, tineret, social, promovare turistic\u0103, protec\u0163ia mediului precum \u015fi sus\u0163inerea sportului de mas\u0103.<\/p>\n","protected":false},"excerpt":{"rendered":"<p>O sut\u0103 de organiza\u021bii non-guvernamentale \u0219i asocia\u021bii non-profit au depus\u00a0proiecte \u00een vederea ob\u021binerii finan\u021b\u0103rii nerambursabile&#8230; <a class=\"meta-more\" href=\"http:\/\/infois.ro\/?p=77569\">more <span class=\"meta-nav\">&raquo;<\/span><\/a><\/p>\n","protected":false},"author":2,"featured_media":73453,"comment_status":"closed","ping_status":"closed","sticky":false,"template":"","format":"standard","meta":{"footnotes":""},"categories":[41,32],"tags":[74,374,2523,40,555,5053],"aioseo_notices":[],"_links":{"self":[{"href":"http:\/\/infois.ro\/index.php?rest_route=\/wp\/v2\/posts\/77569"}],"collection":[{"href":"http:\/\/infois.ro\/index.php?rest_route=\/wp\/v2\/posts"}],"about":[{"href":"http:\/\/infois.ro\/index.php?rest_route=\/wp\/v2\/types\/post"}],"author":[{"embeddable":true,"href":"http:\/\/infois.ro\/index.php?rest_route=\/wp\/v2\/users\/2"}],"replies":[{"embeddable":true,"href":"http:\/\/infois.ro\/index.php?rest_route=%2Fwp%2Fv2%2Fcomments&post=77569"}],"version-history":[{"count":1,"href":"http:\/\/infois.ro\/index.php?rest_route=\/wp\/v2\/posts\/77569\/revisions"}],"predecessor-version":[{"id":77570,"href":"http:\/\/infois.ro\/index.php?rest_route=\/wp\/v2\/posts\/77569\/revisions\/77570"}],"wp:featuredmedia":[{"embeddable":true,"href":"http:\/\/infois.ro\/index.php?rest_route=\/wp\/v2\/media\/73453"}],"wp:attachment":[{"href":"http:\/\/infois.ro\/index.php?rest_route=%2Fwp%2Fv2%2Fmedia&parent=77569"}],"wp:term":[{"taxonomy":"category","embeddable":true,"href":"http:\/\/infois.ro\/index.php?rest_route=%2Fwp%2Fv2%2Fcategories&post=77569"},{"taxonomy":"post_tag","embeddable":true,"href":"http:\/\/infois.ro\/index.php?rest_route=%2Fwp%2Fv2%2Ftags&post=77569"}],"curies":[{"name":"wp","href":"https:\/\/api.w.org\/{rel}","templated":true}]}}