{"id":77835,"date":"2024-04-22T20:25:32","date_gmt":"2024-04-22T17:25:32","guid":{"rendered":"https:\/\/infois.ro\/?p=77835"},"modified":"2024-04-22T20:25:32","modified_gmt":"2024-04-22T17:25:32","slug":"carrefour-express-s-a-inaugurat-in-palas-campus-in-zona-sf-andrei-vino-sa-descoperi-ofertele-inaugurale","status":"publish","type":"post","link":"http:\/\/infois.ro\/?p=77835","title":{"rendered":"Carrefour Express s-a inaugurat \u00een Palas Campus, \u00een zona Sf Andrei. Vino s\u0103 descoperi ofertele inaugurale!"},"content":{"rendered":"<p><img loading=\"lazy\" decoding=\"async\" class=\"size-medium wp-image-77836 alignleft\" src=\"http:\/\/infois.ro\/wp-content\/uploads\/2024\/04\/01-390x310.jpg\" alt=\"\" width=\"390\" height=\"310\" srcset=\"http:\/\/infois.ro\/wp-content\/uploads\/2024\/04\/01-390x310.jpg 390w, http:\/\/infois.ro\/wp-content\/uploads\/2024\/04\/01.jpg 640w\" sizes=\"(max-width: 390px) 100vw, 390px\" \/><\/p>\n<p class=\"yiv0849201430MsoNormal\" style=\"text-align: justify;\"><b><i>Reziden\u0163ii din zona Sf. Andrei, Splai Bahlui \u015fi angaja\u0163ii din Palas Campus au la dispozi\u0163ie, de acum, o nou\u0103 destina\u0163ie pentru cump\u0103r\u0103turile zilnice. De cur\u00e2nd, \u00een Palas Campus s-a inaugurat Carrefour Express, cu un concept nou de proximitate. P\u00e2n\u0103 pe 24 aprilie noua loca\u021bie propune oferte inaugurale de neratat.<\/i><\/b><b><i><\/i><\/b><\/p>\n<p class=\"yiv0849201430MsoNormal\" style=\"text-align: justify;\"><img loading=\"lazy\" decoding=\"async\" class=\"size-medium wp-image-77837 alignright\" src=\"http:\/\/infois.ro\/wp-content\/uploads\/2024\/04\/02-390x260.jpg\" alt=\"\" width=\"390\" height=\"260\" srcset=\"http:\/\/infois.ro\/wp-content\/uploads\/2024\/04\/02-390x260.jpg 390w, http:\/\/infois.ro\/wp-content\/uploads\/2024\/04\/02.jpg 640w\" sizes=\"(max-width: 390px) 100vw, 390px\" \/><\/p>\n<p class=\"yiv0849201430MsoNormal\" style=\"text-align: justify;\">Carrefour Express s-a inaugurat, \u00een Palas Campus, iar acum clien\u021bii se pot bucura de noul concept aflat \u00een\u00a0<b>zona Sf. Andrei<\/b>,\u00a0<b>pe strada Buznea<\/b>. Loca\u021bia este adaptat\u0103 astfel \u00eenc\u00e2t s\u0103 r\u0103spund\u0103 cerin\u021belor locuitorilor din zon\u0103, c\u00e2t \u0219i angaja\u021bilor care lucreaz\u0103 \u00een cl\u0103dire. Zona \u201eReady to eat\u201d are preparate proaspete pentru mic-dejun, pr\u00e2nz sau cin\u0103 (salate, produse g\u0103tite, mixuri, sandwich-uri), o zon\u0103 cu fructe \u0219i legume proaspete, produse de patiserie, cafea, dar \u0219i produse alimentare de baz\u0103 \u0219i alte selec\u021bii necesare zi de zi.<\/p>\n<p class=\"yiv0849201430MsoNormal\" style=\"text-align: justify;\"><img loading=\"lazy\" decoding=\"async\" class=\"size-medium wp-image-77838 alignleft\" src=\"http:\/\/infois.ro\/wp-content\/uploads\/2024\/04\/03-390x260.jpg\" alt=\"\" width=\"390\" height=\"260\" srcset=\"http:\/\/infois.ro\/wp-content\/uploads\/2024\/04\/03-390x260.jpg 390w, http:\/\/infois.ro\/wp-content\/uploads\/2024\/04\/03.jpg 640w\" sizes=\"(max-width: 390px) 100vw, 390px\" \/><\/p>\n<p class=\"yiv0849201430MsoNormal\" style=\"text-align: justify;\"><b>P\u00e2n\u0103 pe 24 aprilie<\/b>, Carrefour Express are oferte inaugurale \u0219i promo\u021bii la o gam\u0103 variat\u0103 de produse. Diminea\u021ba, pute\u021bi opta pentru\u00a0<b>un combo format din cafea \u0219i croissant<\/b>,\u00a0<b>la doar 4.99 lei<\/b>; pentru masa de pr\u00e2nz ave\u021bi\u00a0<b>Salat\u0103 Bulg\u0103reasc\u0103 la 14.99 lei<\/b>, iar\u00a0<b>la desert, mini amandine la 14.99 lei<\/b>.\u00a0<b>Oferte sunt \u0219i la rafturile cu fructe, iaurturi, cafea, produse de baz\u0103, dar \u0219i la sucuri \u0219i r\u0103coritoare<\/b>.<\/p>\n<p class=\"yiv0849201430MsoNormal\" style=\"text-align: justify;\">\n<p class=\"yiv0849201430MsoNormal\" style=\"text-align: justify;\">Programul\u00a0<b>Carrefour Express\u00a0<\/b>din Palas Campus este de\u00a0<b>luni p\u00e2n\u0103 duminic\u0103<\/b>, \u00een\u00a0<b>intervalul orar 07.00 \u2013 22.00<\/b>. \u00cen noua loca\u021bie, clien\u021bii au la dispozi\u021bie \u0219i facilit\u0103\u021bi precum: sta\u021bie de reciclare a PET-urilor, serviciu de plat\u0103 a facturilor, roviniet\u0103 \u0219i altele.<\/p>\n<p class=\"yiv0849201430MsoNormal\" style=\"text-align: justify;\"><img loading=\"lazy\" decoding=\"async\" class=\"size-medium wp-image-77839 alignright\" src=\"http:\/\/infois.ro\/wp-content\/uploads\/2024\/04\/04-390x260.jpg\" alt=\"\" width=\"390\" height=\"260\" srcset=\"http:\/\/infois.ro\/wp-content\/uploads\/2024\/04\/04-390x260.jpg 390w, http:\/\/infois.ro\/wp-content\/uploads\/2024\/04\/04.jpg 640w\" sizes=\"(max-width: 390px) 100vw, 390px\" \/><\/p>\n<p class=\"yiv0849201430MsoNormal\" style=\"text-align: justify;\">Cei care vin la cump\u0103r\u0103turi cu ma\u015fina, pot accesa parcarea din Palas Campus. \u00cen timpul s\u0103pt\u0103m\u00e2nii, prima or\u0103 de sta\u021bionare este gratuit\u0103, iar \u00een weekend, peste 140 de locuri de parcare sunt gratuite pentru publicul larg. O parte dintre acestea sunt situate \u00eentr-o parcare teran\u0103, accesibil\u0103 de pe strada Iancu Bacalu, iar restul la nivelul -1 din subteran, accesibile de pe str\u0103zile Iancu Bacalu \u0219i T\u0103n\u0103sescu.<\/p>\n<p class=\"yiv0849201430MsoNormal\" style=\"text-align: justify;\"><img loading=\"lazy\" decoding=\"async\" class=\"size-medium wp-image-77840 alignleft\" src=\"http:\/\/infois.ro\/wp-content\/uploads\/2024\/04\/05-390x260.jpg\" alt=\"\" width=\"390\" height=\"260\" srcset=\"http:\/\/infois.ro\/wp-content\/uploads\/2024\/04\/05-390x260.jpg 390w, http:\/\/infois.ro\/wp-content\/uploads\/2024\/04\/05.jpg 640w\" sizes=\"(max-width: 390px) 100vw, 390px\" \/><\/p>\n<p class=\"yiv0849201430MsoNormal\" style=\"text-align: justify;\">Mai mult dec\u00e2t o cl\u0103dire de birouri, Palas Campus este un loc agreabil de relaxare \u00eempreun\u0103 cu prietenii, cu numeroase servicii utile zilnic: restaurante, cafenele, centru de fitness, magazine, salon \u015fi clinic\u0103 de \u00eenfrumuse\u021bare, centru medical, laborator de analize, cur\u0103\u021b\u0103torie de pantofi, servicii de cur\u0103\u021b\u0103torie, centru de difuzare de pres\u0103.<\/p>\n<p><img loading=\"lazy\" decoding=\"async\" class=\"alignnone size-medium wp-image-77845\" src=\"http:\/\/infois.ro\/wp-content\/uploads\/2024\/04\/10-390x260.jpg\" alt=\"\" width=\"390\" height=\"260\" srcset=\"http:\/\/infois.ro\/wp-content\/uploads\/2024\/04\/10-390x260.jpg 390w, http:\/\/infois.ro\/wp-content\/uploads\/2024\/04\/10.jpg 640w\" sizes=\"(max-width: 390px) 100vw, 390px\" \/><\/p>\n<p><img loading=\"lazy\" decoding=\"async\" class=\"alignnone size-medium wp-image-77844\" src=\"http:\/\/infois.ro\/wp-content\/uploads\/2024\/04\/09-390x260.jpg\" alt=\"\" width=\"390\" height=\"260\" srcset=\"http:\/\/infois.ro\/wp-content\/uploads\/2024\/04\/09-390x260.jpg 390w, http:\/\/infois.ro\/wp-content\/uploads\/2024\/04\/09.jpg 640w\" sizes=\"(max-width: 390px) 100vw, 390px\" \/><\/p>\n<p><img loading=\"lazy\" decoding=\"async\" class=\"alignnone size-medium wp-image-77843\" src=\"http:\/\/infois.ro\/wp-content\/uploads\/2024\/04\/08-390x260.jpg\" alt=\"\" width=\"390\" height=\"260\" srcset=\"http:\/\/infois.ro\/wp-content\/uploads\/2024\/04\/08-390x260.jpg 390w, http:\/\/infois.ro\/wp-content\/uploads\/2024\/04\/08.jpg 640w\" sizes=\"(max-width: 390px) 100vw, 390px\" \/><\/p>\n<p><img loading=\"lazy\" decoding=\"async\" class=\"alignnone size-medium wp-image-77842\" src=\"http:\/\/infois.ro\/wp-content\/uploads\/2024\/04\/07-390x260.jpg\" alt=\"\" width=\"390\" height=\"260\" srcset=\"http:\/\/infois.ro\/wp-content\/uploads\/2024\/04\/07-390x260.jpg 390w, http:\/\/infois.ro\/wp-content\/uploads\/2024\/04\/07.jpg 640w\" sizes=\"(max-width: 390px) 100vw, 390px\" \/><\/p>\n<p><img loading=\"lazy\" decoding=\"async\" class=\"alignnone size-medium wp-image-77841\" src=\"http:\/\/infois.ro\/wp-content\/uploads\/2024\/04\/06-390x260.jpg\" alt=\"\" width=\"390\" height=\"260\" srcset=\"http:\/\/infois.ro\/wp-content\/uploads\/2024\/04\/06-390x260.jpg 390w, http:\/\/infois.ro\/wp-content\/uploads\/2024\/04\/06.jpg 640w\" sizes=\"(max-width: 390px) 100vw, 390px\" \/><\/p>\n","protected":false},"excerpt":{"rendered":"<p>Reziden\u0163ii din zona Sf. Andrei, Splai Bahlui \u015fi angaja\u0163ii din Palas Campus au la dispozi\u0163ie,&#8230; <a class=\"meta-more\" href=\"http:\/\/infois.ro\/?p=77835\">more <span class=\"meta-nav\">&raquo;<\/span><\/a><\/p>\n","protected":false},"author":2,"featured_media":77836,"comment_status":"closed","ping_status":"closed","sticky":false,"template":"","format":"standard","meta":{"footnotes":""},"categories":[6,41],"tags":[74,17526,40,3841,13512],"aioseo_notices":[],"_links":{"self":[{"href":"http:\/\/infois.ro\/index.php?rest_route=\/wp\/v2\/posts\/77835"}],"collection":[{"href":"http:\/\/infois.ro\/index.php?rest_route=\/wp\/v2\/posts"}],"about":[{"href":"http:\/\/infois.ro\/index.php?rest_route=\/wp\/v2\/types\/post"}],"author":[{"embeddable":true,"href":"http:\/\/infois.ro\/index.php?rest_route=\/wp\/v2\/users\/2"}],"replies":[{"embeddable":true,"href":"http:\/\/infois.ro\/index.php?rest_route=%2Fwp%2Fv2%2Fcomments&post=77835"}],"version-history":[{"count":1,"href":"http:\/\/infois.ro\/index.php?rest_route=\/wp\/v2\/posts\/77835\/revisions"}],"predecessor-version":[{"id":77846,"href":"http:\/\/infois.ro\/index.php?rest_route=\/wp\/v2\/posts\/77835\/revisions\/77846"}],"wp:featuredmedia":[{"embeddable":true,"href":"http:\/\/infois.ro\/index.php?rest_route=\/wp\/v2\/media\/77836"}],"wp:attachment":[{"href":"http:\/\/infois.ro\/index.php?rest_route=%2Fwp%2Fv2%2Fmedia&parent=77835"}],"wp:term":[{"taxonomy":"category","embeddable":true,"href":"http:\/\/infois.ro\/index.php?rest_route=%2Fwp%2Fv2%2Fcategories&post=77835"},{"taxonomy":"post_tag","embeddable":true,"href":"http:\/\/infois.ro\/index.php?rest_route=%2Fwp%2Fv2%2Ftags&post=77835"}],"curies":[{"name":"wp","href":"https:\/\/api.w.org\/{rel}","templated":true}]}}