{"id":78013,"date":"2024-05-03T08:07:58","date_gmt":"2024-05-03T05:07:58","guid":{"rendered":"https:\/\/infois.ro\/?p=78013"},"modified":"2024-05-03T08:07:58","modified_gmt":"2024-05-03T05:07:58","slug":"bizz-accelerator-cel-mai-amplu-proiect-de-educatie-pentru-antreprenorii-si-managerii-din-romania","status":"publish","type":"post","link":"http:\/\/infois.ro\/?p=78013","title":{"rendered":"BIZZ Accelerator, cel mai amplu proiect de educa\u021bie pentru antreprenorii \u0219i managerii din Rom\u00e2nia"},"content":{"rendered":"<p><img loading=\"lazy\" decoding=\"async\" class=\"size-medium wp-image-78014 alignleft\" src=\"http:\/\/infois.ro\/wp-content\/uploads\/2024\/05\/bizz-390x261.jpg\" alt=\"\" width=\"390\" height=\"261\" srcset=\"http:\/\/infois.ro\/wp-content\/uploads\/2024\/05\/bizz-390x261.jpg 390w, http:\/\/infois.ro\/wp-content\/uploads\/2024\/05\/bizz.jpg 640w\" sizes=\"(max-width: 390px) 100vw, 390px\" \/><\/p>\n<p style=\"text-align: justify;\">\u00centr-un context economic \u00een care antreprenoriatul rom\u00e2nesc cunoa\u0219te o expansiune rapid\u0103, dar adesea haotic\u0103, \u0218tefan Mandachi, \u00eempreun\u0103 cu economistul Iancu Guda, lanseaz\u0103 BIZZ Accelerator, un program de educa\u021bie financiar\u0103 de tip e-learning, dedicat celor care doresc s\u0103 \u020b\u0219i consolideze \u0219i s\u0103 \u00ee\u0219i dezvolte business-urile, dar \u0219i g\u00e2ndirea \u0219i atitudinea de lider. Obiectivul celor doi organizatori este s\u0103 creeze cel mai complex furnizor de educa\u021bie financiar\u0103 \u00een online, din Rom\u00e2nia.<\/p>\n<p style=\"text-align: justify;\">\n<p style=\"text-align: justify;\">\u201cDe\u0219i avem tot mai mul\u021bi antreprenori \u00een \u021bar\u0103, antreprenoriatul este f\u0103cut dup\u0103 ureche, \u00een lipsa unor obiective clare \u0219i f\u0103r\u0103 atitudine de lider. \u00centruc\u00e2t nu au o structur\u0103 precis\u0103 \u0219i nu se bazeaz\u0103 pe proceduri, antreprenorii ac\u021bioneaz\u0103 haotic \u0219i irosesc poten\u021bial, timp \u0219i bani. Suntem pe ultimul loc \u00een Europa la capitolul educa\u021bie financiar\u0103. O familie investe\u0219te \u00een medie 4 euro lunar pe educa\u021bie. Infim. Eu am avut rezultate financiare excelente dup\u0103 ce am \u00eenceput s\u0103 m\u0103 educ \u00een acest sens \u0219i s\u0103 implementez o strategie corect\u0103 de business. Pentru c\u0103, f\u0103r\u0103 strategie, e doar loterie. Indiferent c\u0103 ai o idee genial\u0103, un produs inovator, servicii de cea mai bun\u0103 calitate sau c\u0103 munce\u0219ti 20 de ore pe zi, pia\u021ba este competitiv\u0103, dinamic\u0103, iar cei care sunt mai bine preg\u0103ti\u021bi \u0219i au o viziune clar\u0103, \u021bi-o vor lua \u020bnainte\u201d, explic\u0103 \u0218tefan Mandachi.<\/p>\n<p style=\"text-align: justify;\">\n<p style=\"text-align: justify;\">Programul BIZZ Accelerator \u00eenseamn\u0103 100 de zile de mentorat intensiv, 14 masterclass-uri live, cu sesiuni de Q&amp;A, \u0219i 20 de sesiuni de training tip workshop, cu antreprenori \u0219i speciali\u0219ti \u00een management, marketing, strategie \u0219i v\u00e2nz\u0103ri. \u201cObiectivul meu este s\u0103 avem 1.000 de antreprenori antrena\u021bi, care s\u0103 devin\u0103 lideri inspira\u021bionali. Omul de afaceri trebuie s\u0103 pun\u0103 accent pe performan\u021be cuantificabile, nu pe estim\u0103ri intuitive. \u00cen cadrul acestui program, m\u0103 voi concentra pe teorie, dar \u0219i pe zona practic\u0103, bazat\u0103 pe evolu\u021bia mea antreprenorial\u0103 \u0219i pe experien\u021bele mele de business. Din punctul meu de vedere, va fi un program unic. Iar partenerul meu, Iancu Guda, m\u0103 va completa perfect\u201d, a ad\u0103ugat Mandachi.<\/p>\n<p style=\"text-align: justify;\">\n<p style=\"text-align: justify;\">Concentrat pe dezvoltarea mediului antreprenorial local, BIZZ Accelerator aloc\u0103 10 locuri, gratuit, destinate studen\u021bilor \u0219i elevilor care se calific\u0103. Aceast\u0103 decizie strategic\u0103 vizeaz\u0103 stimularea interesului tinerilor pentru antreprenoriat \u0219i eliminarea barierelor financiare care le-ar putea limita accesul la educa\u021bie de calitate.<\/p>\n<p style=\"text-align: justify;\">\n<p style=\"text-align: justify;\"><strong>,<\/strong>,Se va crea un networking extraordinar, \u00een care to\u021bi antreprenorii vor avea un obiectiv comun: s\u0103 \u00eenve\u021be s\u0103 fac\u0103 business, \u00een baza unei strategii coerente de afaceri. Este impresionant modul \u00een care se formeaz\u0103 \u0219i se consolideaz\u0103 comunit\u0103\u021bile \u00een jurul unor astfel de programe. Am avut ocazia \u0219i pl\u0103cerea s\u0103 cunosc astfel de comunit\u0103\u021bi \u00een alte sesiuni de mentorat, al\u0103turi de \u0218tefan Mandachi, companii care ulterior s-au dezvoltat accelerat. Vom \u00eenv\u0103\u021ba pe \u00een\u021belesul antreprenorilor principii corecte de planificare financiar\u0103, de investi\u021bie \u0219i gestiunea afacerii. Voi interac\u021biona live cu antreprenorii, ceea ce este un plus esen\u021bial al cursului&#8221;, declar\u0103, la r\u00e2ndul s\u0103u, Iancu Guda.<\/p>\n<p style=\"text-align: justify;\">\n<p style=\"text-align: justify;\">\u0218tefan Mandachi va preda module despre strategii de marketing, v\u00e2nz\u0103ri, mindset \u0219i branding \u00een social media, punct\u00e2nd importan\u021ba unui brand personal puternic \u00een era digital\u0103, \u00een timp ce Iancu Guda va aduce \u00een prim-plan analize financiare riguroase \u0219i strategii de business. Experien\u021ba celor doi mentori \u0219i a celor 10 traineri din cadrul acestui program este important\u0103 pentru a ghida antreprenorii \u00eentr-o direc\u021bie de business corect\u0103. Ace\u0219tia \u00eemp\u0103rt\u0103\u0219esc nu doar cuno\u0219tin\u021be teoretice, ci ofer\u0103 perspectiva practic\u0103 \u0219i \u00een\u021belegerea profund\u0103 a pie\u021bei. \u00cen plus, astfel de programe contribuie la formarea unei re\u021bele de sprijin \u0219i colaborare \u00eentre actuali \u0219i viitori antreprenori, facilit\u00e2nd schimbul de idei \u0219i resurse. Ele devin nu doar locuri de \u00eenv\u0103\u021bare, ci \u0219i hub-uri ale inov\u0103rii. Lansat \u00een 2024, BIZZ Accelerator este un proiect inovator de educa\u021bie antreprenorial\u0103 \u0219i leadership, conceput pentru a r\u0103spunde nevoilor emergente ale antreprenorilor din Rom\u00e2nia. Fondat de antreprenorul \u0218tefan Mandachi, cu sprijinul economistului Iancu Guda, programul ofer\u0103 o platform\u0103 de formare avansat\u0103, deschis\u0103 tuturor celor care aspir\u0103 s\u0103 devin\u0103 lideri \u00een lumea afacerilor.<\/p>\n<p style=\"text-align: justify;\">\n<p style=\"text-align: justify;\"><strong>\u00a0<\/strong><\/p>\n","protected":false},"excerpt":{"rendered":"<p>\u00centr-un context economic \u00een care antreprenoriatul rom\u00e2nesc cunoa\u0219te o expansiune rapid\u0103, dar adesea haotic\u0103, \u0218tefan&#8230; <a class=\"meta-more\" href=\"http:\/\/infois.ro\/?p=78013\">more <span class=\"meta-nav\">&raquo;<\/span><\/a><\/p>\n","protected":false},"author":2,"featured_media":78014,"comment_status":"closed","ping_status":"closed","sticky":false,"template":"","format":"standard","meta":{"footnotes":""},"categories":[6,41],"tags":[74,2195,17551,8900,40,7416],"aioseo_notices":[],"_links":{"self":[{"href":"http:\/\/infois.ro\/index.php?rest_route=\/wp\/v2\/posts\/78013"}],"collection":[{"href":"http:\/\/infois.ro\/index.php?rest_route=\/wp\/v2\/posts"}],"about":[{"href":"http:\/\/infois.ro\/index.php?rest_route=\/wp\/v2\/types\/post"}],"author":[{"embeddable":true,"href":"http:\/\/infois.ro\/index.php?rest_route=\/wp\/v2\/users\/2"}],"replies":[{"embeddable":true,"href":"http:\/\/infois.ro\/index.php?rest_route=%2Fwp%2Fv2%2Fcomments&post=78013"}],"version-history":[{"count":1,"href":"http:\/\/infois.ro\/index.php?rest_route=\/wp\/v2\/posts\/78013\/revisions"}],"predecessor-version":[{"id":78015,"href":"http:\/\/infois.ro\/index.php?rest_route=\/wp\/v2\/posts\/78013\/revisions\/78015"}],"wp:featuredmedia":[{"embeddable":true,"href":"http:\/\/infois.ro\/index.php?rest_route=\/wp\/v2\/media\/78014"}],"wp:attachment":[{"href":"http:\/\/infois.ro\/index.php?rest_route=%2Fwp%2Fv2%2Fmedia&parent=78013"}],"wp:term":[{"taxonomy":"category","embeddable":true,"href":"http:\/\/infois.ro\/index.php?rest_route=%2Fwp%2Fv2%2Fcategories&post=78013"},{"taxonomy":"post_tag","embeddable":true,"href":"http:\/\/infois.ro\/index.php?rest_route=%2Fwp%2Fv2%2Ftags&post=78013"}],"curies":[{"name":"wp","href":"https:\/\/api.w.org\/{rel}","templated":true}]}}