{"id":78726,"date":"2024-06-27T14:30:59","date_gmt":"2024-06-27T11:30:59","guid":{"rendered":"http:\/\/infois.ro\/?p=78726"},"modified":"2024-06-27T14:30:59","modified_gmt":"2024-06-27T11:30:59","slug":"pregateste-te-de-vacanta-de-vara-cu-summer-sales-brandurile-din-palas-afiseaza-reduceri-de-pana-la-70","status":"publish","type":"post","link":"http:\/\/infois.ro\/?p=78726","title":{"rendered":"Preg\u0103te\u0219te-te de vacan\u021ba de var\u0103 cu Summer Sales! Brandurile din Palas afi\u0219eaz\u0103 reduceri de p\u00e2n\u0103 la 70%!"},"content":{"rendered":"<p><img loading=\"lazy\" decoding=\"async\" class=\"size-medium wp-image-78727 alignleft\" src=\"http:\/\/infois.ro\/wp-content\/uploads\/2024\/06\/Palas-Iasi-390x390.jpg\" alt=\"\" width=\"390\" height=\"390\" srcset=\"http:\/\/infois.ro\/wp-content\/uploads\/2024\/06\/Palas-Iasi-390x390.jpg 390w, http:\/\/infois.ro\/wp-content\/uploads\/2024\/06\/Palas-Iasi-80x80.jpg 80w, http:\/\/infois.ro\/wp-content\/uploads\/2024\/06\/Palas-Iasi-100x100.jpg 100w, http:\/\/infois.ro\/wp-content\/uploads\/2024\/06\/Palas-Iasi-144x144.jpg 144w, http:\/\/infois.ro\/wp-content\/uploads\/2024\/06\/Palas-Iasi.jpg 640w\" sizes=\"(max-width: 390px) 100vw, 390px\" \/><\/p>\n<p style=\"text-align: justify;\"><strong><em>Suntem \u00een plin sezon de var\u0103, iar <a href=\"http:\/\/www.palasmall.ro\/eveniment\/summer-sale-2024_1264\">Summer Sales<\/a> te a\u0219teapt\u0103 la Palas cu reduceri consistente \u0219i variante de \u021binute inspirate de spiritul vacan\u021bei de var\u0103. Vino la Palas \u0219i profit\u0103 de reducerile de p\u00e2n\u0103 la 70%, dar \u0219i de articole \u00een tendin\u021be pentru completarea garderobei de sezon! <\/em><\/strong><\/p>\n<p style=\"text-align: justify;\"><strong><em>\u00a0<\/em><\/strong><\/p>\n<p style=\"text-align: justify;\"><strong><a href=\"http:\/\/www.palasmall.ro\/eveniment\/summer-sale-2024_1264\">Summer Sales<\/a><\/strong> vine cu o fuziune de imprimeuri florale, siluete atemporale potrivite indiferent de v\u00e2rst\u0103, cu accente cool, dar \u0219i cu propuneri inspirate de fiecare moment al zilei. Re\u00eennoie\u0219te-\u021bi garderoba, adaug\u00e2nd piese adaptabile stilului t\u0103u \u0219i, mai ales, opteaz\u0103 pentru estetica athleisure! Vei avea de unde alege pentru c\u0103 <strong>brandurile din Palas afi\u0219eaz\u0103 reduceri consistente.\u00a0\u00a0 <\/strong><\/p>\n<p style=\"text-align: justify;\">\n<p style=\"text-align: justify;\">Zilele de var\u0103 ne aduc \u00eempreun\u0103, iar petrecerile sunt poate ocazia cea mai potrivit\u0103 pentru a-\u021bi descoperi abilit\u0103\u021bile stilistice. <strong>Mango<\/strong>, <strong>Motivi <\/strong>sau <strong>Nissa<\/strong> afi\u0219eaz\u0103 <strong>reduceri de p\u00e2n\u0103 la 70%<\/strong>, astfel c\u0103 te po\u021bi bucura de articole variate, care acoper\u0103 o gam\u0103 larg\u0103 de stiluri \u0219i preferin\u021be. Brandurile de \u00eenc\u0103l\u021b\u0103minte au, de asemenea reduceri semnificative, iar la <strong>Humanic<\/strong> vei g\u0103si perechea potrivit\u0103 \u00een func\u021bie de evenimentul \u0219i ocazia la care \u00ee\u021bi dore\u0219ti s\u0103 participi. Nu uita de cosmetice \u0219i de esen\u021bele parfumului care te vor \u00eenso\u021bi \u00een fiecare c\u0103l\u0103torie a ta, pentru c\u0103 <strong>Yves Rocher<\/strong>, <strong>Kiehl<\/strong><strong>\u2019s<\/strong>, <strong>MAC<\/strong> <strong>Cosmetics <\/strong>sau <strong>my Geisha <\/strong>au preg\u0103tit oferte speciale! La <strong>Opticris<\/strong> \u0219i <strong>Optiplaza<\/strong> vei g\u0103si <strong>reduceri de p\u00e2n\u0103 la 90%<\/strong>, iar<strong> Nespresso<\/strong> a preg\u0103tit oferte<strong> promo\u021bionale<\/strong> <strong>la expressoare<\/strong>.<\/p>\n<p style=\"text-align: justify;\">\n<p style=\"text-align: justify;\">Iar dac\u0103 vrei s\u0103 intri \u00een atmosfera de festival \u0219i te-ai g\u00e2ndit deja s\u0103 \u00ee\u021bi preg\u0103te\u0219ti \u021binutele, vino la <strong>Pandora<\/strong>, <strong>Stil Diamonds<\/strong>, <strong>Coriolan<\/strong> sau <strong>Swarovski<\/strong> \u0219i profit\u0103 de <strong>reducerile de p\u00e2n\u0103 la 40<\/strong>% <strong>la accesorii variate<\/strong>. Preg\u0103te\u0219te-l de var\u0103 pe micu\u021bul t\u0103u cu <strong>articole vestimentare chic<\/strong> de la <strong>Cocodrillo, <\/strong>pentru c\u0103 vei g\u0103si<strong> reduceri de p\u00e2n\u0103 la 60%<\/strong>!<\/p>\n<p style=\"text-align: justify;\">\n","protected":false},"excerpt":{"rendered":"<p>Suntem \u00een plin sezon de var\u0103, iar Summer Sales te a\u0219teapt\u0103 la Palas cu reduceri&#8230; <a class=\"meta-more\" href=\"http:\/\/infois.ro\/?p=78726\">more <span class=\"meta-nav\">&raquo;<\/span><\/a><\/p>\n","protected":false},"author":2,"featured_media":78727,"comment_status":"closed","ping_status":"closed","sticky":false,"template":"","format":"standard","meta":{"footnotes":""},"categories":[6,41],"tags":[74,40,100,687,17670],"aioseo_notices":[],"_links":{"self":[{"href":"http:\/\/infois.ro\/index.php?rest_route=\/wp\/v2\/posts\/78726"}],"collection":[{"href":"http:\/\/infois.ro\/index.php?rest_route=\/wp\/v2\/posts"}],"about":[{"href":"http:\/\/infois.ro\/index.php?rest_route=\/wp\/v2\/types\/post"}],"author":[{"embeddable":true,"href":"http:\/\/infois.ro\/index.php?rest_route=\/wp\/v2\/users\/2"}],"replies":[{"embeddable":true,"href":"http:\/\/infois.ro\/index.php?rest_route=%2Fwp%2Fv2%2Fcomments&post=78726"}],"version-history":[{"count":1,"href":"http:\/\/infois.ro\/index.php?rest_route=\/wp\/v2\/posts\/78726\/revisions"}],"predecessor-version":[{"id":78728,"href":"http:\/\/infois.ro\/index.php?rest_route=\/wp\/v2\/posts\/78726\/revisions\/78728"}],"wp:featuredmedia":[{"embeddable":true,"href":"http:\/\/infois.ro\/index.php?rest_route=\/wp\/v2\/media\/78727"}],"wp:attachment":[{"href":"http:\/\/infois.ro\/index.php?rest_route=%2Fwp%2Fv2%2Fmedia&parent=78726"}],"wp:term":[{"taxonomy":"category","embeddable":true,"href":"http:\/\/infois.ro\/index.php?rest_route=%2Fwp%2Fv2%2Fcategories&post=78726"},{"taxonomy":"post_tag","embeddable":true,"href":"http:\/\/infois.ro\/index.php?rest_route=%2Fwp%2Fv2%2Ftags&post=78726"}],"curies":[{"name":"wp","href":"https:\/\/api.w.org\/{rel}","templated":true}]}}