{"id":78751,"date":"2024-06-28T17:52:24","date_gmt":"2024-06-28T14:52:24","guid":{"rendered":"https:\/\/infois.ro\/?p=78751"},"modified":"2024-06-29T07:56:22","modified_gmt":"2024-06-29T04:56:22","slug":"vara-asta-fii-in-tendinte-cu-promotiile-de-pana-la-70-din-iulius-mall-iasi","status":"publish","type":"post","link":"http:\/\/infois.ro\/?p=78751","title":{"rendered":"Vara asta, fii \u00een tendin\u021be cu promo\u021biile de p\u00e2n\u0103 la 70% din Iulius Mall Ia\u0219i!"},"content":{"rendered":"<p><img loading=\"lazy\" decoding=\"async\" class=\"size-medium wp-image-78752 alignleft\" src=\"http:\/\/infois.ro\/wp-content\/uploads\/2024\/06\/Summer-Sale_Iulius-Mall-Iasi-390x195.jpg\" alt=\"\" width=\"390\" height=\"195\" srcset=\"http:\/\/infois.ro\/wp-content\/uploads\/2024\/06\/Summer-Sale_Iulius-Mall-Iasi-390x195.jpg 390w, http:\/\/infois.ro\/wp-content\/uploads\/2024\/06\/Summer-Sale_Iulius-Mall-Iasi.jpg 640w\" sizes=\"(max-width: 390px) 100vw, 390px\" \/><\/p>\n<p class=\"yiv9486401993MsoNormal\" style=\"text-align: justify;\"><b><i>Prima lun\u0103 a verii a trecut \u0219i tu deja ai purtat toate outfit-urile la care te-ai g\u00e2ndit \u0219i nu mai \u0219tii ce piese s\u0103 asortezi? La Iulius Mall Ia\u0219i a \u00eenceput Summer Sale, iar brandurile afi\u0219eaz\u0103 promo\u021bii de p\u00e2n\u0103 la 70% la articole fashion, \u00eenc\u0103l\u021b\u0103minte, accesorii \u0219i produse de beauty. Vino la o sesiune de shopping smart \u00een Iulius Mall Ia\u0219i!<\/i><\/b><\/p>\n<p class=\"yiv9486401993MsoNormal\" style=\"text-align: justify;\">\n<p class=\"yiv9486401993MsoNormal\" style=\"text-align: justify;\">Vara asta se poart\u0103 relaxarea, asortat\u0103 cu z\u00e2mbete \u0219i bun\u0103 dispozi\u021bie, dar \u0219i cu piese vestimentare comode \u0219i stylish. \u00cen\u00a0<b>Iulius Mall te a\u0219teapt\u0103 Summer Sale<\/b>, iar loca\u021biile tale favorite s-au preg\u0103tit cu\u00a0<b>promo\u021bii de p\u00e2n\u0103 la 70%<\/b>\u00a0la o varietate de articole. Dac\u0103 vrei s\u0103 vezi ce branduri afi\u0219eaz\u0103 promo\u021bii \u00een perioada aceasta, po\u021bi consulta\u00a0<a href=\"https:\/\/iasi.iuliusmall.com\/ro\/evenimente\/SummerSale2024\" target=\"_blank\" rel=\"nofollow noopener noreferrer\">catalogul online<\/a>\u00a0de pe site-ul Iulius Mall Ia\u0219i.<\/p>\n<p class=\"yiv9486401993MsoNormal\" style=\"text-align: justify;\">\n<p class=\"yiv9486401993MsoNormal\" style=\"text-align: justify;\">Oversized \u0219i cozy par s\u0103 fie trendurile care se men\u021bin \u0219i \u00een acest sezon estival. Vino \u00een\u00a0<b>Bershka<\/b>,\u00a0<b>Cropp<\/b>,\u00a0<b>H&amp;M<\/b>,\u00a0<b>Mohito<\/b>,\u00a0<b>Sinsay<\/b>,\u00a0<b>Pull&amp;Bear<\/b>,\u00a0<b>Terranova<\/b>, dar \u0219i \u00een celelalte loca\u021bii de fashion, \u0219i descoper\u0103\u00a0<b>colec\u021biile de var\u0103<\/b>\u00a0care acum sunt\u00a0<b>reduse cu p\u00e2n\u0103 la 70%<\/b>! Orice \u021binut\u0103 trebuie asortat\u0103 cu o pereche de \u00eenc\u0103l\u021b\u0103minte pe m\u0103sur\u0103, iar\u00a0<b>Gryxx<\/b>,\u00a0<b>BUZZ<\/b>,\u00a0<b>Sizeer\u00a0<\/b>te \u00eent\u00e2mpin\u0103 cu oferte de nerefuzat. \u0218i brandurile cu profil sportiv s-au al\u0103turat campaniei Summer Sale din Iulius Mall Ia\u0219i.\u00a0<b>4F<\/b>,\u00a0<b>Intersport<\/b>,\u00a0<b>Sport Vision<\/b>\u00a0au preg\u0103tit colec\u021bii versatile pentru o varietate de activit\u0103\u021bi sportive outdoor \u0219i indoor. Iar dac\u0103 vrei s\u0103 intri \u00een atmosfera de festival \u0219i te-ai g\u00e2ndit deja s\u0103 \u00ee\u021bi preg\u0103te\u0219ti \u021binutele, vino la\u00a0<b>Meli Melo<\/b>\u00a0sau\u00a0<b>Parfois<\/b>\u00a0\u0219i profit\u0103 de\u00a0<b>reducerile de p\u00e2n\u0103 la 50% la accesorii variate<\/b>!<\/p>\n<p class=\"yiv9486401993MsoNormal\" style=\"text-align: justify;\">\n<p class=\"yiv9486401993MsoNormal\" style=\"text-align: justify;\"><b>Cupio<\/b>,\u00a0<b>My Geisha<\/b>\u00a0\u0219i<b>\u00a0Nala<\/b>\u00a0\u00ee\u021bi propun ca \u00een aceast\u0103 var\u0103 s\u0103 ai grij\u0103 de tine \u0219i te a\u0219teapt\u0103 cu produse de beauty \u0219i skincare\u00a0<b>reduse cu p\u00e2n\u0103 la 40<\/b>%, dar \u0219i cu alte surprize \u0219i cadouri. Vezi \u00een\u00a0<a href=\"https:\/\/iasi.iuliusmall.com\/ro\/evenimente\/SummerSale2024\" target=\"_blank\" rel=\"nofollow noopener noreferrer\">catalogul online<\/a>\u00a0ce alte branduri au promo\u021bii \u00een aceast\u0103 perioad\u0103!<\/p>\n<p class=\"yiv9486401993MsoNormal\" style=\"text-align: justify;\">\n<p class=\"yiv9486401993MsoNormal\" style=\"text-align: justify;\"><b>Vino \u00een Iulius Mall Ia\u0219i \u0219i bucur\u0103-te de promo\u021biile de var\u0103!<\/b><\/p>\n","protected":false},"excerpt":{"rendered":"<p>Prima lun\u0103 a verii a trecut \u0219i tu deja ai purtat toate outfit-urile la care&#8230; <a class=\"meta-more\" href=\"http:\/\/infois.ro\/?p=78751\">more <span class=\"meta-nav\">&raquo;<\/span><\/a><\/p>\n","protected":false},"author":2,"featured_media":78752,"comment_status":"closed","ping_status":"closed","sticky":false,"template":"","format":"standard","meta":{"footnotes":""},"categories":[6,41],"tags":[74,40,832,490,687],"aioseo_notices":[],"_links":{"self":[{"href":"http:\/\/infois.ro\/index.php?rest_route=\/wp\/v2\/posts\/78751"}],"collection":[{"href":"http:\/\/infois.ro\/index.php?rest_route=\/wp\/v2\/posts"}],"about":[{"href":"http:\/\/infois.ro\/index.php?rest_route=\/wp\/v2\/types\/post"}],"author":[{"embeddable":true,"href":"http:\/\/infois.ro\/index.php?rest_route=\/wp\/v2\/users\/2"}],"replies":[{"embeddable":true,"href":"http:\/\/infois.ro\/index.php?rest_route=%2Fwp%2Fv2%2Fcomments&post=78751"}],"version-history":[{"count":1,"href":"http:\/\/infois.ro\/index.php?rest_route=\/wp\/v2\/posts\/78751\/revisions"}],"predecessor-version":[{"id":78753,"href":"http:\/\/infois.ro\/index.php?rest_route=\/wp\/v2\/posts\/78751\/revisions\/78753"}],"wp:featuredmedia":[{"embeddable":true,"href":"http:\/\/infois.ro\/index.php?rest_route=\/wp\/v2\/media\/78752"}],"wp:attachment":[{"href":"http:\/\/infois.ro\/index.php?rest_route=%2Fwp%2Fv2%2Fmedia&parent=78751"}],"wp:term":[{"taxonomy":"category","embeddable":true,"href":"http:\/\/infois.ro\/index.php?rest_route=%2Fwp%2Fv2%2Fcategories&post=78751"},{"taxonomy":"post_tag","embeddable":true,"href":"http:\/\/infois.ro\/index.php?rest_route=%2Fwp%2Fv2%2Ftags&post=78751"}],"curies":[{"name":"wp","href":"https:\/\/api.w.org\/{rel}","templated":true}]}}