{"id":78872,"date":"2024-07-08T13:43:14","date_gmt":"2024-07-08T10:43:14","guid":{"rendered":"https:\/\/infois.ro\/?p=78872"},"modified":"2024-07-08T13:43:14","modified_gmt":"2024-07-08T10:43:14","slug":"lucrari-de-mentenanta-la-calea-de-rulare-a-tramvaielor","status":"publish","type":"post","link":"http:\/\/infois.ro\/?p=78872","title":{"rendered":"Lucr\u0103ri de mentenan\u021b\u0103 la calea de rulare a tramvaielor"},"content":{"rendered":"<p><img loading=\"lazy\" decoding=\"async\" class=\"size-medium wp-image-78873 alignleft\" src=\"http:\/\/infois.ro\/wp-content\/uploads\/2024\/07\/mentenanta-cale-390x219.jpg\" alt=\"\" width=\"390\" height=\"219\" srcset=\"http:\/\/infois.ro\/wp-content\/uploads\/2024\/07\/mentenanta-cale-390x219.jpg 390w, http:\/\/infois.ro\/wp-content\/uploads\/2024\/07\/mentenanta-cale-140x80.jpg 140w, http:\/\/infois.ro\/wp-content\/uploads\/2024\/07\/mentenanta-cale.jpg 640w\" sizes=\"(max-width: 390px) 100vw, 390px\" \/><\/p>\n<p style=\"text-align: justify;\">\u00cen paralel cu ac\u021biunile de re\u00eennoire a flotei de tramvaie \u0219i autobuze \u0219i de amenajare \u0219i modernizare a sta\u021biilor de a\u0219teptare pentru c\u0103l\u0103tori, conducerea Companiei de Transport Public (CTP) desf\u0103\u0219oar\u0103 un program constant de lucr\u0103ri la sistemul rutier din ampriza c\u0103ii de rulare (l\u0103\u021bimea f\u00ee\u0219iei de teren pe care este construit terasamentul drumului \u2013 n.r.), realizate \u00een func\u021bie de trafic \u0219i de programul mijloacelor de transport, pentru a nu circula\u021bia \u00een zonele afectate.<\/p>\n<p style=\"text-align: justify;\">\n<p style=\"text-align: justify;\">Astfel, potrivit reprezentan\u021bilor companiei, dac\u0103 la sf\u00e2r\u0219itul anul trecut s-a reu\u0219it finalizarea lucr\u0103rilor de refacere a sistemului rutier \u0219i de decolmatare a rosturilor de-a lungul liniilor de tramvai pe tronsonul dintre intersec\u021bia str\u0103zilor Bacinschi \u0219i Str\u0103pungere Silvestru, p\u00e2n\u0103 la blocul CL 9, care au acoperit, \u00een total, peste 320 de metri cale dubl\u0103, anul acesta, p\u00e2n\u0103 acum, au fost realizate lucr\u0103ri pentru refacerea sistemului rutier \u00een ampriza c\u0103ii de rulare pe tronsoanele Pasaj Octav B\u0103ncil\u0103 &#8211; intersec\u021bia Moara 1 Mai \u00a0(782 metri de cale dubl\u0103), intersec\u021bia str. G\u0103rii cu str. Silvestru &#8211; intersec\u021bia str. Bacinschi cu str. Str\u0103pungere Silvestru (233 metri cale dubl\u0103), intersec\u021bia str. Moara 1 Mai cu str. Canta &#8211; Rond Canta (978 metri cale dubl\u0103), intersec\u021bia str. Muzicescu cu str. Arcu &#8211; intersec\u021bia str. Arcu cu str. G\u0103rii (230 metri cale dubl\u0103), intersec\u021bia str. Arcu nr. 2-22 (363 metri cale simpl\u0103).<\/p>\n<p style=\"text-align: justify;\">\n<p style=\"text-align: justify;\">\u201eDup\u0103 finalizarea acestor lucr\u0103ri vom continua cu refacerea \u0219i colmatarea rosturilor de-a lungul liniilor de tramvai, urm\u00e2nd ca recep\u021bia final\u0103 s\u0103 aib\u0103 loc \u00een toamna acestui an. \u00cen viitorul apropiat, vom \u00eencepe lucr\u0103rile de refacere a sistemului rutier pe tronsonul dintre intersec\u021bia str. G\u0103rii cu str. Silvestru \u0219i Podul de Piatr\u0103, pe o lungime de 801 metri cale dubl\u0103\u201d, a declarat Carmen Gherc\u0103, purt\u0103torul de cuv\u00e2nt al Companiei de Transport Public (CTP).<\/p>\n<p style=\"text-align: justify;\">\n","protected":false},"excerpt":{"rendered":"<p>\u00cen paralel cu ac\u021biunile de re\u00eennoire a flotei de tramvaie \u0219i autobuze \u0219i de amenajare&#8230; <a class=\"meta-more\" href=\"http:\/\/infois.ro\/?p=78872\">more <span class=\"meta-nav\">&raquo;<\/span><\/a><\/p>\n","protected":false},"author":2,"featured_media":78873,"comment_status":"closed","ping_status":"closed","sticky":false,"template":"","format":"standard","meta":{"footnotes":""},"categories":[6,41],"tags":[74,3441,8602,40,15674],"aioseo_notices":[],"_links":{"self":[{"href":"http:\/\/infois.ro\/index.php?rest_route=\/wp\/v2\/posts\/78872"}],"collection":[{"href":"http:\/\/infois.ro\/index.php?rest_route=\/wp\/v2\/posts"}],"about":[{"href":"http:\/\/infois.ro\/index.php?rest_route=\/wp\/v2\/types\/post"}],"author":[{"embeddable":true,"href":"http:\/\/infois.ro\/index.php?rest_route=\/wp\/v2\/users\/2"}],"replies":[{"embeddable":true,"href":"http:\/\/infois.ro\/index.php?rest_route=%2Fwp%2Fv2%2Fcomments&post=78872"}],"version-history":[{"count":1,"href":"http:\/\/infois.ro\/index.php?rest_route=\/wp\/v2\/posts\/78872\/revisions"}],"predecessor-version":[{"id":78874,"href":"http:\/\/infois.ro\/index.php?rest_route=\/wp\/v2\/posts\/78872\/revisions\/78874"}],"wp:featuredmedia":[{"embeddable":true,"href":"http:\/\/infois.ro\/index.php?rest_route=\/wp\/v2\/media\/78873"}],"wp:attachment":[{"href":"http:\/\/infois.ro\/index.php?rest_route=%2Fwp%2Fv2%2Fmedia&parent=78872"}],"wp:term":[{"taxonomy":"category","embeddable":true,"href":"http:\/\/infois.ro\/index.php?rest_route=%2Fwp%2Fv2%2Fcategories&post=78872"},{"taxonomy":"post_tag","embeddable":true,"href":"http:\/\/infois.ro\/index.php?rest_route=%2Fwp%2Fv2%2Ftags&post=78872"}],"curies":[{"name":"wp","href":"https:\/\/api.w.org\/{rel}","templated":true}]}}