{"id":79081,"date":"2024-07-23T06:59:38","date_gmt":"2024-07-23T03:59:38","guid":{"rendered":"http:\/\/infois.ro\/?p=79081"},"modified":"2024-07-23T10:01:32","modified_gmt":"2024-07-23T07:01:32","slug":"alimentarea-cu-gaze-naturale-sistata-temporar-pe-mai-multe-strazi-din-municipiul-iasi","status":"publish","type":"post","link":"http:\/\/infois.ro\/?p=79081","title":{"rendered":"Alimentarea cu gaze naturale, sistat\u0103 temporar pe mai multe str\u0103zi din municipiul Ia\u0219i"},"content":{"rendered":"<p><img loading=\"lazy\" decoding=\"async\" class=\"size-medium wp-image-21800 alignleft\" src=\"http:\/\/infois.ro\/wp-content\/uploads\/2016\/02\/gaze-300x202.jpg\" alt=\"\" width=\"300\" height=\"202\" srcset=\"http:\/\/infois.ro\/wp-content\/uploads\/2016\/02\/gaze-300x202.jpg 300w, http:\/\/infois.ro\/wp-content\/uploads\/2016\/02\/gaze.jpg 640w\" sizes=\"(max-width: 300px) 100vw, 300px\" \/><\/p>\n<p style=\"text-align: justify;\">Alimentarea cu gaze naturale va fi sistat\u0103 temporar mar\u021bi, 23 iulie, \u00een intervalul orar 08:00 \u2013 15:00, \u00een municipiul Ia\u0219i, la consumatori de pe str\u0103zile Dimine\u021bii, Emil Alexandrescu, Radu Vod\u0103, Neptun, Cet\u0103\u021buia. Potrivit reprezentan\u021bilor Delgaz Grid, \u00eentreruperea este cauzat\u0103 de efectuarea unor lucr\u0103ri specifice la sistemul de distribu\u021bie a gazelor natural. Delga Grid solicit\u0103 consumatorilor s\u0103 \u00eenchid\u0103 toate focurile, iar dup\u0103 reluarea distribu\u0163iei gazelor naturale s\u0103 supravegheze modul de ardere a acestora timp de 30 minute. \u201e\u00cen cazul \u00een care simt miros specific de gaz, consumatorii sunt ruga\u0163i s\u0103 anun\u0163e imediat dispeceratul de urgen\u0163\u0103 al Delgaz Grid la unul dintre numerele de telefon: 0800.800.928 (num\u0103r gratuit, apelabil din principalele re\u0163ele de telefonie fix\u0103 \u015fi mobil\u0103) sau 0265.200.928 (num\u0103r taxabil cu tarif local din re\u0163eaua Telekom \u015fi cu tariful operatorului din toate celelalte re\u0163ele de telefonie)\u201d, precizeaz\u0103 reprezentan\u021bii companiei.<\/p>\n","protected":false},"excerpt":{"rendered":"<p>Alimentarea cu gaze naturale va fi sistat\u0103 temporar mar\u021bi, 23 iulie, \u00een intervalul orar 08:00&#8230; <a class=\"meta-more\" href=\"http:\/\/infois.ro\/?p=79081\">more <span class=\"meta-nav\">&raquo;<\/span><\/a><\/p>\n","protected":false},"author":2,"featured_media":21800,"comment_status":"closed","ping_status":"closed","sticky":false,"template":"","format":"standard","meta":{"footnotes":""},"categories":[6,41],"tags":[74,8936,411,40],"aioseo_notices":[],"_links":{"self":[{"href":"http:\/\/infois.ro\/index.php?rest_route=\/wp\/v2\/posts\/79081"}],"collection":[{"href":"http:\/\/infois.ro\/index.php?rest_route=\/wp\/v2\/posts"}],"about":[{"href":"http:\/\/infois.ro\/index.php?rest_route=\/wp\/v2\/types\/post"}],"author":[{"embeddable":true,"href":"http:\/\/infois.ro\/index.php?rest_route=\/wp\/v2\/users\/2"}],"replies":[{"embeddable":true,"href":"http:\/\/infois.ro\/index.php?rest_route=%2Fwp%2Fv2%2Fcomments&post=79081"}],"version-history":[{"count":1,"href":"http:\/\/infois.ro\/index.php?rest_route=\/wp\/v2\/posts\/79081\/revisions"}],"predecessor-version":[{"id":79082,"href":"http:\/\/infois.ro\/index.php?rest_route=\/wp\/v2\/posts\/79081\/revisions\/79082"}],"wp:featuredmedia":[{"embeddable":true,"href":"http:\/\/infois.ro\/index.php?rest_route=\/wp\/v2\/media\/21800"}],"wp:attachment":[{"href":"http:\/\/infois.ro\/index.php?rest_route=%2Fwp%2Fv2%2Fmedia&parent=79081"}],"wp:term":[{"taxonomy":"category","embeddable":true,"href":"http:\/\/infois.ro\/index.php?rest_route=%2Fwp%2Fv2%2Fcategories&post=79081"},{"taxonomy":"post_tag","embeddable":true,"href":"http:\/\/infois.ro\/index.php?rest_route=%2Fwp%2Fv2%2Ftags&post=79081"}],"curies":[{"name":"wp","href":"https:\/\/api.w.org\/{rel}","templated":true}]}}