{"id":79615,"date":"2024-09-11T11:19:34","date_gmt":"2024-09-11T08:19:34","guid":{"rendered":"https:\/\/infois.ro\/?p=79615"},"modified":"2024-09-11T11:19:34","modified_gmt":"2024-09-11T08:19:34","slug":"casa-viitorului-testata-in-premiera-de-ieseni-in-cadrul-caravanei-roenef","status":"publish","type":"post","link":"http:\/\/infois.ro\/?p=79615","title":{"rendered":"\u201eCasa viitorului\u201d, testat\u0103 \u00een premier\u0103 de ie\u0219eni \u00een cadrul \u201eCaravanei ROENEF\u201d"},"content":{"rendered":"<p><img loading=\"lazy\" decoding=\"async\" class=\"size-medium wp-image-79616 alignleft\" src=\"http:\/\/infois.ro\/wp-content\/uploads\/2024\/09\/casa-nzeb-390x390.jpg\" alt=\"\" width=\"390\" height=\"390\" srcset=\"http:\/\/infois.ro\/wp-content\/uploads\/2024\/09\/casa-nzeb-390x390.jpg 390w, http:\/\/infois.ro\/wp-content\/uploads\/2024\/09\/casa-nzeb-80x80.jpg 80w, http:\/\/infois.ro\/wp-content\/uploads\/2024\/09\/casa-nzeb-100x100.jpg 100w, http:\/\/infois.ro\/wp-content\/uploads\/2024\/09\/casa-nzeb-144x144.jpg 144w, http:\/\/infois.ro\/wp-content\/uploads\/2024\/09\/casa-nzeb.jpg 640w\" sizes=\"(max-width: 390px) 100vw, 390px\" \/><\/p>\n<p style=\"text-align: justify;\">Casa nZEB sau \u201ecasa viitorului\u201d, a\u0219a cum a fost denumit\u0103 de c\u0103tre speciali\u0219tii \u00een domeniul eficien\u021bei energetice, va putea fi admirat\u0103 \u0219i testat\u0103 \u00een premier\u0103 de c\u0103tre ie\u0219eni \u00een perioada 16 \u2013 17 septembrie, \u00eentre orele 14.30 \u2013 18.30, \u00een Pia\u021ba Palatului Culturii, \u00een cadrul \u201eCaravanei ROENEF\u201d, eveniment organizat de Asocia\u021bia pentru Promovarea Eficien\u021bei Energetice \u00een Cl\u0103diri (ROENEF) \u00een parteneriat cu o binecunoscut\u0103 institu\u021bie bancar\u0103 care \u00ee\u0219i desf\u0103\u0219oar\u0103 activitatea \u00een \u021bara noastr\u0103. \u00cen cadrul aceleia\u0219i manifest\u0103ri, pe 17 septembrie, \u00eentre orele 09.30 \u2013 13.30, \u00een Sala Mare a Prim\u0103riei vor avea loc o serie de seminarii \u0219i workshop-uri care vor avea ca tem\u0103 promovarea construc\u021biilor eficiente din punct de vedere energetic, eveniment la care \u0219i-au anun\u021bat participarea, printre al\u021bii, primarul municipiului Ia\u0219i, Mihai Chirica, pre\u0219edintele Consiliului Jude\u021bean (CJ) Ia\u0219i, Costel Alexe, directorul executiv al Asocia\u021biei pentru Promovarea Eficien\u021bei Energetice \u00een Cl\u0103diri (ROENEF), Mihai Moia, arhitectul proiectului \u201eCasa demonstrativ\u0103 nZEB\u201d, Sergiu Petrea, al\u0103turi de reprezentan\u021bi ai Ministerului Mediului, Apelor \u0219i P\u0103durilor (MMAP), Departamentului pentru Dezvoltare Durabil\u0103 (DDD), Asocia\u021biei Auditorilor Energetici pentru Cl\u0103diri din Rom\u00e2nia (AAECR) \u0219i ai b\u0103ncii implicate \u00een proiect. \u201eCaravana ROENEF promoveaz\u0103 solu\u021bii inovatoare pentru eficien\u021ba energetic\u0103 \u00een cl\u0103diri \u0219i ofer\u0103 o oportunitate unic\u0103 de a descoperi cele mai recente tehnologii \u0219i bune practici din domeniu. Casa demonstrativ\u0103 nZEB, construit\u0103 conform standardului de cl\u0103diri cu consum aproape zero de energie, va fi punctul central al evenimentului, ilustr\u00e2nd beneficiile directe pentru mediul \u00eenconjur\u0103tor \u0219i calitatea vie\u021bii\u201d, declar\u0103 organizatorii. Ia\u0219ul este primul dintre cele 6 ora\u0219e \u00een care va poposi \u201eCaravana ROENEF\u201d, \u00een perioada 16 \u2013 17 septembrie, celelalte localit\u0103\u021bi incluse \u00een proiect fiind Constan\u021ba (19-20 septembrie), Bra\u0219ov (26-27 septembrie), Oradea (30 octombrie \u2013 1 octombrie), Cluj (3-4 octombrie) \u0219i Timi\u0219oara (10-11 octombrie).<\/p>\n","protected":false},"excerpt":{"rendered":"<p>Casa nZEB sau \u201ecasa viitorului\u201d, a\u0219a cum a fost denumit\u0103 de c\u0103tre speciali\u0219tii \u00een domeniul&#8230; <a class=\"meta-more\" href=\"http:\/\/infois.ro\/?p=79615\">more <span class=\"meta-nav\">&raquo;<\/span><\/a><\/p>\n","protected":false},"author":2,"featured_media":79616,"comment_status":"closed","ping_status":"closed","sticky":false,"template":"","format":"standard","meta":{"footnotes":""},"categories":[6,41],"tags":[74,17836,3378,40],"aioseo_notices":[],"_links":{"self":[{"href":"http:\/\/infois.ro\/index.php?rest_route=\/wp\/v2\/posts\/79615"}],"collection":[{"href":"http:\/\/infois.ro\/index.php?rest_route=\/wp\/v2\/posts"}],"about":[{"href":"http:\/\/infois.ro\/index.php?rest_route=\/wp\/v2\/types\/post"}],"author":[{"embeddable":true,"href":"http:\/\/infois.ro\/index.php?rest_route=\/wp\/v2\/users\/2"}],"replies":[{"embeddable":true,"href":"http:\/\/infois.ro\/index.php?rest_route=%2Fwp%2Fv2%2Fcomments&post=79615"}],"version-history":[{"count":1,"href":"http:\/\/infois.ro\/index.php?rest_route=\/wp\/v2\/posts\/79615\/revisions"}],"predecessor-version":[{"id":79617,"href":"http:\/\/infois.ro\/index.php?rest_route=\/wp\/v2\/posts\/79615\/revisions\/79617"}],"wp:featuredmedia":[{"embeddable":true,"href":"http:\/\/infois.ro\/index.php?rest_route=\/wp\/v2\/media\/79616"}],"wp:attachment":[{"href":"http:\/\/infois.ro\/index.php?rest_route=%2Fwp%2Fv2%2Fmedia&parent=79615"}],"wp:term":[{"taxonomy":"category","embeddable":true,"href":"http:\/\/infois.ro\/index.php?rest_route=%2Fwp%2Fv2%2Fcategories&post=79615"},{"taxonomy":"post_tag","embeddable":true,"href":"http:\/\/infois.ro\/index.php?rest_route=%2Fwp%2Fv2%2Ftags&post=79615"}],"curies":[{"name":"wp","href":"https:\/\/api.w.org\/{rel}","templated":true}]}}