{"id":80105,"date":"2024-11-08T19:20:28","date_gmt":"2024-11-08T17:20:28","guid":{"rendered":"https:\/\/infois.ro\/?p=80105"},"modified":"2024-11-09T07:24:15","modified_gmt":"2024-11-09T05:24:15","slug":"palas-si-iulius-mall-iasi-au-dat-startul-reducerilor-de-pana-la-70-de-black-friday","status":"publish","type":"post","link":"http:\/\/infois.ro\/?p=80105","title":{"rendered":"Palas \u0219i Iulius Mall Ia\u0219i au dat startul reducerilor de p\u00e2n\u0103 la 70%, de Black Friday"},"content":{"rendered":"<p><img loading=\"lazy\" decoding=\"async\" class=\"size-medium wp-image-80106 alignleft\" src=\"http:\/\/infois.ro\/wp-content\/uploads\/2024\/11\/Black-Friday-Palas-2024-390x268.jpg\" alt=\"\" width=\"390\" height=\"268\" srcset=\"http:\/\/infois.ro\/wp-content\/uploads\/2024\/11\/Black-Friday-Palas-2024-390x268.jpg 390w, http:\/\/infois.ro\/wp-content\/uploads\/2024\/11\/Black-Friday-Palas-2024.jpg 640w\" sizes=\"(max-width: 390px) 100vw, 390px\" \/><\/p>\n<p style=\"text-align: justify;\"><strong><em>Pentru c\u0103 iube\u0219ti reducerile \u0219i deja te-ai preg\u0103tit de sesiuni intensive de shopping, Palas \u0219i Iulius Mall Ia\u0219i \u021bi-au preg\u0103tit catalogul celui mai a\u0219teptat eveniment dedicat iubitorilor de cump\u0103r\u0103turi. \u00cencep\u00e2nd din aceast\u0103 s\u0103pt\u0103m\u00e2n\u0103, Black Friday vine cu oferte la brandurile tale preferate, iar tu vei g\u0103si reduceri de p\u00e2n\u0103 la 70% la o gam\u0103 extins\u0103 de produse din categorii variate: de la articole vestimentare, \u00eenc\u0103l\u021b\u0103minte, accesorii, cosmetice \u0219i p\u00e2n\u0103 la electronice sau juc\u0103rii.<\/em><\/strong><\/p>\n<p style=\"text-align: justify;\">\n<p style=\"text-align: justify;\">Black Friday este un bun prilej pentru a-\u021bi lua ceva ce \u021bi-ai dorit de mult timp sau pentru a v\u00e2na articole inedite la pre\u021buri accesibile. Este momentul oportun s\u0103 vii la Palas \u0219i la Iulius Mall pentru distrac\u021bie, socializare \u0219i, \u00een special, shopping inteligent!<\/p>\n<p style=\"text-align: justify;\">\n<p style=\"text-align: justify;\"><strong>La Palas, magazinele de \u00eembr\u0103c\u0103minte BOSS<\/strong>, <strong>Peek&amp;Cloppenburg<\/strong>, <strong>Guess<\/strong>, <strong>Motivi<\/strong>, <strong>C&amp;A<\/strong>, <strong>Tom Tailor<\/strong>, <strong>Marc O\u2019Polo<\/strong>, <strong>Lee Cooper<\/strong>, <strong>Levi<\/strong><strong>\u2019s, Nissa, LC Waikiki<\/strong> \u015fi altii afi\u0219eaz\u0103 <strong>reduceri tentante<\/strong>. Vei g\u0103si haine practice, \u00eenc\u0103l\u021b\u0103minte minimalist\u0103 pentru pasiona\u021bii designului versatil, precum \u0219i accesorii variate care vor da o not\u0103 fresh \u021binutelor tale. De la treningurile comode sau deux-piece-ul casual-sport \u0219i p\u00e2n\u0103 la accesoriile necesare unei plimb\u0103ri \u00een aer liber, la <strong>Intersport <\/strong>\u0219i <strong>Nike<\/strong> g\u0103se\u0219ti <strong>promo\u0163ii atractive<\/strong>.<\/p>\n<p style=\"text-align: justify;\">\n<p style=\"text-align: justify;\">Ai pus ochii pe o nou\u0103 pereche de botine pentru iarna aceasta? La magazinele <strong>Enzo Bertini, Ecco, Grid, Musette, Tezyo din Palas <\/strong>g\u0103se\u015fti <strong>\u00eenc\u0103l\u021b\u0103minte la pre\u0163uri reduse, <\/strong>pe care s\u0103 o po\u021bi integra \u00een multe dintre ocazii. Discrete \u0219i rafinate, bijuteriile de la <strong>Sabrini<\/strong>, <strong>Coriolan<\/strong>, <strong>Pandora<\/strong>, <strong>Swarovski<\/strong>, <strong>Atlantis Gold sau<\/strong> <strong>Sokolov<\/strong> au \u0163\u0103iat \u015fi ele din pre\u0163uri, cu ocazia Black Friday.<\/p>\n<p style=\"text-align: justify;\"><img loading=\"lazy\" decoding=\"async\" class=\"size-medium wp-image-80107 alignright\" src=\"http:\/\/infois.ro\/wp-content\/uploads\/2024\/11\/Black-Friday-Iulius-Mall-390x219.jpg\" alt=\"\" width=\"390\" height=\"219\" srcset=\"http:\/\/infois.ro\/wp-content\/uploads\/2024\/11\/Black-Friday-Iulius-Mall-390x219.jpg 390w, http:\/\/infois.ro\/wp-content\/uploads\/2024\/11\/Black-Friday-Iulius-Mall-140x80.jpg 140w, http:\/\/infois.ro\/wp-content\/uploads\/2024\/11\/Black-Friday-Iulius-Mall.jpg 640w\" sizes=\"(max-width: 390px) 100vw, 390px\" \/><\/p>\n<p style=\"text-align: justify;\">Loca\u021bii ce fac parte din categoria ,,must-visit\u201d sunt \u0219i <strong>Optiblu <\/strong>(Palas \u015fi Iulius Mall) sau <strong>Optiplaza<\/strong>, de unde po\u021bi achizi\u021biona rame \u0219i ochelari de soare, <strong>reduse cu p\u00e2n\u0103 la 90%<\/strong>, sau magazinul preferat al copiilor, <strong>Noriel<\/strong>, care te a\u0219teapt\u0103 cu <strong>reduceri de p\u00e2n\u0103 la 70% la<\/strong> o selec\u021bie de juc\u0103rii. Tot la Palas, g\u0103se\u015fti promo\u021bii la cosmetice \u00een magazine precum: <strong>The Body Shop, Pupa Milano<\/strong>, <strong>Mac Cosmetics<\/strong>, <strong>Kiehl\u2019s<\/strong>, <strong>my Geisha<\/strong>, <strong>The Makeup SHOP,<\/strong> <strong>Yves Rocher, Xpert Beauty <\/strong>\u0219i<strong> Sephora<\/strong>. Brandurile <strong>Intimissimi sau<\/strong> <strong>Calzedonia<\/strong> afi\u0219eaz\u0103 \u015fi ele <strong>reduceri <\/strong>la o gam\u0103 variat\u0103 de produse. <strong>Altex, \u00een Palas,<\/strong> \u0219i <strong>eMAG, \u00een Iulius Mall,<\/strong> afi\u0219eaz\u0103 reduceri semnificative la o gam\u0103 variat\u0103 de produse: de la telefoane, tablete, laptopuri, produse din categoria gaming, electrocasnice \u0219i p\u00e2n\u0103 la articole de beauty sau s\u0103n\u0103tate.<\/p>\n<p style=\"text-align: justify;\">\n<p style=\"text-align: justify;\">La Iulius Mall Ia\u0219i, brandurile de haine, cum sunt <strong>Cropp<\/strong>, <strong>H&amp;M<\/strong>, <strong>Koton<\/strong>, <strong>Mohito<\/strong> \u0219i <strong>Terranova<\/strong>, afi\u0219eaz\u0103 reduceri la anumite produse, iar <strong>\u00eenc\u0103l\u021b\u0103minte redus\u0103 cu p\u00e2n\u0103 la 50% g\u0103se\u0219ti la In Tempo \u0219i GRYXX<\/strong>. Nu l\u0103sa iarna s\u0103 te surprind\u0103, descoper\u0103 ce au preg\u0103tit <strong>4 F<\/strong>, <strong>BUZZ<\/strong>, <strong>Sizeer<\/strong> \u0219i <strong>Sport Vision<\/strong> \u0219i alege-\u021bi \u021binuta potrivit\u0103 pentru vacan\u021be la munte! <strong>Jolidon <\/strong>afi\u0219eaz\u0103 <strong>reduceri de p\u00e2n\u0103 la 70% \u00een perioada 21-24 noiembrie<\/strong>. Pentru ritualul t\u0103u de frumuse\u021be, vino la <strong>Sephora<\/strong>, <strong>Cupio<\/strong>, <strong>Marionnaud<\/strong> sau <strong>Nala<\/strong> \u0219i nu uita s\u0103 por\u021bi amintiri pre\u021bioase de la <strong>Meli Melo<\/strong>!<\/p>\n<p style=\"text-align: justify;\">\n<p style=\"text-align: justify;\">Nu uita c\u0103 Palas \u0219i Iulius Mall abia au dat startul reducerilor, iar brandurile te \u00eent\u00e2mpin\u0103 cu promo\u021bii p\u00e2n\u0103 la finalul lunii noiembrie, iar pentru a profita de toate ofertele, acceseaz\u0103 <a href=\"http:\/\/www.palasmall.ro\/eveniment\/black-friday-2024_1279\">catalogul online Palas<\/a> \u0219i <a href=\"https:\/\/iasi.iuliusmall.com\/ro\/evenimente\/black-friday-2024\">catalogul Iulius Mall<\/a>!<\/p>\n<p style=\"text-align: justify;\">\n","protected":false},"excerpt":{"rendered":"<p>Pentru c\u0103 iube\u0219ti reducerile \u0219i deja te-ai preg\u0103tit de sesiuni intensive de shopping, Palas \u0219i&#8230; <a class=\"meta-more\" href=\"http:\/\/infois.ro\/?p=80105\">more <span class=\"meta-nav\">&raquo;<\/span><\/a><\/p>\n","protected":false},"author":2,"featured_media":80106,"comment_status":"closed","ping_status":"closed","sticky":false,"template":"","format":"standard","meta":{"footnotes":""},"categories":[6,41],"tags":[74,3685,40,832,53,687],"aioseo_notices":[],"_links":{"self":[{"href":"http:\/\/infois.ro\/index.php?rest_route=\/wp\/v2\/posts\/80105"}],"collection":[{"href":"http:\/\/infois.ro\/index.php?rest_route=\/wp\/v2\/posts"}],"about":[{"href":"http:\/\/infois.ro\/index.php?rest_route=\/wp\/v2\/types\/post"}],"author":[{"embeddable":true,"href":"http:\/\/infois.ro\/index.php?rest_route=\/wp\/v2\/users\/2"}],"replies":[{"embeddable":true,"href":"http:\/\/infois.ro\/index.php?rest_route=%2Fwp%2Fv2%2Fcomments&post=80105"}],"version-history":[{"count":1,"href":"http:\/\/infois.ro\/index.php?rest_route=\/wp\/v2\/posts\/80105\/revisions"}],"predecessor-version":[{"id":80108,"href":"http:\/\/infois.ro\/index.php?rest_route=\/wp\/v2\/posts\/80105\/revisions\/80108"}],"wp:featuredmedia":[{"embeddable":true,"href":"http:\/\/infois.ro\/index.php?rest_route=\/wp\/v2\/media\/80106"}],"wp:attachment":[{"href":"http:\/\/infois.ro\/index.php?rest_route=%2Fwp%2Fv2%2Fmedia&parent=80105"}],"wp:term":[{"taxonomy":"category","embeddable":true,"href":"http:\/\/infois.ro\/index.php?rest_route=%2Fwp%2Fv2%2Fcategories&post=80105"},{"taxonomy":"post_tag","embeddable":true,"href":"http:\/\/infois.ro\/index.php?rest_route=%2Fwp%2Fv2%2Ftags&post=80105"}],"curies":[{"name":"wp","href":"https:\/\/api.w.org\/{rel}","templated":true}]}}