{"id":80465,"date":"2025-01-09T18:21:39","date_gmt":"2025-01-09T16:21:39","guid":{"rendered":"https:\/\/infois.ro\/?p=80465"},"modified":"2025-01-10T08:23:51","modified_gmt":"2025-01-10T06:23:51","slug":"vineri-seara-concert-de-gala-dedicat-compozitorului-austriac-johann-strauss-fiul-oferit-de-filarmonica-de-stat-moldova-iasi-in-atriumul-palas","status":"publish","type":"post","link":"http:\/\/infois.ro\/?p=80465","title":{"rendered":"Vineri seara, concert de gal\u0103 dedicat compozitorului austriac Johann Strauss fiul, oferit de  Filarmonica de Stat \u201eMoldova\u201d Ia\u0219i, \u00een Atriumul Palas"},"content":{"rendered":"<p><img loading=\"lazy\" decoding=\"async\" class=\"size-medium wp-image-80466 alignleft\" src=\"http:\/\/infois.ro\/wp-content\/uploads\/2025\/01\/palas1-390x260.jpg\" alt=\"\" width=\"390\" height=\"260\" srcset=\"http:\/\/infois.ro\/wp-content\/uploads\/2025\/01\/palas1-390x260.jpg 390w, http:\/\/infois.ro\/wp-content\/uploads\/2025\/01\/palas1.jpg 640w\" sizes=\"(max-width: 390px) 100vw, 390px\" \/><\/p>\n<p class=\"yiv9043336352MsoNormal\" style=\"text-align: justify;\"><b><i><span lang=\"RO\">Celebr\u00e2nd 200 de ani de la na\u0219terea lui Johann Strauss fiul, Filarmonica de Stat \u201eMoldova\u201d Ia\u0219i aduce vineri la Palas, sub bagheta dirijorului Adrian Morar, un concert de gal\u0103 dedicat compozitorului austriac. Valsuri \u00eendr\u0103gite din opera acestuia vor \u00eenc\u00e2nta publicul pe scena din Atrium, amintind de celebrul concert de Anul Nou al Filarmonicii din Viena.\u00a0\u00a0<\/span><\/i><\/b><\/p>\n<p class=\"yiv9043336352MsoNormal\" style=\"text-align: justify;\"><span lang=\"RO\">\u00a0<\/span><\/p>\n<p class=\"yiv9043336352MsoNormal\" style=\"text-align: justify;\"><span lang=\"RO\">\u00cen spiritul tradi\u021bionalului concert de Anul Nou de la Viena, Filarmonica de Stat \u201eMoldova\u201d Ia\u0219i deschide stagiunea anului 2025 cu un\u00a0<b>spectacol dedicat compozitorului Johann Strauss fiul<\/b>.\u00a0<\/span><b>Vineri,<\/b>\u00a0<b><span lang=\"RO\">10 ianuarie 2025<\/span><\/b><span lang=\"RO\">,\u00a0<b>de la ora 19:00<\/b>,\u00a0<b>Atriumul Palas<\/b>\u00a0ofer\u0103 fundalul \u00eenceputului de an g\u0103zduind un concert simfonic al c\u0103rui repertoriu introduce publicul \u00een atmosfera epocii valsului vienez.<\/span><\/p>\n<p class=\"yiv9043336352MsoNormal\" style=\"text-align: justify;\"><span lang=\"RO\">\u00a0<\/span><\/p>\n<p class=\"yiv9043336352MsoNormal\" style=\"text-align: justify;\"><span lang=\"RO\">De la cel mai cunoscut vals,\u00a0<i>Dun\u0103rea Albastr\u0103<\/i>, \u0219i p\u00e2n\u0103 la valsurile inspirate de sonorit\u0103\u021bile naturii, publicul este invitat s\u0103 descopere fragmente muzicale care au \u00eenc\u00e2ntat audien\u021ba ani de-a r\u00e2ndul \u0219i care au devenit o parte semnificativ\u0103 din istoria muzicii europene.<\/span><\/p>\n<p class=\"yiv9043336352MsoNormal\" style=\"text-align: justify;\"><span lang=\"RO\">\u00a0<\/span><\/p>\n<p class=\"yiv9043336352MsoNormal\" style=\"text-align: justify;\"><span lang=\"RO\">Ca de fiecare dat\u0103, ie\u015fenii vor avea parte de o experien\u0163\u0103 memorabil\u0103, av\u00e2nd ocazia s\u0103 asculte interpret\u0103ri magistrale ale unor dintre cele mai valoroase crea\u0163ii muzicale. Accesul este liber tuturor iubitorilor de muzic\u0103 simfonic\u0103.<\/span><\/p>\n<p class=\"yiv9043336352MsoNormal\" style=\"text-align: justify;\"><span lang=\"RO\">\u00a0<\/span><\/p>\n<p class=\"yiv9043336352MsoNormal\" style=\"text-align: justify;\"><span lang=\"RO\">\u00cen completarea cadrului de poveste,\u00a0<b>\u201eThe Glowing Garden\u201d<\/b>\u00a0din parcul Palas este deschis\u0103 curio\u0219ilor p\u00e2n\u0103 pe data de 15 ianuarie. Expozi\u021bia recreeaz\u0103 un safari populat de figurine luminoase din peste 5.000 de lumini\u021be \u0219i 170 de instala\u021bii luminoase ce ilustreaz\u0103 animale exotice, personaje din pove\u0219ti, arbori \u0219i forme fantastice.<\/span><\/p>\n","protected":false},"excerpt":{"rendered":"<p>Celebr\u00e2nd 200 de ani de la na\u0219terea lui Johann Strauss fiul, Filarmonica de Stat \u201eMoldova\u201d&#8230; <a class=\"meta-more\" href=\"http:\/\/infois.ro\/?p=80465\">more <span class=\"meta-nav\">&raquo;<\/span><\/a><\/p>\n","protected":false},"author":2,"featured_media":80466,"comment_status":"closed","ping_status":"closed","sticky":false,"template":"","format":"standard","meta":{"footnotes":""},"categories":[41,60],"tags":[74,17964,2510,40,17965,100],"aioseo_notices":[],"_links":{"self":[{"href":"http:\/\/infois.ro\/index.php?rest_route=\/wp\/v2\/posts\/80465"}],"collection":[{"href":"http:\/\/infois.ro\/index.php?rest_route=\/wp\/v2\/posts"}],"about":[{"href":"http:\/\/infois.ro\/index.php?rest_route=\/wp\/v2\/types\/post"}],"author":[{"embeddable":true,"href":"http:\/\/infois.ro\/index.php?rest_route=\/wp\/v2\/users\/2"}],"replies":[{"embeddable":true,"href":"http:\/\/infois.ro\/index.php?rest_route=%2Fwp%2Fv2%2Fcomments&post=80465"}],"version-history":[{"count":1,"href":"http:\/\/infois.ro\/index.php?rest_route=\/wp\/v2\/posts\/80465\/revisions"}],"predecessor-version":[{"id":80467,"href":"http:\/\/infois.ro\/index.php?rest_route=\/wp\/v2\/posts\/80465\/revisions\/80467"}],"wp:featuredmedia":[{"embeddable":true,"href":"http:\/\/infois.ro\/index.php?rest_route=\/wp\/v2\/media\/80466"}],"wp:attachment":[{"href":"http:\/\/infois.ro\/index.php?rest_route=%2Fwp%2Fv2%2Fmedia&parent=80465"}],"wp:term":[{"taxonomy":"category","embeddable":true,"href":"http:\/\/infois.ro\/index.php?rest_route=%2Fwp%2Fv2%2Fcategories&post=80465"},{"taxonomy":"post_tag","embeddable":true,"href":"http:\/\/infois.ro\/index.php?rest_route=%2Fwp%2Fv2%2Ftags&post=80465"}],"curies":[{"name":"wp","href":"https:\/\/api.w.org\/{rel}","templated":true}]}}