{"id":80583,"date":"2025-01-29T17:38:58","date_gmt":"2025-01-29T15:38:58","guid":{"rendered":"https:\/\/infois.ro\/?p=80583"},"modified":"2025-01-29T17:38:58","modified_gmt":"2025-01-29T15:38:58","slug":"cauti-un-loc-special-pentru-urmatorul-tau-eveniment-congress-hall-palas-te-asteapta-cu-atmosfera-eleganta-si-servicii-personalizate","status":"publish","type":"post","link":"http:\/\/infois.ro\/?p=80583","title":{"rendered":"Cau\u021bi un loc special pentru urm\u0103torul t\u0103u eveniment? Congress Hall Palas te a\u0219teapt\u0103 cu atmosfer\u0103 elegant\u0103 \u0219i servicii personalizate"},"content":{"rendered":"<p><img loading=\"lazy\" decoding=\"async\" class=\"size-medium wp-image-80584 alignleft\" src=\"http:\/\/infois.ro\/wp-content\/uploads\/2025\/01\/palas1-2-390x260.jpg\" alt=\"\" width=\"390\" height=\"260\" srcset=\"http:\/\/infois.ro\/wp-content\/uploads\/2025\/01\/palas1-2-390x260.jpg 390w, http:\/\/infois.ro\/wp-content\/uploads\/2025\/01\/palas1-2.jpg 640w\" sizes=\"(max-width: 390px) 100vw, 390px\" \/><\/p>\n<p style=\"text-align: justify;\"><strong><em>\u00cen 2025, planurile fiec\u0103ruia dintre noi se leag\u0103 de cele mai frumoase evenimente din via\u021ba de cuplu, de reu\u0219itele profesionale sau de petrecerile la care \u00eei avem pe cei dragi al\u0103turi. \u0218i cum fiecare moment care merit\u0103 celebrat are nevoie de un spa\u021biu pe m\u0103sur\u0103, centrul de evenimente Congress Hall Palas \u00ee\u021bi ofer\u0103 cadrul perfect pentru amintiri de neuitat. De la congrese, conferin\u021be, workshop-uri \u0219i petreceri corporate, p\u00e2n\u0103 la cursuri festive sau banchete, s\u0103lile de la Congress Hall sunt \u00eentotdeauna alegerea potrivit\u0103.\u00a0 <\/em><\/strong><\/p>\n<p style=\"text-align: justify;\"><img loading=\"lazy\" decoding=\"async\" class=\"size-medium wp-image-80585 alignright\" src=\"http:\/\/infois.ro\/wp-content\/uploads\/2025\/01\/palas2-1-390x260.jpg\" alt=\"\" width=\"390\" height=\"260\" srcset=\"http:\/\/infois.ro\/wp-content\/uploads\/2025\/01\/palas2-1-390x260.jpg 390w, http:\/\/infois.ro\/wp-content\/uploads\/2025\/01\/palas2-1.jpg 640w\" sizes=\"(max-width: 390px) 100vw, 390px\" \/><\/p>\n<p style=\"text-align: justify;\">Pun\u00e2ndu-\u021bi la dispozi\u0163ie servicii care se aliniaz\u0103 standardelor \u00eenalte ale ospitalit\u0103\u0163ii, Congress Hall dispune de patru s\u0103li de evenimente \u2212 Mozart, Chopin, Vivaldi \u015fi Ravel \u2212 a c\u0103ror configura\u021bie poate fi adaptat\u0103 \u00een conformitate cu tipul de eveniment \u015fi preferin\u0163ele tale. Capacitatea poate ajunge p\u00e2n\u0103 la 1.000 de persoane \u00een func\u021bie de amenajarea s\u0103lii, iar tu beneficiezi \u0219i de alte adapt\u0103ri personalizate.<\/p>\n<p style=\"text-align: justify;\">\n<p style=\"text-align: justify;\">La Congress Hall ai parte de consiliere din partea unei echipe specializate, dar \u0219i de servicii care includ echipamente profesionale \u0219i asisten\u021b\u0103 tehnic\u0103. Terasa generoas\u0103, care face vizibil\u0103 at\u00e2t panorama \u00eentregului ansamblu, c\u00e2t \u015fi cea a Palatului Culturii este, de asemenea, o op\u021biune pentru organizarea evenimentelor.<\/p>\n<p style=\"text-align: justify;\"><img loading=\"lazy\" decoding=\"async\" class=\"size-medium wp-image-80586 alignleft\" src=\"http:\/\/infois.ro\/wp-content\/uploads\/2025\/01\/palas3-390x260.jpg\" alt=\"\" width=\"390\" height=\"260\" srcset=\"http:\/\/infois.ro\/wp-content\/uploads\/2025\/01\/palas3-390x260.jpg 390w, http:\/\/infois.ro\/wp-content\/uploads\/2025\/01\/palas3.jpg 640w\" sizes=\"(max-width: 390px) 100vw, 390px\" \/><\/p>\n<p style=\"text-align: justify;\"><strong>Vlad Gociman<\/strong>, <strong>Events Manager Congress Hall Palas<\/strong>: \u201e<em>La Congress Hall putem g\u0103zdui at\u00e2t evenimente de amploare, de p\u00e2n\u0103 la 350 de participan\u021bi, c\u00e2t \u0219i evenimente restr\u00e2nse, cu minimum 20 de invita\u021bi. Oferim consultan\u021b\u0103 personalizat\u0103 \u00een alegerea meniului, \u00een gestionarea programului \u0219i a tuturor detaliilor organizatorice, tocmai pentru ca cei care vin aici s\u0103 se poat\u0103 bucura de momente a\u0219a cum \u0219i-au imaginat. <\/em><em>Anul acesta, Congress Hall mai are c\u00e2teva date disponibile \u00een zile de weekend, pentru nun\u021bi sau petreceri aniversare, dar \u0219i \u00een timpul s\u0103pt\u0103m\u00e2nii pentru recep\u021bii, conferin\u021be, workshop-uri\u201d.<\/em><\/p>\n<p style=\"text-align: justify;\"><img loading=\"lazy\" decoding=\"async\" class=\"size-medium wp-image-80587 alignright\" src=\"http:\/\/infois.ro\/wp-content\/uploads\/2025\/01\/palas4-390x219.jpg\" alt=\"\" width=\"390\" height=\"219\" srcset=\"http:\/\/infois.ro\/wp-content\/uploads\/2025\/01\/palas4-390x219.jpg 390w, http:\/\/infois.ro\/wp-content\/uploads\/2025\/01\/palas4-140x80.jpg 140w, http:\/\/infois.ro\/wp-content\/uploads\/2025\/01\/palas4.jpg 640w\" sizes=\"(max-width: 390px) 100vw, 390px\" \/><\/p>\n<p style=\"text-align: justify;\">Iar dac\u0103 nu a\u021bi setat \u00eenc\u0103 data nun\u021bii, Congress Hall este cadrul ideal pentru ziua voastr\u0103 special\u0103. At\u00e2t s\u0103lile, c\u00e2t \u0219i terasa pot tranforma ceremonia, dar \u0219i petrecerea de nunt\u0103 \u00eentr-o experien\u021b\u0103 memorabil\u0103.<\/p>\n","protected":false},"excerpt":{"rendered":"<p>\u00cen 2025, planurile fiec\u0103ruia dintre noi se leag\u0103 de cele mai frumoase evenimente din via\u021ba&#8230; <a class=\"meta-more\" href=\"http:\/\/infois.ro\/?p=80583\">more <span class=\"meta-nav\">&raquo;<\/span><\/a><\/p>\n","protected":false},"author":2,"featured_media":80584,"comment_status":"closed","ping_status":"closed","sticky":false,"template":"","format":"standard","meta":{"footnotes":""},"categories":[6,41],"tags":[74,963,40,17986],"aioseo_notices":[],"_links":{"self":[{"href":"http:\/\/infois.ro\/index.php?rest_route=\/wp\/v2\/posts\/80583"}],"collection":[{"href":"http:\/\/infois.ro\/index.php?rest_route=\/wp\/v2\/posts"}],"about":[{"href":"http:\/\/infois.ro\/index.php?rest_route=\/wp\/v2\/types\/post"}],"author":[{"embeddable":true,"href":"http:\/\/infois.ro\/index.php?rest_route=\/wp\/v2\/users\/2"}],"replies":[{"embeddable":true,"href":"http:\/\/infois.ro\/index.php?rest_route=%2Fwp%2Fv2%2Fcomments&post=80583"}],"version-history":[{"count":1,"href":"http:\/\/infois.ro\/index.php?rest_route=\/wp\/v2\/posts\/80583\/revisions"}],"predecessor-version":[{"id":80588,"href":"http:\/\/infois.ro\/index.php?rest_route=\/wp\/v2\/posts\/80583\/revisions\/80588"}],"wp:featuredmedia":[{"embeddable":true,"href":"http:\/\/infois.ro\/index.php?rest_route=\/wp\/v2\/media\/80584"}],"wp:attachment":[{"href":"http:\/\/infois.ro\/index.php?rest_route=%2Fwp%2Fv2%2Fmedia&parent=80583"}],"wp:term":[{"taxonomy":"category","embeddable":true,"href":"http:\/\/infois.ro\/index.php?rest_route=%2Fwp%2Fv2%2Fcategories&post=80583"},{"taxonomy":"post_tag","embeddable":true,"href":"http:\/\/infois.ro\/index.php?rest_route=%2Fwp%2Fv2%2Ftags&post=80583"}],"curies":[{"name":"wp","href":"https:\/\/api.w.org\/{rel}","templated":true}]}}