{"id":80609,"date":"2025-02-05T18:36:52","date_gmt":"2025-02-05T16:36:52","guid":{"rendered":"https:\/\/infois.ro\/?p=80609"},"modified":"2025-02-06T08:39:13","modified_gmt":"2025-02-06T06:39:13","slug":"premiera-nationala-romanian-creative-week-lanseaza-arhiva-de-idei-recente-o-platforma-publica-inovatoare-de-educatie-si-dialog-creativ-proiectul-este-sustinut-de-iulius","status":"publish","type":"post","link":"http:\/\/infois.ro\/?p=80609","title":{"rendered":"Premier\u0103 na\u021bional\u0103: Romanian Creative Week lanseaz\u0103 Arhiva de Idei Recente, o platform\u0103 public\u0103 inovatoare de educa\u021bie \u0219i dialog creativ. Proiectul este sus\u0163inut de IULIUS"},"content":{"rendered":"<p><img loading=\"lazy\" decoding=\"async\" class=\"size-medium wp-image-80610 alignleft\" src=\"http:\/\/infois.ro\/wp-content\/uploads\/2025\/02\/Mungiu_Cum-se-dau-premiile-la-Cannes_1-390x219.jpg\" alt=\"\" width=\"390\" height=\"219\" srcset=\"http:\/\/infois.ro\/wp-content\/uploads\/2025\/02\/Mungiu_Cum-se-dau-premiile-la-Cannes_1-390x219.jpg 390w, http:\/\/infois.ro\/wp-content\/uploads\/2025\/02\/Mungiu_Cum-se-dau-premiile-la-Cannes_1-140x80.jpg 140w, http:\/\/infois.ro\/wp-content\/uploads\/2025\/02\/Mungiu_Cum-se-dau-premiile-la-Cannes_1.jpg 640w\" sizes=\"(max-width: 390px) 100vw, 390px\" \/><\/p>\n<p class=\"yiv0495472214MsoNormal\" style=\"text-align: justify;\"><span lang=\"RO\">Romanian Creative Week (RCW), cel mai important eveniment dedicat industriilor creative din Uniunea European\u0103, anun\u021b\u0103 lansarea\u00a0<b>Arhivei de Idei Recente<\/b>, o ini\u021biativ\u0103 menit\u0103 s\u0103 \u00eembog\u0103\u021beasc\u0103 dialogul public pe tema creativit\u0103\u021bii. Aceast\u0103 platform\u0103 educa\u021bional\u0103, sus\u021binut\u0103 de compania IULIUS, va fi difuzat\u0103 s\u0103pt\u0103m\u00e2nal de postul de televiziune Digi 24 \u2013 s\u00e2mb\u0103ta, de la ora 22:20, \u0219i \u00een reluare duminica, de la ora 15:30, precum \u0219i pe canalul de YouTube \u0219i pe site-ul oficial ale RCW.<\/span><\/p>\n<p class=\"yiv0495472214MsoNormal\" style=\"text-align: justify;\"><span lang=\"RO\">\u00a0<\/span><\/p>\n<p class=\"yiv0495472214MsoNormal\" style=\"text-align: justify;\"><span lang=\"RO\">Parte a pilonului Educa\u021bie al RCW, eveniment aflat la cea de-a cincea edi\u021bie \u0219i care se va desf\u0103\u0219ura la Ia\u0219i, \u00eentre 14 \u0219i 25 mai 2025, Arhiva de Idei Recente \u00ee\u0219i propune s\u0103 creeze un spa\u021biu autentic de conversa\u021bie public\u0103, reunind perspective \u0219i viziuni din diverse domenii creative.<\/span><\/p>\n<p class=\"yiv0495472214MsoNormal\" style=\"text-align: justify;\"><span lang=\"RO\">\u00a0<\/span><\/p>\n<p class=\"yiv0495472214MsoNormal\" style=\"text-align: justify;\"><span lang=\"RO\">\u00centr-un peisaj mediatic \u00een care informa\u021bia specializat\u0103 este fie restr\u00e2ns\u0103 la cercuri academice, fie simplificat\u0103 \u00een formate de tip podcast, noua platform\u0103 \u00ee\u0219i propune s\u0103 ofere un echilibru \u00eentre profunzime \u0219i accesibilitate. Scopul s\u0103u este de a furniza con\u021binut valoros, relevant at\u00e2t pentru profesioni\u0219ti, c\u00e2t \u0219i pentru publicul larg, inspir\u00e2nd \u0219i stimul\u00e2nd g\u00e2ndirea critic\u0103 \u0219i creativ\u0103.<\/span><\/p>\n<p class=\"yiv0495472214MsoNormal\" style=\"text-align: justify;\"><span lang=\"RO\">\u00a0<\/span><\/p>\n<p class=\"yiv0495472214MsoNormal\" style=\"text-align: justify;\"><span lang=\"RO\">Arhiva de Idei Recente va aduce \u00een prim-plan profesioni\u0219ti din domenii precum arhitectur\u0103, art\u0103 \u0219i design, care vor dezbate teme esen\u021biale pentru evolu\u021bia industriilor creative. Ini\u021biativa urm\u0103re\u0219te nu doar s\u0103 informeze, ci \u0219i s\u0103 creeze un veritabil depozit media ce va inspira noi genera\u021bii de creatori \u0219i inovatori.<\/span><\/p>\n<p class=\"yiv0495472214MsoNormal\" style=\"text-align: justify;\"><span lang=\"RO\">\u00a0<\/span><\/p>\n<p class=\"yiv0495472214MsoNormal\" style=\"text-align: justify;\"><b><i><span lang=\"RO\">\u201eP\u0103str\u00e2nd elementul surpriz\u0103, nu voi dezv\u0103lui numele invita\u021bilor, \u00eens\u0103 pot garanta c\u0103, s\u0103pt\u0103m\u00e2n\u0103 de s\u0103pt\u0103m\u00e2n\u0103, vom avea al\u0103turi unii dintre cei mai valoro\u0219i profesioni\u0219ti din Rom\u00e2nia. Acest proiect \u00ee\u0219i propune, \u00eentre altele, nu doar s\u0103 educe, ci \u0219i s\u0103 motiveze o \u00eentreag\u0103 genera\u021bie, contribuind la consolidarea unei culturi creative inspira\u021bionale. Ne dorim ca Arhiva de Idei Recente s\u0103 fie o oportunitate pentru to\u021bi cei interesa\u021bi de lumea creativ\u0103 s\u0103 se conecteze cu idei inovatoare \u0219i perspective proaspete\u201d<\/span><\/i><\/b><span lang=\"RO\">, a declarat Irina Schrotter, organizatorul Romanian Creative Week.<\/span><\/p>\n<p class=\"yiv0495472214MsoNormal\" style=\"text-align: justify;\"><span lang=\"RO\">\u00a0<\/span><\/p>\n<p class=\"yiv0495472214MsoNormal\" style=\"text-align: justify;\"><span lang=\"RO\">Cui se adreseaz\u0103 \u201eArhiva de Idei Recente\u201d<\/span><\/p>\n<p class=\"yiv0495472214MsoNormal\" style=\"text-align: justify;\"><span lang=\"RO\">\u00a0<\/span><\/p>\n<ul style=\"text-align: justify;\" type=\"disc\">\n<li class=\"yiv0495472214MsoNormal\"><span lang=\"RO\">Profesioni\u0219tilor din industriile creative \u2013 Arti\u0219ti, arhitec\u021bi \u0219i designeri care doresc s\u0103 \u00ee\u0219i extind\u0103 orizonturile \u0219i s\u0103 integreze idei din alte discipline \u00een practica lor.<\/span><\/li>\n<li class=\"yiv0495472214MsoNormal\"><span lang=\"RO\">Studen\u021bilor \u0219i tinerilor afla\u021bi \u00een formare \u2013 Cei interesa\u021bi s\u0103 aprofundeze cuno\u0219tin\u021be generale sau specifice \u00eentr-un domeniu creativ.<\/span><\/li>\n<li class=\"yiv0495472214MsoNormal\"><span lang=\"RO\">Speciali\u0219tilor din alte domenii \u2013 Antreprenori, jurnali\u0219ti sau pedagogi care pot g\u0103si \u00een aceast\u0103 platform\u0103 resurse utile pentru \u00een\u021belegerea \u0219i aplicarea conceptelor creative.<\/span><\/li>\n<li class=\"yiv0495472214MsoNormal\"><span lang=\"RO\">Publicului larg \u2013 Cei care apreciaz\u0103 produsele finale ale industriilor creative, de la arhitectur\u0103 \u0219i art\u0103 la design interior, pot descoperi procesul \u0219i ideile care stau la baza acestor crea\u021bii.<\/span><\/li>\n<\/ul>\n<p class=\"yiv0495472214MsoNormal\" style=\"text-align: justify;\"><b><span lang=\"RO\">\u00a0<\/span><\/b><\/p>\n","protected":false},"excerpt":{"rendered":"<p>Romanian Creative Week (RCW), cel mai important eveniment dedicat industriilor creative din Uniunea European\u0103, anun\u021b\u0103&#8230; <a class=\"meta-more\" href=\"http:\/\/infois.ro\/?p=80609\">more <span class=\"meta-nav\">&raquo;<\/span><\/a><\/p>\n","protected":false},"author":2,"featured_media":80610,"comment_status":"closed","ping_status":"closed","sticky":false,"template":"","format":"standard","meta":{"footnotes":""},"categories":[17,41],"tags":[74,10282,40,2387,14249],"aioseo_notices":[],"_links":{"self":[{"href":"http:\/\/infois.ro\/index.php?rest_route=\/wp\/v2\/posts\/80609"}],"collection":[{"href":"http:\/\/infois.ro\/index.php?rest_route=\/wp\/v2\/posts"}],"about":[{"href":"http:\/\/infois.ro\/index.php?rest_route=\/wp\/v2\/types\/post"}],"author":[{"embeddable":true,"href":"http:\/\/infois.ro\/index.php?rest_route=\/wp\/v2\/users\/2"}],"replies":[{"embeddable":true,"href":"http:\/\/infois.ro\/index.php?rest_route=%2Fwp%2Fv2%2Fcomments&post=80609"}],"version-history":[{"count":1,"href":"http:\/\/infois.ro\/index.php?rest_route=\/wp\/v2\/posts\/80609\/revisions"}],"predecessor-version":[{"id":80611,"href":"http:\/\/infois.ro\/index.php?rest_route=\/wp\/v2\/posts\/80609\/revisions\/80611"}],"wp:featuredmedia":[{"embeddable":true,"href":"http:\/\/infois.ro\/index.php?rest_route=\/wp\/v2\/media\/80610"}],"wp:attachment":[{"href":"http:\/\/infois.ro\/index.php?rest_route=%2Fwp%2Fv2%2Fmedia&parent=80609"}],"wp:term":[{"taxonomy":"category","embeddable":true,"href":"http:\/\/infois.ro\/index.php?rest_route=%2Fwp%2Fv2%2Fcategories&post=80609"},{"taxonomy":"post_tag","embeddable":true,"href":"http:\/\/infois.ro\/index.php?rest_route=%2Fwp%2Fv2%2Ftags&post=80609"}],"curies":[{"name":"wp","href":"https:\/\/api.w.org\/{rel}","templated":true}]}}