{"id":80623,"date":"2025-02-11T14:55:57","date_gmt":"2025-02-11T12:55:57","guid":{"rendered":"http:\/\/infois.ro\/?p=80623"},"modified":"2025-02-11T14:55:57","modified_gmt":"2025-02-11T12:55:57","slug":"iesenii-provocati-sa-pedaleze-echivalentul-ocolului-pamantului-intr-o-singura-zi-la-popnmove-fest-2025","status":"publish","type":"post","link":"http:\/\/infois.ro\/?p=80623","title":{"rendered":"Ie\u015fenii, provoca\u0163i s\u0103 pedaleze echivalentul ocolului P\u0103m\u00e2ntului \u00eentr-o singur\u0103 zi la Pop&#8217;N&#8217;Move Fest 2025"},"content":{"rendered":"<p><img loading=\"lazy\" decoding=\"async\" class=\"size-medium wp-image-80624 alignleft\" src=\"http:\/\/infois.ro\/wp-content\/uploads\/2025\/02\/pedalas1-390x260.jpg\" alt=\"\" width=\"390\" height=\"260\" srcset=\"http:\/\/infois.ro\/wp-content\/uploads\/2025\/02\/pedalas1-390x260.jpg 390w, http:\/\/infois.ro\/wp-content\/uploads\/2025\/02\/pedalas1.jpg 640w\" sizes=\"(max-width: 390px) 100vw, 390px\" \/><\/p>\n<p style=\"text-align: justify;\"><strong>Un ie\u015fean pasionat de indoor cycling, Robert Dalas, \u00ee\u015fi propune s\u0103 mobilizeze comunitatea regional\u0103 pentru a pedala \u00eempreun\u0103 echivalentul ocolului P\u0103m\u00e2ntului &#8211; aproximativ 40.000 de kilometri, \u00een cadrul evenimentului Pop&#8217;N&#8217;Move Fest 2025. Festivalul se va desf\u0103\u015fura \u00een perioada 21 &#8211; 22 iunie, \u00een Ia\u0219i, \u0219i are \u0219i un scop caritabil.<\/strong><\/p>\n<p style=\"text-align: justify;\">Povestea lui Robert Dalas este o inspira\u0163ie pentru fiecare dintre noi. \u00cen urm\u0103 cu unsprezece ani, o problem\u0103 medical\u0103 i-a schimbat complet via\u0163a, transform\u00e2ndu-l dintr-o persoan\u0103 sedentar\u0103 \u00een promotorul unui stil de via\u0163\u0103 activ.<\/p>\n<p style=\"text-align: justify;\">Redescoperindu-\u015fi pasiunea pentru biciclet\u0103, o dragoste din copil\u0103rie, Robert a urmat cursurile \u015fcolii de instructori indoor cycling Schwinn, pentru a \u00eenv\u0103\u0163a s\u0103 se antreneze corect. F\u0103r\u0103 s\u0103-\u0219i propun\u0103 neap\u0103rat asta, a reu\u0219it s\u0103 devin\u0103, astfel, un model pentru ceilal\u0163i.<\/p>\n<p style=\"text-align: justify;\">Acum este fondatorul platformei pedalas.ro \u0219i instructor de ciclism \u00een mai multe cluburi de sport din Ia\u015fi. Astfel, el inspir\u0103 al\u0163i oameni, \u00eei ajut\u0103 s\u0103 se dezvolte \u015fi s\u0103 devin\u0103 mai s\u0103n\u0103to\u015fi prin intermediul sportului.<\/p>\n<p style=\"text-align: justify;\">Acesta este unul dintre motivele pentru care a decis s\u0103 organizeze Ia\u015fi Indoor Cycling Marathon, care acum, la cea de-a doua edi\u021bie, devine o adev\u0103rat\u0103 celebrare a sportului, s\u0103n\u0103t\u0103\u0163ii \u015fi divertismentului \u00een cadrul Pop\u2019N\u2019Move Fest 2025.<\/p>\n<p style=\"text-align: justify;\">La aceast\u0103 edi\u0163ie, ie\u015feanul Robert Dalas propune comunit\u0103\u0163ii locale ca, \u00eempreun\u0103, s\u0103 dep\u0103\u015feasc\u0103 distan\u021ba echivalent\u0103 circumferin\u021bei P\u0103m\u00e2ntului la Ecuator, \u00een doar o zi de pedalat.<\/p>\n<p style=\"text-align: justify;\">Ie\u015fenii \u015fi nu numai sunt a\u015ftepta\u0163i \u00een perioada 21 &#8211; 22 iunie 2025 \u00een Gr\u0103dina Palas de c\u0103tre organizatorii Pop\u2019N\u2019Move Fest, pedalas.ro \u015fi Asocia\u021bia Dream Is, festival organizat cu sprijinul Stay Fit Gym.<\/p>\n<p style=\"text-align: justify;\">Organizatorii \u00ee\u015fi propun s\u0103 aduc\u0103 \u00eempreun\u0103 nu doar pe cei interesa\u021bi de indoor cycling, ci pe to\u0163i cei pasiona\u021bi de mi\u0219care \u0219i sport \u00een aer liber, familiile \u015fi comunit\u0103\u0163ile sportive din toat\u0103 regiunea.<\/p>\n<p><img loading=\"lazy\" decoding=\"async\" class=\"size-medium wp-image-80625 alignright\" src=\"http:\/\/infois.ro\/wp-content\/uploads\/2025\/02\/pedalas.ro-robert-dalas-01-390x260.jpg\" alt=\"\" width=\"390\" height=\"260\" srcset=\"http:\/\/infois.ro\/wp-content\/uploads\/2025\/02\/pedalas.ro-robert-dalas-01-390x260.jpg 390w, http:\/\/infois.ro\/wp-content\/uploads\/2025\/02\/pedalas.ro-robert-dalas-01.jpg 640w\" sizes=\"(max-width: 390px) 100vw, 390px\" \/><\/p>\n<p style=\"text-align: justify;\">Cu IICM2025 (Ia\u015fi Indoor Cycling Marathon) ca pilon principal, Pop\u2019N\u2019Move Fest ofer\u0103 o experien\u0163\u0103 extins\u0103 \u015fi dinamic\u0103. Pe l\u00e2ng\u0103 maratonul de indoor cycling, participan\u0163ii vor avea ocazia s\u0103 descopere o expozi\u0163ie de produse \u015fi servicii din domeniul sportului, nutri\u0163iei \u015fi wellness-ului.<\/p>\n<p style=\"text-align: justify;\">Un astfel de eveniment implic\u0103 \u0219i o infrastructur\u0103 important\u0103, care necesit\u0103 un buget pe m\u0103sur\u0103 \u0219i parteneri puternici. \u201c<em>Sprijinim \u00een calitate de partener acest eveniment, ce are o viziune similar\u0103 cu a noastr\u0103, \u0219i anume s\u0103 tr\u0103im \u00eentr-o lume mai s\u0103n\u0103toas\u0103 \u0219i activ\u0103, care se men\u021bine prin mi\u0219care \u0219i un stil de via\u021b\u0103 disciplinat \u0219i sportiv. La Pop\u2019N\u2019Move Fest vom implica echipa \u0219i echipamentele din peste \u0219ase centre din Ia\u0219i \u0219i din \u021bar\u0103, centre ce fac parte din re\u021beaua na\u021bional\u0103 StayFitGym, compus\u0103 din 49 de s\u0103li, \u00een care clien\u021bii no\u0219tri beneficiaz\u0103 de cele mai moderne facilit\u0103\u021bi de fitness, aerobic \u0219i cycling<\/em>\u201d, declar\u0103 Diana Plugariu &#8211; City Manager la StayFitGym, co-organizator al evenimentului.<\/p>\n<p style=\"text-align: justify;\">De asemenea, evenimentul va include activit\u0103\u0163i sportive interactive: volei, badminton, dar \u015fi cursuri oferite de antrenorii StayFitGym de yoga, zumba etc. \u00cen plus, o zon\u0103 de food &amp; drinks va oferi m\u00e2nc\u0103ruri \u0219i b\u0103uturi s\u0103n\u0103toase \u015fi delicioase pentru a te energiza pe parcursul celor dou\u0103 zile.<img loading=\"lazy\" decoding=\"async\" class=\"size-medium wp-image-80626 alignleft\" src=\"http:\/\/infois.ro\/wp-content\/uploads\/2025\/02\/pedalas.ro-robert-dalas-03-390x260.jpg\" alt=\"\" width=\"390\" height=\"260\" srcset=\"http:\/\/infois.ro\/wp-content\/uploads\/2025\/02\/pedalas.ro-robert-dalas-03-390x260.jpg 390w, http:\/\/infois.ro\/wp-content\/uploads\/2025\/02\/pedalas.ro-robert-dalas-03.jpg 640w\" sizes=\"(max-width: 390px) 100vw, 390px\" \/><\/p>\n<p style=\"text-align: justify;\">Un muzeu virtual dedicat bicicletei va oferi vizitatorilor prilejul s\u0103 urm\u0103reasc\u0103 \u00een realitatea 3D \u0219i cea augumentat\u0103 nu doar istoria acestui vehicul, ci \u015fi s\u0103 vad\u0103 exponate, de la cele vintage p\u00e2n\u0103 la cele moderne.<\/p>\n<p style=\"text-align: justify;\">\n","protected":false},"excerpt":{"rendered":"<p>Un ie\u015fean pasionat de indoor cycling, Robert Dalas, \u00ee\u015fi propune s\u0103 mobilizeze comunitatea regional\u0103 pentru&#8230; <a class=\"meta-more\" href=\"http:\/\/infois.ro\/?p=80623\">more <span class=\"meta-nav\">&raquo;<\/span><\/a><\/p>\n","protected":false},"author":2,"featured_media":80624,"comment_status":"closed","ping_status":"closed","sticky":false,"template":"","format":"standard","meta":{"footnotes":""},"categories":[41,60],"tags":[74,40,17998,17997,17999],"aioseo_notices":[],"_links":{"self":[{"href":"http:\/\/infois.ro\/index.php?rest_route=\/wp\/v2\/posts\/80623"}],"collection":[{"href":"http:\/\/infois.ro\/index.php?rest_route=\/wp\/v2\/posts"}],"about":[{"href":"http:\/\/infois.ro\/index.php?rest_route=\/wp\/v2\/types\/post"}],"author":[{"embeddable":true,"href":"http:\/\/infois.ro\/index.php?rest_route=\/wp\/v2\/users\/2"}],"replies":[{"embeddable":true,"href":"http:\/\/infois.ro\/index.php?rest_route=%2Fwp%2Fv2%2Fcomments&post=80623"}],"version-history":[{"count":1,"href":"http:\/\/infois.ro\/index.php?rest_route=\/wp\/v2\/posts\/80623\/revisions"}],"predecessor-version":[{"id":80627,"href":"http:\/\/infois.ro\/index.php?rest_route=\/wp\/v2\/posts\/80623\/revisions\/80627"}],"wp:featuredmedia":[{"embeddable":true,"href":"http:\/\/infois.ro\/index.php?rest_route=\/wp\/v2\/media\/80624"}],"wp:attachment":[{"href":"http:\/\/infois.ro\/index.php?rest_route=%2Fwp%2Fv2%2Fmedia&parent=80623"}],"wp:term":[{"taxonomy":"category","embeddable":true,"href":"http:\/\/infois.ro\/index.php?rest_route=%2Fwp%2Fv2%2Fcategories&post=80623"},{"taxonomy":"post_tag","embeddable":true,"href":"http:\/\/infois.ro\/index.php?rest_route=%2Fwp%2Fv2%2Ftags&post=80623"}],"curies":[{"name":"wp","href":"https:\/\/api.w.org\/{rel}","templated":true}]}}