{"id":80657,"date":"2025-02-21T07:58:32","date_gmt":"2025-02-21T05:58:32","guid":{"rendered":"http:\/\/infois.ro\/?p=80657"},"modified":"2025-02-21T15:01:29","modified_gmt":"2025-02-21T13:01:29","slug":"programul-institutiilor-iesene-de-cultura","status":"publish","type":"post","link":"http:\/\/infois.ro\/?p=80657","title":{"rendered":"Programul institu\u021biilor ie\u0219ene de cultur\u0103"},"content":{"rendered":"<p><img loading=\"lazy\" decoding=\"async\" class=\"size-medium wp-image-80658 alignleft\" src=\"http:\/\/infois.ro\/wp-content\/uploads\/2025\/02\/spectacol-1-390x255.jpg\" alt=\"\" width=\"390\" height=\"255\" srcset=\"http:\/\/infois.ro\/wp-content\/uploads\/2025\/02\/spectacol-1-390x255.jpg 390w, http:\/\/infois.ro\/wp-content\/uploads\/2025\/02\/spectacol-1.jpg 640w\" sizes=\"(max-width: 390px) 100vw, 390px\" \/><\/p>\n<p style=\"text-align: justify;\">Programul s\u0103pt\u0103m\u00e2nii care urmeaz\u0103 este dominat de manifest\u0103rile organizate de Teatrul \u201eLuceaf\u0103rul\u201d cu ocazia \u00eemplinirii a 75 de ani de la \u00eenfiin\u021bare.<\/p>\n<p style=\"text-align: justify;\"><strong>Ateneul Na\u021bional Ia\u0219i<\/strong><br \/>\n\u2022 Vineri, 21 februarie 2025, ora 19:00 &#8211; spectacolul de teatru \u201eFluturi, fluturi\u201d, regia Toma Hogea, Sala Unirii, cu Marius Manole \u0219i Maia Morgenstern;<br \/>\n\u2022 S\u00e2mb\u0103t\u0103, 22 februarie 2025, ora 11:00 &#8211; spectacolul de teatru pentru copii \u201eAlice \u00een \u021aara Minunilor\u201d, Art You School, Sala Mare de Spectacole \u201eRadu Beligan\u201d;<br \/>\n\u2022 S\u00e2mb\u0103t\u0103, 22 februarie 2025, ora 19:00 &#8211; spectacol de teatru \u201ePrenumele\u201d, regia Radu Ghila\u0219, Sala Unirii, cu Marius Manole;<br \/>\n\u2022 S\u00e2mb\u0103t\u0103, 22 februarie 2025, ora 19:00 &#8211; premiera spectacolului de teatru \u201eWhat happened with the heart\u201d, Sala Mare de Spectacole \u201eRadu Beligan\u201d;<br \/>\n\u2022 Duminic\u0103, 23 februarie 2025, ora 11:00 &#8211; spectacol de teatru pentru copii \u201eBomboNica-atelierul de dulciuri\u201d, la Sala Mare de Spectacole \u201eRadu Beligan\u201d;<br \/>\n\u2022 Mar\u021bi, 25 februarie 2025, ora 19:00 &#8211; Concert la Palat \u201eChopin 215\u201d, pian &#8211; Sergiu Tuhu\u021biu, Holul de Onoare al Palatului Culturii.<\/p>\n<p style=\"text-align: justify;\"><strong>Casa de Cultur\u0103 a Municipiului Ia\u0219i \u201eMihai Ursachi\u201d<\/strong><br \/>\n\u2022 Luni, 3 martie 2025, ora 10:00 \u2013 spectacol dedicat copiilor \u201eVestitorii Prim\u0103verii\u201d, Sala de spectacole \u201dDiotima\u201d, Parc Copou, B-dul Carol I, Ia\u015fi;<br \/>\n\u2022 5 \u2013 28 februarie 2025 \u2013 expozi\u0163ia de fotografie \u201cAN2024\u201d, Galeria de Art\u0103 \u201cLa Gard\u201c, Parcul Copou.<\/p>\n<p style=\"text-align: justify;\"><strong>Complexul Muzeal Na\u021bional \u201eMoldova\u201d Ia\u0219i<\/strong><br \/>\n\u2022 07 februarie 2025 &#8211; 02 martie 2025 \u2013 expozi\u0163ia \u201cReconfigur\u0103ri\u201d, Muzeul de Art\u0103 &#8211; Palatul Culturii Ia\u0219i;<br \/>\n\u2022 31 ianuarie \u2013 23 martie 2025 &#8211; expozi\u021bia \u201eC\u0103r\u0103rile Luminii\u201d, semnat\u0103 de artistul Silviu Oravitzan, la Palatul Culturii, \u00een spa\u021biile Muzeului de Istorie a Moldovei;<br \/>\n\u2022 26 ianuarie \u2013 22 februarie 2025 &#8211; seria expozi\u021biilor \u00een aer liber \u201eOameni \u0219i ur\u0219i\u201d, semnat\u0103 de artistul fotograf Ozolin Du\u0219a, pe gardul Muzeului Unirii din Ia\u0219i;<br \/>\n\u2022 18 decembrie 2024 &#8211; 09 martie 2025 &#8211; O ultim\u0103 micro-expozi\u021bie a acestui an din seria \u201ePiese de excep\u021bie din colec\u021biile Muzeului de Istorie a Moldovei. Osp\u0103\u021bul \u0219i accesoriile sale de lux: o sticl\u0103 pentru vin a familiei Kog\u0103lniceanu\u201d, \u00een spa\u021biile Muzeului de Istorie a Moldovei;<br \/>\n\u2022 31 octombrie 2024 &#8211; 18 mai 2025 &#8211; expozi\u021bia \u201eGrecii de peste m\u0103ri. Vase cu figuri ro\u0219ii din Etruria \u0219i Magna Grecia\u201d, la Palatul Culturii din Ia\u0219i;<\/p>\n<p style=\"text-align: justify;\"><strong>Filarmonica \u201eMoldova\u201d Ia\u0219i<\/strong><br \/>\n\u2022 Vineri, 21 februarie 2025, ora 19:00 \u2013 \u201cRequiemul german\u201d, op. 45 de Yohannes Brahms, dirijori: Sander Teepen, Consuela Radu \u2013 \u021aaga, soli\u015fti: Cristina Grigora\u015f, Ivan Dikusar, la Casa de Cultur\u0103 a Studen\u021bilor.<br \/>\n\u2022 Vineri, 28 februarie 2025, ora 19:00 &#8211; Concert simfonic, orchestra simfonic\u0103 va interpreta piese muzicale din crea\u021bia compozitorului Dmitri \u0218ostakovici, dirijor Tiran Nikogosyan, vioar\u0103 Valentin \u0218erban, la Casa de Cultur\u0103 a Studen\u021bilor.<\/p>\n<p style=\"text-align: justify;\"><strong>Institutul Francez Ia\u0219i<\/strong><br \/>\n\u2022 Vineri, 21 februarie 2025, ora 19:00 \u2013 \u201cForumul Ini\u021biativelor Tinerilor\u201d, tema edi\u021biei: \u201ePuterea de a ac\u021biona\u201d, Palatul Braunstein, etajul 1, sediul Institutului Francez din Rom\u00e2nia la Ia\u015fi;<br \/>\n\u2022 Luni, 24 februarie 2025, ora 19:00 \u2013 \u201cR\u00eaverie d&#8217;Amour\u201d &#8211; Classix Festival, Casa de Cultur\u0103 a Studen\u021bilor Ia\u0219i;<\/p>\n<p style=\"text-align: justify;\"><strong>Muzeul Municipal \u201eRegina Maria\u201d Ia\u015fi<\/strong><br \/>\n\u2022 10 \u2013 23 februarie 2025, ora 10:00 \u2013 17:30 \u2013 expozi\u0163ia \u201cRegina Maria \u2013 Un veac \u015fi jum\u0103tate\u201d, de miercuri p\u00e2n\u0103 duminic\u0103, etj. II, str. Cuza Vod\u0103, nr. 2, Palatul Braustein;<br \/>\n\u2022 15 ianuarie \u2013 15 martie &#8211; expozi\u021bia \u201cCapodopere. Art\u0103 din Rom\u00e2nia, de la clasic la contemporan\u201d, la Palatul Braunstein.<\/p>\n<p style=\"text-align: justify;\"><strong>Muzeul Na\u021bional al Literaturii Rom\u00e2ne Ia\u0219i<\/strong><br \/>\n\u2022 S\u00e2mb\u0103t\u0103, 22 februarie 2025, de la ora 16:00 &#8211; vernisajul expozi\u021biei \u201eFoarfece, H\u00e2rtie, Piatr\u0103\u201d, la Casa Muzeelor;<br \/>\n\u2022 12 februarie \u2013 30 aprilie 2025 &#8211; expozi\u021bia temporar\u0103 \u201cStrofe colorate\u201d, la Muzeul \u201eOtilia Cazimir\u201d, de mar\u021bi p\u00e2n\u0103 duminic\u0103, \u00een intervalul orar 10:00-17:00;<br \/>\n\u2022 01 \u2013 28 februarie 2025 &#8211; expozi\u021bia temporar\u0103 \u201cArta din culise\u201d, instala\u0163ie video a artistei Ana-Sabina Drinceanu, la Casa Muzeelor;<\/p>\n<p style=\"text-align: justify;\"><strong>Opera Na\u021bional\u0103 Rom\u00e2n\u0103 Ia\u0219i<\/strong><br \/>\n\u2022 Joi, 27 februarie 2025, ora 18:30 \u015fi Vineri, 28 februarie 2025, ora 18:30 \u2013 \u201eLucia de Lammermoor\u201d de Gaetano Donizetti, dirijor Mihaela Istrati.<br \/>\n\u2022 S\u00e2mb\u0103t\u0103, 1 martie 2025, ora 18:30 &#8211; Sear\u0103 de tangouri \u201cHistoria de un amor\u201d;<\/p>\n<p style=\"text-align: justify;\"><strong>Teatrul pentru Copii \u0219i Tineret \u201eLuceaf\u0103rul\u201d Ia\u0219i<\/strong><br \/>\n\u2022 Duminic\u0103, 23 februarie 2025, ora 11:00 \u2013 \u201cFram, ursul polar\u201d, regia Constantin Brehnescu, spectacol \u00een sala mare a Teatrului \u201eLuceaf\u0103rul\u201d Ia\u0219i.<br \/>\n\u2022 Duminic\u0103, 23 februarie 2025, ora 17:30 \u2013 \u201cPrivighetoarea\u201d, regia Constantin Brehnescu, spectacol \u00een sala mic\u0103 a Teatrului \u201eLuceaf\u0103rul\u201d Ia\u0219i.<br \/>\n\u2022 Joi, 27 februarie 2025, ora 11:00 \u2013 \u201eCu avionul printre stele\u201d, spectacol \u00een sala mic\u0103 a Teatrului \u201eLuceaf\u0103rul\u201d Ia\u0219i;<br \/>\n\u2022 Joi, 27 februarie 2025, ora 17:30 \u2013 \u201ePe\u015fti\u015forul de aur\u201d, spectacol \u00een sala mic\u0103 a Teatrului \u201eLuceaf\u0103rul\u201d Ia\u0219i;<br \/>\n\u2022 Joi, 27 februarie 2025, ora 18:00 \u2013 \u201eFerma animalelor\u201d \u2013 o fabul\u0103 PREMIER\u0102, spectacol \u00een sala mare a Teatrului \u201eLuceaf\u0103rul\u201d Ia\u0219i;<br \/>\n\u2022 Joi, 27 februarie 2025, ora 21:30 \u2013 \u201eOra\u0219ul\u201d, spectacol \u00een sala mare a Teatrului \u201eLuceaf\u0103rul\u201d Ia\u0219i;<br \/>\n\u2022 Vineri, 28 februarie 2025, ora 11:00 \u2013 \u201cSta\u021bia clovnilor\u201d, spectacol \u00een sala mare a Teatrului \u201eLuceaf\u0103rul\u201d Ia\u0219i;<br \/>\n\u2022 Vineri, 28 februarie 2025, ora 17:30 \u2013 \u201cCameleonul Cami pleac\u0103 \u00een Tibet\u201d \u2013 PREMIER\u0102;<br \/>\n\u2022 Vineri, 28 februarie 2025, ora 18:00 \u2013 \u201cLuceaf\u0103rul, prin telescop\u201d, foyer Teatrul \u201eLuceaf\u0103rul\u201d;<br \/>\n\u2022 S\u00e2mb\u0103t\u0103, 1 martie 2025, ora 11:00 \u2013 \u201cUria\u0219ul egoist\u201d, spectacol \u00een sala mare a Teatrului \u201eLuceaf\u0103rul\u201d Ia\u0219i;<br \/>\n\u2022 S\u00e2mb\u0103t\u0103, 1 martie 2025, ora 14:00 \u2013 \u201cLa cabine\u201d, regia Olti\u021ba C\u00eentec, spectacol \u00een cabine actori;<br \/>\n\u2022 S\u00e2mb\u0103t\u0103, 1 martie 2025, ora 17:00 \u2013 \u201cFITPTI \u00een imagini\u201d, expozi\u021bie \u00een aer liber Galeria \u201cLa Gard\u201d, Copou;<br \/>\n\u2022 S\u00e2mb\u0103t\u0103, 1 martie 2025, ora 17:30 \u2013 \u201cLuceaf\u0103rul, prin telescop\u201d, foyer Teatrul \u201eLuceaf\u0103rul\u201d<br \/>\n\u2022 S\u00e2mb\u0103t\u0103, 1 martie 2025, ora 17:45 &#8211; Lansare carte po\u0219tal\u0103 Teatrul Luceaf\u0103rul \u2013 75 de ani de existen\u021b\u0103;<br \/>\n\u2022 S\u00e2mb\u0103t\u0103, 1 martie 2025, ora 18:00 \u2013 \u201cStai jos sau cazi\u201d, regia Cristi Avram, spectacol \u00een sala mare a Teatrului \u201eLuceaf\u0103rul\u201d Ia\u0219i;<br \/>\n\u2022 Duminic\u0103, 2 martie 2025, ora 11:00 \u2013 \u201eO poveste japonez\u0103\u201d, regia Irina Niculescu Lewandowski, spectacol \u00een sala mic\u0103 a Teatrului \u201eLuceaf\u0103rul\u201d Ia\u0219i;<br \/>\n\u2022 Duminic\u0103, 2 martie 2025, ora 12:00 &#8211; Luceaf\u0103rul, reper al artei teatrale pentru publicul t\u00e2n\u0103r \u2013 dezbatere;<br \/>\n\u2022 Duminic\u0103, 2 martie 2025, ora 14:00 \u2013 \u201cLa cabine\u201d, regia Olti\u021ba C\u00eentec, spectacol \u00een cabine actori;<br \/>\n\u2022 Duminic\u0103, 2 martie 2025, ora 18:00 \u2013 \u201eCasa copiilor imaginari\u201d, regia Ana Maria \u021a\u00eerlea, spectacol \u00een sala mare a Teatrului \u201eLuceaf\u0103rul\u201d Ia\u0219i;<\/p>\n<p style=\"text-align: justify;\"><strong>Teatrul Na\u021bional \u201eVasile Alecsandri\u201d Ia\u0219i<\/strong><br \/>\n\u2022 Vineri, 21 februarie 2025, ora 19:00 \u2013 \u201eDomnul Vulpe\u201d, Teatrul Na\u021bional \u201eVasile Alecsandri\u201d;<br \/>\n\u2022 S\u00e2mb\u0103t\u0103, 22 februarie 2025, ora 19:00 \u2013 \u201eLysistrata, dragostea mea\u201d, Teatrul Na\u021bional \u201eVasile Alecsandri\u201d;<br \/>\n\u2022 Duminic\u0103, 23 februarie 2025, ora 19:00 \u2013 \u201ePlugarul \u0219i moartea\u201d, Teatrul Na\u021bional \u201eVasile Alecsandri\u201d.<br \/>\n\u2022 Mar\u0163i, 25 februarie 2025, ora 19:30 \u2013 N\u0103pasta ( &#8230;..\u0219i era p\u0103durea singur\u0103), Uzina cu teatru;<br \/>\n\u2022 Joi, 27 februarie 2025, ora 19:30 \u015fi Vineri, 28 februarie 2025, ora 19:30 -\u201cVenirea\u201d, Uzina cu teatru.<br \/>\n\u2022 S\u00e2mb\u0103t\u0103, 1 martie 2025, ora 19:00 \u2013 \u201eZi de bucurie\u201d, Sala de Teatru la CUB;<br \/>\n\u2022 Duminic\u0103, 2 martie 2025, ora 19:00 \u2013 \u201eAchit \u00een avans\u201d, Sala Studio Teofil V\u00e2lcu.<\/p>\n","protected":false},"excerpt":{"rendered":"<p>Programul s\u0103pt\u0103m\u00e2nii care urmeaz\u0103 este dominat de manifest\u0103rile organizate de Teatrul \u201eLuceaf\u0103rul\u201d cu ocazia \u00eemplinirii&#8230; <a class=\"meta-more\" href=\"http:\/\/infois.ro\/?p=80657\">more <span class=\"meta-nav\">&raquo;<\/span><\/a><\/p>\n","protected":false},"author":2,"featured_media":80658,"comment_status":"closed","ping_status":"closed","sticky":false,"template":"","format":"standard","meta":{"footnotes":""},"categories":[17,41],"tags":[74,1764,803,40,14586,3108,904,1613],"aioseo_notices":[],"_links":{"self":[{"href":"http:\/\/infois.ro\/index.php?rest_route=\/wp\/v2\/posts\/80657"}],"collection":[{"href":"http:\/\/infois.ro\/index.php?rest_route=\/wp\/v2\/posts"}],"about":[{"href":"http:\/\/infois.ro\/index.php?rest_route=\/wp\/v2\/types\/post"}],"author":[{"embeddable":true,"href":"http:\/\/infois.ro\/index.php?rest_route=\/wp\/v2\/users\/2"}],"replies":[{"embeddable":true,"href":"http:\/\/infois.ro\/index.php?rest_route=%2Fwp%2Fv2%2Fcomments&post=80657"}],"version-history":[{"count":1,"href":"http:\/\/infois.ro\/index.php?rest_route=\/wp\/v2\/posts\/80657\/revisions"}],"predecessor-version":[{"id":80659,"href":"http:\/\/infois.ro\/index.php?rest_route=\/wp\/v2\/posts\/80657\/revisions\/80659"}],"wp:featuredmedia":[{"embeddable":true,"href":"http:\/\/infois.ro\/index.php?rest_route=\/wp\/v2\/media\/80658"}],"wp:attachment":[{"href":"http:\/\/infois.ro\/index.php?rest_route=%2Fwp%2Fv2%2Fmedia&parent=80657"}],"wp:term":[{"taxonomy":"category","embeddable":true,"href":"http:\/\/infois.ro\/index.php?rest_route=%2Fwp%2Fv2%2Fcategories&post=80657"},{"taxonomy":"post_tag","embeddable":true,"href":"http:\/\/infois.ro\/index.php?rest_route=%2Fwp%2Fv2%2Ftags&post=80657"}],"curies":[{"name":"wp","href":"https:\/\/api.w.org\/{rel}","templated":true}]}}