{"id":80799,"date":"2025-03-19T12:17:02","date_gmt":"2025-03-19T10:17:02","guid":{"rendered":"https:\/\/infois.ro\/?p=80799"},"modified":"2025-03-19T12:17:02","modified_gmt":"2025-03-19T10:17:02","slug":"s-au-finalizat-lucrarile-la-gradinita-cu-program-prelungit-nr-13","status":"publish","type":"post","link":"http:\/\/infois.ro\/?p=80799","title":{"rendered":"S-au finalizat lucr\u0103rile la Gr\u0103dini\u021ba cu Program Prelungit nr. 13"},"content":{"rendered":"<p style=\"text-align: justify;\"><img loading=\"lazy\" decoding=\"async\" class=\"size-medium wp-image-80800 alignleft\" src=\"http:\/\/infois.ro\/wp-content\/uploads\/2025\/03\/gradinita-pp13-390x236.jpg\" alt=\"\" width=\"390\" height=\"236\" srcset=\"http:\/\/infois.ro\/wp-content\/uploads\/2025\/03\/gradinita-pp13-390x236.jpg 390w, http:\/\/infois.ro\/wp-content\/uploads\/2025\/03\/gradinita-pp13.jpg 640w\" sizes=\"(max-width: 390px) 100vw, 390px\" \/>Municipalitatea ie\u0219ean\u0103 anun\u021b\u0103 finalizarea lucr\u0103rilor de reabilitare \u0219i modernizare a Gr\u0103dini\u021bei PP 13 din T\u0103t\u0103ra\u0219i. Acestea au fost executate de Demo-Idil Construct SRL. Totodat\u0103, municipalitatea a achizi\u021bionat dot\u0103rile \u0219i bunurile necesare pre\u0219colarilor (scaune, m\u0103su\u021be, paturi, dulapuri etc.) \u0219i sisteme de siguran\u021b\u0103 \u0219i supraveghere, a amenajat spa\u021biul de joac\u0103 \u0219i a f\u0103cut racordarea la utilit\u0103\u021bi.<br \/>\nInvesti\u021bia este finan\u021bat\u0103 cu fonduri europene prin intermediul Programului Opera\u0163ional Regional \u0219i are o valoare total\u0103 de 11.030.249,75 lei.<br \/>\n\u00cenfiin\u021bat\u0103 \u00een anul 1970, Gr\u0103dini\u021ba cu Program Prelungit nr. 13 are o suprafa\u021b\u0103 de aproape 1.600 de metri p\u0103tra\u021bi \u015fi cuprinde opt s\u0103li de grup\u0103 cu o capacitate de 200 de copii, sal\u0103 de mese, dou\u0103 s\u0103li pentru activit\u0103\u0163ile op\u0163ionale \u015fi educative, patru grupuri sanitare pentru copii, patru grupuri sanitare pentru personal, dou\u0103 cabinete sanitare, bloc alimentar (buc\u0103t\u0103rie, magazii de alimente \u015fi zarzavaturi), sp\u0103l\u0103torie etc.<\/p>\n","protected":false},"excerpt":{"rendered":"<p>Municipalitatea ie\u0219ean\u0103 anun\u021b\u0103 finalizarea lucr\u0103rilor de reabilitare \u0219i modernizare a Gr\u0103dini\u021bei PP 13 din T\u0103t\u0103ra\u0219i&#8230;. <a class=\"meta-more\" href=\"http:\/\/infois.ro\/?p=80799\">more <span class=\"meta-nav\">&raquo;<\/span><\/a><\/p>\n","protected":false},"author":2,"featured_media":80800,"comment_status":"closed","ping_status":"closed","sticky":false,"template":"","format":"standard","meta":{"footnotes":""},"categories":[12,41],"tags":[74,18034,395,40,18033,2700],"aioseo_notices":[],"_links":{"self":[{"href":"http:\/\/infois.ro\/index.php?rest_route=\/wp\/v2\/posts\/80799"}],"collection":[{"href":"http:\/\/infois.ro\/index.php?rest_route=\/wp\/v2\/posts"}],"about":[{"href":"http:\/\/infois.ro\/index.php?rest_route=\/wp\/v2\/types\/post"}],"author":[{"embeddable":true,"href":"http:\/\/infois.ro\/index.php?rest_route=\/wp\/v2\/users\/2"}],"replies":[{"embeddable":true,"href":"http:\/\/infois.ro\/index.php?rest_route=%2Fwp%2Fv2%2Fcomments&post=80799"}],"version-history":[{"count":1,"href":"http:\/\/infois.ro\/index.php?rest_route=\/wp\/v2\/posts\/80799\/revisions"}],"predecessor-version":[{"id":80801,"href":"http:\/\/infois.ro\/index.php?rest_route=\/wp\/v2\/posts\/80799\/revisions\/80801"}],"wp:featuredmedia":[{"embeddable":true,"href":"http:\/\/infois.ro\/index.php?rest_route=\/wp\/v2\/media\/80800"}],"wp:attachment":[{"href":"http:\/\/infois.ro\/index.php?rest_route=%2Fwp%2Fv2%2Fmedia&parent=80799"}],"wp:term":[{"taxonomy":"category","embeddable":true,"href":"http:\/\/infois.ro\/index.php?rest_route=%2Fwp%2Fv2%2Fcategories&post=80799"},{"taxonomy":"post_tag","embeddable":true,"href":"http:\/\/infois.ro\/index.php?rest_route=%2Fwp%2Fv2%2Ftags&post=80799"}],"curies":[{"name":"wp","href":"https:\/\/api.w.org\/{rel}","templated":true}]}}