{"id":80883,"date":"2025-04-03T18:53:42","date_gmt":"2025-04-03T15:53:42","guid":{"rendered":"https:\/\/infois.ro\/?p=80883"},"modified":"2025-04-03T18:53:42","modified_gmt":"2025-04-03T15:53:42","slug":"salonul-imobiliar-din-palas-te-asteapta-cu-oferte-de-locuinte-dar-si-cu-propuneri-pentru-amenajarea-casei-tale-si-solutii-de-finantare","status":"publish","type":"post","link":"http:\/\/infois.ro\/?p=80883","title":{"rendered":"Salonul Imobiliar din Palas te a\u0219teapt\u0103 cu oferte de locuin\u021be, dar \u0219i cu propuneri pentru amenajarea casei tale \u0219i solu\u021bii de finan\u021bare"},"content":{"rendered":"<p><img loading=\"lazy\" decoding=\"async\" class=\"size-medium wp-image-80884 alignleft\" src=\"http:\/\/infois.ro\/wp-content\/uploads\/2025\/04\/Salonul-Imobiliar-390x219.jpg\" alt=\"\" width=\"390\" height=\"219\" srcset=\"http:\/\/infois.ro\/wp-content\/uploads\/2025\/04\/Salonul-Imobiliar-390x219.jpg 390w, http:\/\/infois.ro\/wp-content\/uploads\/2025\/04\/Salonul-Imobiliar-140x80.jpg 140w, http:\/\/infois.ro\/wp-content\/uploads\/2025\/04\/Salonul-Imobiliar.jpg 640w\" sizes=\"(max-width: 390px) 100vw, 390px\" \/><\/p>\n<p style=\"text-align: justify;\"><strong><em>Dac\u0103 te-ai g\u00e2ndit c\u0103 e timpul s\u0103 ai propria ta locuin\u021b\u0103 pe care s\u0103 o amenajezi astfel \u00eenc\u00e2t s\u0103 \u00ee\u021bi reflecte personalitatea \u0219i s\u0103 te inspire pentru viitoarele tale proiecte, vino la Salonul Imobiliar din Palas! \u00cen acest weekend, vei descoperi proiecte imobiliare, propuneri pentru designul casei tale, dar \u0219i solu\u021bii de finan\u021bare pentru ca visul t\u0103u s\u0103 devin\u0103 realitate.\u00a0 \u00a0\u00a0<\/em><\/strong><\/p>\n<p style=\"text-align: justify;\"><strong>\u00a0<\/strong><\/p>\n<p style=\"text-align: justify;\">\u00cen <strong>perioada 4 &#8211; 6 aprilie 2025<\/strong>, e\u0219ti invitat s\u0103 descoperi, <strong>\u00een Atriumul Palas<\/strong>, <strong>Salonul Imobiliar<\/strong>, <strong>evenimentul care te \u021bine la curent cu ofertele, nout\u0103\u021bile din domeniu \u0219i cu oportunit\u0103\u021bile pentru un stil de via\u021b\u0103 a\u0219a cum \u021bi-l dore\u0219ti<\/strong>.<\/p>\n<p style=\"text-align: justify;\">\n<p style=\"text-align: justify;\">Vei g\u0103si oferte la proiecte reziden\u021biale cum sunt Rosetti, Concept Life, Contemporan Homes, Freya, Copou Garden, ansamblul Dimine\u021bii by Inamstro, Lojja, Miradis sau Astoria Residence, situate \u00een diferite zone ale ora\u0219ului, cu multiple facilit\u0103\u021bi, finisaje moderne \u0219i solu\u021bii pentru confortul t\u0103u, dar \u0219i programe de finan\u021bare de la Unicredit Bank, BCR, Imobiliare Finance, Banca Transilvania sau BRD.<\/p>\n<p style=\"text-align: justify;\"><strong>\u00a0<\/strong><\/p>\n<p style=\"text-align: justify;\">Fie c\u0103 \u00ee\u021bi dore\u0219ti s\u0103 redecorezi sufrageria, pun\u00e2nd accentul pe designul contemporan, s\u0103 alegi piese de mobilier pentru viitoarea locuin\u021b\u0103 \u0219i s\u0103 \u00eenve\u021bi cum s\u0103 integrezi culori \u0219i texturi \u00eentr-un mod creativ, adaptat nevoilor tale, Salonul Imobiliar \u00ee\u021bi ofer\u0103 r\u0103spunsuri la \u00eentreb\u0103rile tale. Istikbal \u0219i Primobil Eco vin cu ultimele colec\u021bii de mobilier, dar \u0219i cu servicii de design personalizate. \u00a0Microconstruc\u0163ii 3D Ia\u0219i completeaz\u0103 oferta Salonului Imobiliar.<\/p>\n<p style=\"text-align: justify;\">\n<p style=\"text-align: justify;\">Weekendul vine cu surprize \u0219i pentru cei mici, care sunt a\u0219tepta\u021bi <strong>s\u00e2mb\u0103t\u0103<\/strong>, <strong>\u00een zona C\u0103rture\u0219ti<\/strong>, <strong>de la ora 12.00<\/strong>, s\u0103 participe la atelierele interactive coordonate <strong>de Societatea Ornitologic\u0103 Rom\u00e2n\u0103 Ia\u0219i (SOR Ia\u0219i) \u0219i de Protec\u021bia Mediului<\/strong>. Copiii vor povesti, vor colora \u0219i picta, \u00eenv\u0103\u021b\u00e2nd curiozit\u0103\u021bi din lumea p\u0103s\u0103rilor \u0219i am\u0103nunte despre biodiversitatea zonei Ia\u0219ului.<\/p>\n<p style=\"text-align: justify;\"><strong>\u00a0<\/strong><\/p>\n","protected":false},"excerpt":{"rendered":"<p>Dac\u0103 te-ai g\u00e2ndit c\u0103 e timpul s\u0103 ai propria ta locuin\u021b\u0103 pe care s\u0103 o&#8230; <a class=\"meta-more\" href=\"http:\/\/infois.ro\/?p=80883\">more <span class=\"meta-nav\">&raquo;<\/span><\/a><\/p>\n","protected":false},"author":2,"featured_media":80884,"comment_status":"closed","ping_status":"closed","sticky":false,"template":"","format":"standard","meta":{"footnotes":""},"categories":[6,41],"tags":[74,40,100,10499],"aioseo_notices":[],"_links":{"self":[{"href":"http:\/\/infois.ro\/index.php?rest_route=\/wp\/v2\/posts\/80883"}],"collection":[{"href":"http:\/\/infois.ro\/index.php?rest_route=\/wp\/v2\/posts"}],"about":[{"href":"http:\/\/infois.ro\/index.php?rest_route=\/wp\/v2\/types\/post"}],"author":[{"embeddable":true,"href":"http:\/\/infois.ro\/index.php?rest_route=\/wp\/v2\/users\/2"}],"replies":[{"embeddable":true,"href":"http:\/\/infois.ro\/index.php?rest_route=%2Fwp%2Fv2%2Fcomments&post=80883"}],"version-history":[{"count":1,"href":"http:\/\/infois.ro\/index.php?rest_route=\/wp\/v2\/posts\/80883\/revisions"}],"predecessor-version":[{"id":80885,"href":"http:\/\/infois.ro\/index.php?rest_route=\/wp\/v2\/posts\/80883\/revisions\/80885"}],"wp:featuredmedia":[{"embeddable":true,"href":"http:\/\/infois.ro\/index.php?rest_route=\/wp\/v2\/media\/80884"}],"wp:attachment":[{"href":"http:\/\/infois.ro\/index.php?rest_route=%2Fwp%2Fv2%2Fmedia&parent=80883"}],"wp:term":[{"taxonomy":"category","embeddable":true,"href":"http:\/\/infois.ro\/index.php?rest_route=%2Fwp%2Fv2%2Fcategories&post=80883"},{"taxonomy":"post_tag","embeddable":true,"href":"http:\/\/infois.ro\/index.php?rest_route=%2Fwp%2Fv2%2Ftags&post=80883"}],"curies":[{"name":"wp","href":"https:\/\/api.w.org\/{rel}","templated":true}]}}