{"id":80991,"date":"2025-04-25T15:23:30","date_gmt":"2025-04-25T12:23:30","guid":{"rendered":"https:\/\/infois.ro\/?p=80991"},"modified":"2025-04-25T15:23:30","modified_gmt":"2025-04-25T12:23:30","slug":"world-hat-walk-ajunge-la-iasi-alatura-te-comunitatii-pasionatilor-de-palarii-excentrice-si-participa-la-parada-din-parcul-palas","status":"publish","type":"post","link":"http:\/\/infois.ro\/?p=80991","title":{"rendered":"World Hat Walk ajunge la Ia\u0219i. Al\u0103tur\u0103-te comunit\u0103\u021bii pasiona\u021bilor de p\u0103l\u0103rii excentrice \u0219i particip\u0103 la parada din parcul Palas!"},"content":{"rendered":"<p><img loading=\"lazy\" decoding=\"async\" class=\"size-medium wp-image-80992 alignleft\" src=\"http:\/\/infois.ro\/wp-content\/uploads\/2025\/04\/palas1-2-277x390.jpg\" alt=\"\" width=\"277\" height=\"390\" srcset=\"http:\/\/infois.ro\/wp-content\/uploads\/2025\/04\/palas1-2-277x390.jpg 277w, http:\/\/infois.ro\/wp-content\/uploads\/2025\/04\/palas1-2.jpg 640w\" sizes=\"(max-width: 277px) 100vw, 277px\" \/><\/p>\n<p class=\"yiv1746260988MsoNormal\" style=\"text-align: justify;\"><b><i><span lang=\"RO\">Fashion show-ul World Hat Walk, care va avea loc simultan \u00een 60 de ora\u0219e din lume, ajunge \u00een parcul Palas cu defil\u0103ri spectaculoase ale comunit\u0103\u021bii pasiona\u021bilor de p\u0103l\u0103rii excentrice. Evenimentul, realizat dup\u0103 un format interna\u021bional, invit\u0103 publicul curios la o parad\u0103, unde tradi\u021bii \u0219i tendin\u021be se \u00eent\u00e2lnesc \u00eentr-un cadru plin de culoare \u0219i energie. Fii parte din tabloul fantezist \u0219i \u00eenscrie-te pe lista participan\u021bilor!\u00a0\u00a0<\/span><\/i><\/b><\/p>\n<p class=\"yiv1746260988MsoNormal\" style=\"text-align: justify;\"><b><span lang=\"RO\">\u00a0<\/span><\/b><\/p>\n<p class=\"yiv1746260988MsoNormal\" style=\"text-align: justify;\"><b><span lang=\"RO\">Duminic\u0103<\/span><\/b><span lang=\"RO\">,\u00a0<b>27 aprilie 2025<\/b>,\u00a0<b>\u00eencep\u00e2nd cu ora 15.00<\/b>,\u00a0<b>\u00een parcul Palas<\/b>,\u00a0<b>World Hat Walk<\/b>\u00a0te invit\u0103 s\u0103 te al\u0103turi comunit\u0103\u021bii pasiona\u021bilor de p\u0103l\u0103rii excentrice din regiunea Moldovei. \u00cen spiritul celebrei parade de la Royal Ascot, care reune\u0219te reprezentan\u021bi ai Casei Regale Britanice, personalit\u0103\u021bi londoneze, dar \u0219i oameni entuzia\u0219ti \u0219i creativi,\u00a0<b>Atelierul Mella&#8217;s Hat<\/b>\u00a0\u00ee\u021bi propune un show vibrant, prezent \u00een multe col\u021buri ale lumii, care celebreaz\u0103 creativitatea, stilul \u0219i diversitatea, prin intermediul p\u0103l\u0103riilor.<\/span><\/p>\n<p class=\"yiv1746260988MsoNormal\" style=\"text-align: justify;\"><span lang=\"RO\"> <img loading=\"lazy\" decoding=\"async\" class=\"size-medium wp-image-80993 alignright\" src=\"http:\/\/infois.ro\/wp-content\/uploads\/2025\/04\/palas2-2-390x219.jpg\" alt=\"\" width=\"390\" height=\"219\" srcset=\"http:\/\/infois.ro\/wp-content\/uploads\/2025\/04\/palas2-2-390x219.jpg 390w, http:\/\/infois.ro\/wp-content\/uploads\/2025\/04\/palas2-2-140x80.jpg 140w, http:\/\/infois.ro\/wp-content\/uploads\/2025\/04\/palas2-2.jpg 640w\" sizes=\"(max-width: 390px) 100vw, 390px\" \/><\/span><\/p>\n<p class=\"yiv1746260988MsoNormal\" style=\"text-align: justify;\"><span lang=\"RO\">Fie c\u0103 por\u021bi un accesoriu de p\u0103r creat de tine, o p\u0103l\u0103rie semnat\u0103 de unul dintre designerii care te inspir\u0103 sau vrei pur \u0219i simplu s\u0103 surprinzi \u00een fotografii atmosfera specific\u0103 defil\u0103rilor londoneze, World Hat Walk \u00ee\u021bi promite o experien\u021b\u0103 vizual\u0103 unic\u0103 pe catwalkul din parcul Palas. Te a\u0219teapt\u0103 momente de dans, sesiuni de fotografie \u0219i socializare, dar \u0219i multe alte surprize preg\u0103tite de organizatori.<\/span><\/p>\n<p class=\"yiv1746260988MsoNormal\" style=\"text-align: justify;\"><span lang=\"RO\">\u00a0<\/span><\/p>\n<p class=\"yiv1746260988MsoNormal\" style=\"text-align: justify;\"><span lang=\"RO\">Evenimentul de la Ia\u0219i face parte dintr-un proiect interna\u021bional, n\u0103scut la ini\u021biativa London Hat Week. World Hat Walk 2025 va avea loc simultan \u00een 60 de ora\u0219e din \u021b\u0103ri precum Marea Britanie, Spania, Elve\u0163ia, Germania, Austria, Canada, Australia, SUA, Norvegia.<\/span><\/p>\n<p class=\"yiv1746260988MsoNormal\" style=\"text-align: justify;\"><span lang=\"RO\">\u00a0<\/span><\/p>\n<p class=\"yiv1746260988MsoNormal\" style=\"text-align: justify;\"><span lang=\"RO\">\u00cen plus, Atriumul Palas este, \u00een acest weekend, gazda unei noi edi\u021bii a T\u00e2rgului de Art\u0103 \u0219i Antichit\u0103\u021bi, iar tu po\u021bi descoperi expozan\u021bi din toate col\u021burile \u021b\u0103rii, care \u00ee\u021bi vor face cunoscut\u0103 povestea unor obiecte de colec\u021bie. Po\u021bi alege sculpturi, orologerie, tablouri, obiecte de por\u021belan, dar \u0219i piese care ne aduc aminte de copil\u0103rie sau scriu pagini din istoria muzicii.<\/span><\/p>\n<p class=\"yiv1746260988MsoNormal\" style=\"text-align: justify;\"><b><span lang=\"RO\">\u00a0<\/span><\/b><\/p>\n","protected":false},"excerpt":{"rendered":"<p>Fashion show-ul World Hat Walk, care va avea loc simultan \u00een 60 de ora\u0219e din&#8230; <a class=\"meta-more\" href=\"http:\/\/infois.ro\/?p=80991\">more <span class=\"meta-nav\">&raquo;<\/span><\/a><\/p>\n","protected":false},"author":2,"featured_media":80992,"comment_status":"closed","ping_status":"closed","sticky":false,"template":"","format":"standard","meta":{"footnotes":""},"categories":[41,60],"tags":[74,40,100,18064,18063],"aioseo_notices":[],"_links":{"self":[{"href":"http:\/\/infois.ro\/index.php?rest_route=\/wp\/v2\/posts\/80991"}],"collection":[{"href":"http:\/\/infois.ro\/index.php?rest_route=\/wp\/v2\/posts"}],"about":[{"href":"http:\/\/infois.ro\/index.php?rest_route=\/wp\/v2\/types\/post"}],"author":[{"embeddable":true,"href":"http:\/\/infois.ro\/index.php?rest_route=\/wp\/v2\/users\/2"}],"replies":[{"embeddable":true,"href":"http:\/\/infois.ro\/index.php?rest_route=%2Fwp%2Fv2%2Fcomments&post=80991"}],"version-history":[{"count":1,"href":"http:\/\/infois.ro\/index.php?rest_route=\/wp\/v2\/posts\/80991\/revisions"}],"predecessor-version":[{"id":80994,"href":"http:\/\/infois.ro\/index.php?rest_route=\/wp\/v2\/posts\/80991\/revisions\/80994"}],"wp:featuredmedia":[{"embeddable":true,"href":"http:\/\/infois.ro\/index.php?rest_route=\/wp\/v2\/media\/80992"}],"wp:attachment":[{"href":"http:\/\/infois.ro\/index.php?rest_route=%2Fwp%2Fv2%2Fmedia&parent=80991"}],"wp:term":[{"taxonomy":"category","embeddable":true,"href":"http:\/\/infois.ro\/index.php?rest_route=%2Fwp%2Fv2%2Fcategories&post=80991"},{"taxonomy":"post_tag","embeddable":true,"href":"http:\/\/infois.ro\/index.php?rest_route=%2Fwp%2Fv2%2Ftags&post=80991"}],"curies":[{"name":"wp","href":"https:\/\/api.w.org\/{rel}","templated":true}]}}