{"id":80999,"date":"2025-04-28T14:22:00","date_gmt":"2025-04-28T11:22:00","guid":{"rendered":"https:\/\/infois.ro\/?p=80999"},"modified":"2025-04-28T14:22:00","modified_gmt":"2025-04-28T11:22:00","slug":"shopping-impreuna-din-2000-25-de-ani-de-la-deschiderea-iulius-mall-primul-mall-din-afara-capitalei","status":"publish","type":"post","link":"http:\/\/infois.ro\/?p=80999","title":{"rendered":"Shopping \u00eempreun\u0103 din 2000! 25 de ani de la deschiderea Iulius Mall, primul mall din afara Capitalei!"},"content":{"rendered":"<p><img loading=\"lazy\" decoding=\"async\" class=\"size-medium wp-image-81000 alignleft\" src=\"http:\/\/infois.ro\/wp-content\/uploads\/2025\/04\/Iulius-Mall-390x183.jpg\" alt=\"\" width=\"390\" height=\"183\" srcset=\"http:\/\/infois.ro\/wp-content\/uploads\/2025\/04\/Iulius-Mall-390x183.jpg 390w, http:\/\/infois.ro\/wp-content\/uploads\/2025\/04\/Iulius-Mall.jpg 640w\" sizes=\"(max-width: 390px) 100vw, 390px\" \/><\/p>\n<p style=\"text-align: justify;\"><strong><em>Pe 21 aprilie, compania IULIUS a aniversat 25 de ani de la deschiderea Iulius Mall Ia\u015fi, la vremea respectiv\u0103, primul mall din afara Bucure\u015ftiului \u015fi al doilea din \u0163ar\u0103. Inaugurarea a reprezentat o etap\u0103 semnificativ\u0103 pentru comer\u0163ul din Rom\u00e2nia, care f\u0103cea, astfel, trecerea de la magazinele tradi\u0163ionale, la modelul occidental de shopping. Totodat\u0103, a fost borna de \u00eenceput pentru compania ie\u015fean\u0103, care a avut o evolu\u0163ie impresionant\u0103: de la pionier \u00een retailul modern rom\u00e2nesc, la unul dintre principalii dezvoltatori de proiecte mixte de regenerare urban\u0103, cu un portofoliu de investi\u0163ii de peste 1,2 miliarde de euro. Re\u0163eaua Iulius Mall (\u00een Cluj, Suceava \u015fi Ia\u015fi), al\u0103turi de ansamblurile mixte Palas Ia\u015fi \u015fi Iulius Town Timi\u015foara sunt lidere de pia\u0163\u0103 la nivel regional \u015fi atrag anual peste 70 de milioane de vizite. <\/em><\/strong><\/p>\n<p style=\"text-align: justify;\">\n<p style=\"text-align: justify;\">Primul supermarket, primul cinematograf multiplex, primele branduri interna\u0163ionale, primul food court. Iulius Mall Ia\u015fi a adus conceptul de \u201emall\u201d \u00een regiune \u015fi a reprezentat, pentru o serie de antreprenori locali, o ramp\u0103 de lansare, chiar \u015fi la nivel na\u0163ional. De-a lungul timpului, mixul de chiria\u0219i a variat, \u00een func\u021bie de cerin\u0163ele clien\u0163ilor \u015fi ale pie\u021bei, \u00eens\u0103 o serie de oameni de afaceri din Ia\u015fi continu\u0103 s\u0103 \u00ee\u0219i scrie aici povestea business-ului, de un sfert de secol.<\/p>\n<p style=\"text-align: justify;\"><img loading=\"lazy\" decoding=\"async\" class=\"size-medium wp-image-81001 alignright\" src=\"http:\/\/infois.ro\/wp-content\/uploads\/2025\/04\/Iulius-Mall_inceput-2000-390x276.jpg\" alt=\"\" width=\"390\" height=\"276\" srcset=\"http:\/\/infois.ro\/wp-content\/uploads\/2025\/04\/Iulius-Mall_inceput-2000-390x276.jpg 390w, http:\/\/infois.ro\/wp-content\/uploads\/2025\/04\/Iulius-Mall_inceput-2000.jpg 640w\" sizes=\"(max-width: 390px) 100vw, 390px\" \/><\/p>\n<p style=\"text-align: justify;\"><strong>\u201eMai mult dec\u00e2t un simplu contract comercial\u201d<\/strong><\/p>\n<p style=\"text-align: justify;\"><strong>\u00a0<\/strong><\/p>\n<p style=\"text-align: justify;\">Printre primele magazine deschise \u00een anul 2000 \u015fi care sunt\u00a0 \u00eenc\u0103 prezente se num\u0103r\u0103: lan\u0163ul de restaurante <strong>Mado<\/strong>; <strong>Keops<\/strong> (mod\u0103); <strong>Karma<\/strong> (magazin dedicat elegan\u021bei masculine), centrul de entertainment <strong>Viper<\/strong> \u0219i <strong>Trodat<\/strong>, centrul de servicii de imprimare rapid\u0103 \u0219i personalizare diversificat\u0103.<\/p>\n<p style=\"text-align: justify;\">\n<p style=\"text-align: justify;\">\u00a0<strong>\u201e<em>Pentru noi, aceast\u0103 colaborare reprezint\u0103 mai mult dec\u00e2t un simplu contract comercial \u2013 este o poveste de \u00eencredere, profesionalism \u0219i succes reciproc. \u00cen to\u021bi ace\u0219ti ani, am avut privilegiul de a cre\u0219te \u0219i de a evolua \u00eempreun\u0103, \u00eentr-un mediu dinamic \u0219i modern, care a redefinit standardele retailului din Rom\u00e2nia. Apreciem eforturile sus\u021binute ale echipei Iulius Mall pentru a oferi un spa\u021biu comercial de excep\u021bie, mereu adaptat tendin\u021belor \u0219i nevoilor pie\u021bei. Atmosfera vibrant\u0103, evenimentele organizate \u0219i preocuparea pentru inova\u021bie ne-au inspirat \u0219i ne-au ajutat s\u0103 ne dezvolt\u0103m continuu, oferindu-le clien\u021bilor no\u0219tri o experien\u021b\u0103 de shopping deosebit\u0103. Privind spre viitor, suntem \u00eencrez\u0103tori c\u0103 aceast\u0103 rela\u021bie de colaborare va continua s\u0103 se consolideze, aduc\u00e2nd noi oportunit\u0103\u021bi \u0219i succese comune. V\u0103 mul\u021bumim pentru parteneriatul valoros \u0219i pentru profesionalismul de care a\u021bi dat dovad\u0103 \u00een to\u021bi ace\u0219ti ani!<\/em>\u201d<\/strong>, a declarat Marian Mantu, administrator Keops Fashion.<\/p>\n<p style=\"text-align: justify;\">\n<p style=\"text-align: justify;\">Cu 89 de magazine \u015fi doar 7.500 mp \u00eenchiriabili, \u00een anul 2000, Iulius Mall Ia\u015fi a trecut prin dou\u0103 extinderi succesive, \u00een 2005 \u015fi 2008, care i-au permis s\u0103 aduc\u0103 \u00een regiune primul format de tip food court \u015fi primul cinematograf dup\u0103 standarde occidentale, Cinema City. \u00cen plus, \u00een 2008, se deschideau aici primele magazine din regiune ale grupului spaniol Inditex.<\/p>\n<p style=\"text-align: justify;\"><strong> <img loading=\"lazy\" decoding=\"async\" class=\"size-medium wp-image-81002 alignleft\" src=\"http:\/\/infois.ro\/wp-content\/uploads\/2025\/04\/Iulius-Timeline-390x362.jpg\" alt=\"\" width=\"390\" height=\"362\" srcset=\"http:\/\/infois.ro\/wp-content\/uploads\/2025\/04\/Iulius-Timeline-390x362.jpg 390w, http:\/\/infois.ro\/wp-content\/uploads\/2025\/04\/Iulius-Timeline.jpg 640w\" sizes=\"(max-width: 390px) 100vw, 390px\" \/><\/strong><\/p>\n<p style=\"text-align: justify;\">\u00a0<strong><em>\u201eO colaborare de succes se construie\u0219te \u00een timp, prin dep\u0103\u0219irea provoc\u0103rilor \u0219i celebrarea reu\u0219itelor. La 25 de ani de la momentul \u00een care am primit primul nostru client \u00een loca\u021bia din Iulius Mall Ia\u0219i, putem afirma cu \u00eencredere c\u0103 parteneriatul cu IULIUS reprezint\u0103 un model de excelen\u021b\u0103. De-a lungul anilor, am \u00eemp\u0103rt\u0103\u0219it aceea\u0219i viziune asupra dezvolt\u0103rii \u0219i inova\u021biei, iar ambi\u021bia \u0219i dorin\u021ba de evolu\u021bie continu\u0103 ne-au fost transmise prin puterea exemplului. Acum un sfert de secol, IULIUS nu doar c\u0103 a deschis primul mall din regiune, ci a creat \u0219i noi oportunit\u0103\u021bi, at\u00e2t pentru antreprenori, c\u00e2t \u0219i pentru comunitatea ie\u0219ean\u0103, oferindu-le o experien\u021b\u0103 modern\u0103 de shopping \u0219i petrecere a timpului liber. Suntem m\u00e2ndri s\u0103 fim parte din aceast\u0103 poveste de succes \u0219i recunosc\u0103tori pentru parcursul extraordinar pe care l-am construit \u00eempreun\u0103\u201d<\/em><\/strong><em>, <\/em>spune Horia Rusu, administrator Karma.<\/p>\n<p style=\"text-align: justify;\">\n<p style=\"text-align: justify;\">Formatul Iulius Mall a fost replicat, ulterior, la Timi\u015foara, Cluj \u015fi Suceava, iar experien\u0163a dob\u00e2ndit\u0103 de compania IULIUS a fost esen\u0163ial\u0103 \u00een implementarea proiectelor mai ample \u015fi complexe Palas Ia\u015fi \u015fi Iulius Town Timi\u015foara.<\/p>\n<p style=\"text-align: justify;\">\n<p style=\"text-align: justify;\">Un partener care a inaugurat prima sa loca\u021bie \u00een Iulius Mall Ia\u0219i, acum 25 de ani, \u015fi a evoluat \u00eentr-un lan\u0163 de restaurante la nivel na\u0163ional, prezent \u00een toate mallurile IULIUS din \u0163ar\u0103, este Mado. Ibrahim Gunbeyi, administrator Mado<strong>:<em> \u201eM\u0103 simt norocos c\u0103 am avut ocazia s\u0103 fiu partener cu grupul IULIUS \u0219i \u00eei mul\u021bumesc c\u0103 mi-a oferit aceast\u0103 oportunitate. IULIUS a concurat mereu cu vremurile, nu a stat niciodat\u0103 inactiv \u0219i a f\u0103cut mereu proiecte grozave. Aceast\u0103 dorin\u021b\u0103 de evolu\u021bie a fost \u00eentotdeauna o surs\u0103 de inspira\u021bie pentru mine \u0219i mi-a dat motiva\u021bie s\u0103 lucrez \u0219i s\u0103 cresc. V\u0103 spun sincer c\u0103, de\u0219i am o afacere foarte mic\u0103, am muncit din greu s\u0103 \u021bin pasul cu ei. Ast\u0103zi, Mado este un lan\u021b de 14 loca\u021bii, cu o fabric\u0103 proprie unde \u00ee\u0219i produce toate produsele. Parteneriatul cu IULIUS a fost un exemplu \u0219i un factor care m-a \u00eencurajat s\u0103 progresez. 25 de ani de parteneriat de afaceri au fost \u0219i sunt o experien\u021b\u0103 grozav\u0103 pentru mine.\u201d<\/em><\/strong><\/p>\n<p style=\"text-align: justify;\"><img loading=\"lazy\" decoding=\"async\" class=\"size-medium wp-image-81003 alignright\" src=\"http:\/\/infois.ro\/wp-content\/uploads\/2025\/04\/IULIUS-370x390.jpg\" alt=\"\" width=\"370\" height=\"390\" srcset=\"http:\/\/infois.ro\/wp-content\/uploads\/2025\/04\/IULIUS-370x390.jpg 370w, http:\/\/infois.ro\/wp-content\/uploads\/2025\/04\/IULIUS.jpg 640w\" sizes=\"(max-width: 370px) 100vw, 370px\" \/><\/p>\n<p style=\"text-align: justify;\">Situat \u00een inima \u201eTudorului\u201d, unul dintre cele mai mari campusuri studen\u0163e\u015fti din Rom\u00e2nia, Iulius Mall sre \u0219i o zon\u0103 de entertainment pentru petrecerea timpului liber. De 25 de ani, Viper Club ofer\u0103 momente memorabile pentru genera\u021bii \u00eentregi care i-au trecut pragul. <strong>\u201e<em>\u00cencredere? Sprijin? Loialitate? Echilibru? Greu de ales ce st\u0103 la baza evolu\u021biei parteneriatului nostru de succes. Un cocktail de atribute care echilibreaz\u0103 perfect rela\u021bia noastr\u0103 de \u00abo via\u021b\u0103\u00bb: dincolo de o rela\u021bie de business &#8211; un efort constant \u0219i con\u0219tient pentru realiz\u0103ri multiple \u00een sprijinul entertainmentului ie\u0219ean. Pentru toate \u0219i mai ales pentru c\u0103 a fi deschiz\u0103tor de drumuri \u00een industrie, azi, la 25 ani de activitate, te cinstim \u0219i \u00ee\u021bi mul\u021bumim pentru modul creativ \u0219i fair-play de a ne fi al\u0103turi \u0219i chiar de a ne fi acas\u0103 dintotdeauna. La mul\u021bi ani, nou\u0103!<\/em>\u201d<\/strong>, spune C\u0103t\u0103lin Leahu, administrator Viper.<\/p>\n<p style=\"text-align: justify;\">\n<p style=\"text-align: justify;\">Un alt partener de 25 de ani este Trodat, centrul de servicii de imprimare rapid\u0103 \u0219i personalizare diversificat\u0103. <em>\u201e<\/em><strong><em>De-a lungul colabor\u0103rii noastre, \u00een cei 25 de ani, am apreciat sprijinul vostru constant \u0219i dedicarea \u00een a oferi un mediu ideal pentru cre\u0219tere \u0219i inovare. \u00cencrederea \u0219i profesionalismul echipei Iulius Mall ne-au oferit stabilitate \u0219i oportunit\u0103\u021bi reale de dezvoltare!<\/em><\/strong><em>\u201d, <\/em>transmite Petre Liviu\u00a0 Grigore, administrator Trodat.<\/p>\n<p style=\"text-align: justify;\">\n","protected":false},"excerpt":{"rendered":"<p>Pe 21 aprilie, compania IULIUS a aniversat 25 de ani de la deschiderea Iulius Mall&#8230; <a class=\"meta-more\" href=\"http:\/\/infois.ro\/?p=80999\">more <span class=\"meta-nav\">&raquo;<\/span><\/a><\/p>\n","protected":false},"author":2,"featured_media":81000,"comment_status":"closed","ping_status":"closed","sticky":false,"template":"","format":"standard","meta":{"footnotes":""},"categories":[6,41],"tags":[74,10282,40,832],"aioseo_notices":[],"_links":{"self":[{"href":"http:\/\/infois.ro\/index.php?rest_route=\/wp\/v2\/posts\/80999"}],"collection":[{"href":"http:\/\/infois.ro\/index.php?rest_route=\/wp\/v2\/posts"}],"about":[{"href":"http:\/\/infois.ro\/index.php?rest_route=\/wp\/v2\/types\/post"}],"author":[{"embeddable":true,"href":"http:\/\/infois.ro\/index.php?rest_route=\/wp\/v2\/users\/2"}],"replies":[{"embeddable":true,"href":"http:\/\/infois.ro\/index.php?rest_route=%2Fwp%2Fv2%2Fcomments&post=80999"}],"version-history":[{"count":1,"href":"http:\/\/infois.ro\/index.php?rest_route=\/wp\/v2\/posts\/80999\/revisions"}],"predecessor-version":[{"id":81004,"href":"http:\/\/infois.ro\/index.php?rest_route=\/wp\/v2\/posts\/80999\/revisions\/81004"}],"wp:featuredmedia":[{"embeddable":true,"href":"http:\/\/infois.ro\/index.php?rest_route=\/wp\/v2\/media\/81000"}],"wp:attachment":[{"href":"http:\/\/infois.ro\/index.php?rest_route=%2Fwp%2Fv2%2Fmedia&parent=80999"}],"wp:term":[{"taxonomy":"category","embeddable":true,"href":"http:\/\/infois.ro\/index.php?rest_route=%2Fwp%2Fv2%2Fcategories&post=80999"},{"taxonomy":"post_tag","embeddable":true,"href":"http:\/\/infois.ro\/index.php?rest_route=%2Fwp%2Fv2%2Ftags&post=80999"}],"curies":[{"name":"wp","href":"https:\/\/api.w.org\/{rel}","templated":true}]}}