{"id":81222,"date":"2025-05-30T10:51:18","date_gmt":"2025-05-30T07:51:18","guid":{"rendered":"http:\/\/infois.ro\/?p=81222"},"modified":"2025-05-30T10:51:18","modified_gmt":"2025-05-30T07:51:18","slug":"muzica-face-spectacol-la-palas-cu-paul-van-dyk-iar-senzoria-family-fest-transforma-weekendul-in-poveste","status":"publish","type":"post","link":"http:\/\/infois.ro\/?p=81222","title":{"rendered":"Muzica face spectacol la Palas cu Paul van Dyk, iar SENZORIA FAMILY FEST transform\u0103 weekendul \u00een poveste"},"content":{"rendered":"<p><img loading=\"lazy\" decoding=\"async\" class=\"size-medium wp-image-81223 alignleft\" src=\"http:\/\/infois.ro\/wp-content\/uploads\/2025\/05\/Senzoria-390x219.jpg\" alt=\"\" width=\"390\" height=\"219\" srcset=\"http:\/\/infois.ro\/wp-content\/uploads\/2025\/05\/Senzoria-390x219.jpg 390w, http:\/\/infois.ro\/wp-content\/uploads\/2025\/05\/Senzoria-140x80.jpg 140w, http:\/\/infois.ro\/wp-content\/uploads\/2025\/05\/Senzoria.jpg 640w\" sizes=\"(max-width: 390px) 100vw, 390px\" \/><\/p>\n<p class=\"yiv9981156914MsoNormal\" style=\"text-align: justify;\"><b><i><span lang=\"RO\">SENZORIA FESTIVAL, evenimentul care \u00ee\u021bi ofer\u0103 o experien\u021b\u0103 vizual\u0103 \u0219i auditiv\u0103 de neuitat, revine la Palas cu proiec\u021bii 3D, muzic\u0103 bun\u0103 \u0219i surprize pentru to\u021bi. 3 scene distincte, spectacol de lumini \u0219i sunet, vibe-ul arti\u0219tilor Paul van Dyk, Vama, Deliric X Silent Strike &amp; Muse Quartet, dar \u0219i activit\u0103\u021bi \u0219i mult\u0103 voie bun\u0103 pentru cei mici \u00een cadrul Family Fest.<\/span><\/i><\/b><\/p>\n<p class=\"yiv9981156914MsoNormal\" style=\"text-align: justify;\"><span lang=\"RO\">\u00a0<\/span><\/p>\n<p class=\"yiv9981156914MsoNormal\" style=\"text-align: justify;\"><span lang=\"RO\">Edi\u021bia de anul acesta a\u00a0<b>SENZORIA FESTIVAL<\/b>\u00a0promite s\u0103 te \u021bin\u0103 vineri \u0219i s\u00e2mb\u0103t\u0103, 30 \u0219i 31 mai 2025, conectat la show-uri electrizante, care transform\u0103 inima Ia\u0219ului \u00eentr-un t\u0103r\u00e2m al efectelor speciale \u0219i al proiec\u021biilor 3D.\u00a0<\/span><\/p>\n<p class=\"yiv9981156914MsoNormal\" style=\"text-align: justify;\"><span lang=\"RO\"> <img loading=\"lazy\" decoding=\"async\" class=\"size-medium wp-image-81224 alignright\" src=\"http:\/\/infois.ro\/wp-content\/uploads\/2025\/05\/01-5-390x260.jpg\" alt=\"\" width=\"390\" height=\"260\" srcset=\"http:\/\/infois.ro\/wp-content\/uploads\/2025\/05\/01-5-390x260.jpg 390w, http:\/\/infois.ro\/wp-content\/uploads\/2025\/05\/01-5.jpg 640w\" sizes=\"(max-width: 390px) 100vw, 390px\" \/><\/span><\/p>\n<p class=\"yiv9981156914MsoNormal\" style=\"text-align: justify;\"><b><span lang=\"RO\">Vineri \u0219i s\u00e2mb\u0103t\u0103<\/span><\/b><span lang=\"RO\">,\u00a0<b>\u00eencep\u00e2nd cu ora 18:00<\/b>, spectacolul \u00eencepe cu muzic\u0103 antrenant\u0103 \u0219i \u00een lumina efectelor speciale de ultim\u0103 genera\u021bie, pe trei scene distincte: Gr\u0103dina Palas, Esplanada Palatului Culturii \u0219i curtea interioar\u0103 a Palatului Culturii. \u00cen cele dou\u0103 zile de festival,\u00a0<b>la Palas, te vei putea distra pe ritmurile lui Paul van Dyk, Vama, Deliric X Silent Strike &amp; Muse Quartet, Andi Moisescu \u0219i al\u021bi arti\u0219ti consacra\u021bi<\/b>.\u00a0\u00a0<\/span><\/p>\n<p class=\"yiv9981156914MsoNormal\" style=\"text-align: justify;\"><span lang=\"RO\"> <img loading=\"lazy\" decoding=\"async\" class=\"size-medium wp-image-81225 alignleft\" src=\"http:\/\/infois.ro\/wp-content\/uploads\/2025\/05\/Family-Fest-390x219.jpg\" alt=\"\" width=\"390\" height=\"219\" srcset=\"http:\/\/infois.ro\/wp-content\/uploads\/2025\/05\/Family-Fest-390x219.jpg 390w, http:\/\/infois.ro\/wp-content\/uploads\/2025\/05\/Family-Fest-140x80.jpg 140w, http:\/\/infois.ro\/wp-content\/uploads\/2025\/05\/Family-Fest.jpg 640w\" sizes=\"(max-width: 390px) 100vw, 390px\" \/><\/span><\/p>\n<p class=\"yiv9981156914MsoNormal\" style=\"text-align: justify;\"><span lang=\"RO\">\u0218i copiii vor avea parte de mult\u0103 distrac\u021bie la sec\u021biunea dedicat\u0103 lor. Av\u00e2nd tematica \u201e<b>Gr\u0103dini zbur\u0103toare\u201d<\/b>,\u00a0<b>SENZORIA FAMILY FEST \u00eei \u00eent\u00e2mpin\u0103 pe cei mici cu trei zile destinate bucuriei familiei \u0219i divertismentului.\u00a0<\/b>Prichindeii vor s\u0103rb\u0103tori Ziua Interna\u021bional\u0103 a Copilului, \u00een Gr\u0103dina Palas, unde festivalul aduce un univers colorat \u0219i activit\u0103\u021bi captivante pentru toate v\u00e2rstele.\u00a0<\/span>Vor fi a\u0219tepta\u021bi cu\u00a0<b>muzica lui BIBI<\/b>,\u00a0<b>a picilor Alinei Sorescu<\/b>, cu\u00a0<b><span lang=\"RO\">Kids Fashion Show<\/span><\/b><span lang=\"RO\">,\u00a0<b>concerte<\/b>,\u00a0<b>Young Live DJ<\/b>,\u00a0<b>Laser Fun<\/b>,\u00a0<b>puzzle \u0219i \u0219otron supradimensionate<\/b>,\u00a0<b>sesiuni de face painting<\/b>, dar \u0219i cu\u00a0<b>ateliere creative<\/b>. \u00cen zonele de fun micu\u021bii se vor bucura de o atmosfer\u0103 plin\u0103 de energia jocului, iar festivalul \u00eei va premia cu cadouri \u0219i multe alte surprize, dar \u0219i cu experien\u021be magice ce amintesc de pove\u0219tile clasice.<\/span><\/p>\n<p class=\"yiv9981156914MsoNormal\" style=\"text-align: justify;\"><span lang=\"RO\"> <img loading=\"lazy\" decoding=\"async\" class=\"size-medium wp-image-81226 alignright\" src=\"http:\/\/infois.ro\/wp-content\/uploads\/2025\/05\/02-5-390x260.jpg\" alt=\"\" width=\"390\" height=\"260\" srcset=\"http:\/\/infois.ro\/wp-content\/uploads\/2025\/05\/02-5-390x260.jpg 390w, http:\/\/infois.ro\/wp-content\/uploads\/2025\/05\/02-5.jpg 640w\" sizes=\"(max-width: 390px) 100vw, 390px\" \/><\/span><\/p>\n<p class=\"yiv9981156914MsoNormal\" style=\"text-align: justify;\"><span lang=\"RO\">\u0218i\u00a0<b>Atriumul devine un spa\u021biu plin de veselie, r\u00e2sete \u0219i activit\u0103\u021bi captivante pentru copii<\/b>. Sesiuni de dans, concerte oferite de micu\u021bii talenta\u021bi de la Palatul Copiilor, dar \u0219i de la gr\u0103dini\u021bele ie\u0219ene, momente muzicale, dar \u0219i alte activit\u0103\u021bi vor completa programul Family Fest.\u00a0<b>Nu uita c\u0103 intrarea la Senzoria Family Fest este liber\u0103, iar programul evenimentelor \u00eel g\u0103se\u0219ti pe<\/b>\u00a0<a href=\"https:\/\/www.facebook.com\/Senzoria.Family.Fest\/\" target=\"_blank\" rel=\"nofollow noopener noreferrer\">facebook<\/a>.<\/span><\/p>\n<p><img loading=\"lazy\" decoding=\"async\" class=\"size-medium wp-image-81227 alignleft\" src=\"http:\/\/infois.ro\/wp-content\/uploads\/2025\/05\/03-4-390x260.jpg\" alt=\"\" width=\"390\" height=\"260\" srcset=\"http:\/\/infois.ro\/wp-content\/uploads\/2025\/05\/03-4-390x260.jpg 390w, http:\/\/infois.ro\/wp-content\/uploads\/2025\/05\/03-4.jpg 640w\" sizes=\"(max-width: 390px) 100vw, 390px\" \/><\/p>\n<p class=\"yiv9981156914MsoNormal\" style=\"text-align: justify;\"><span lang=\"RO\">\u00a0<\/span><\/p>\n","protected":false},"excerpt":{"rendered":"<p>SENZORIA FESTIVAL, evenimentul care \u00ee\u021bi ofer\u0103 o experien\u021b\u0103 vizual\u0103 \u0219i auditiv\u0103 de neuitat, revine la&#8230; <a class=\"meta-more\" href=\"http:\/\/infois.ro\/?p=81222\">more <span class=\"meta-nav\">&raquo;<\/span><\/a><\/p>\n","protected":false},"author":2,"featured_media":81223,"comment_status":"closed","ping_status":"closed","sticky":false,"template":"","format":"standard","meta":{"footnotes":""},"categories":[41,60],"tags":[74,40,100,18099,18100],"aioseo_notices":[],"_links":{"self":[{"href":"http:\/\/infois.ro\/index.php?rest_route=\/wp\/v2\/posts\/81222"}],"collection":[{"href":"http:\/\/infois.ro\/index.php?rest_route=\/wp\/v2\/posts"}],"about":[{"href":"http:\/\/infois.ro\/index.php?rest_route=\/wp\/v2\/types\/post"}],"author":[{"embeddable":true,"href":"http:\/\/infois.ro\/index.php?rest_route=\/wp\/v2\/users\/2"}],"replies":[{"embeddable":true,"href":"http:\/\/infois.ro\/index.php?rest_route=%2Fwp%2Fv2%2Fcomments&post=81222"}],"version-history":[{"count":1,"href":"http:\/\/infois.ro\/index.php?rest_route=\/wp\/v2\/posts\/81222\/revisions"}],"predecessor-version":[{"id":81228,"href":"http:\/\/infois.ro\/index.php?rest_route=\/wp\/v2\/posts\/81222\/revisions\/81228"}],"wp:featuredmedia":[{"embeddable":true,"href":"http:\/\/infois.ro\/index.php?rest_route=\/wp\/v2\/media\/81223"}],"wp:attachment":[{"href":"http:\/\/infois.ro\/index.php?rest_route=%2Fwp%2Fv2%2Fmedia&parent=81222"}],"wp:term":[{"taxonomy":"category","embeddable":true,"href":"http:\/\/infois.ro\/index.php?rest_route=%2Fwp%2Fv2%2Fcategories&post=81222"},{"taxonomy":"post_tag","embeddable":true,"href":"http:\/\/infois.ro\/index.php?rest_route=%2Fwp%2Fv2%2Ftags&post=81222"}],"curies":[{"name":"wp","href":"https:\/\/api.w.org\/{rel}","templated":true}]}}