{"id":81379,"date":"2025-06-18T15:20:12","date_gmt":"2025-06-18T12:20:12","guid":{"rendered":"https:\/\/infois.ro\/?p=81379"},"modified":"2025-06-18T15:20:12","modified_gmt":"2025-06-18T12:20:12","slug":"spectacol-multisenzorial-in-gradina-palas-tribut-coldplay-imagine-dragons-si-expozitie-cu-planete-gigantice","status":"publish","type":"post","link":"http:\/\/infois.ro\/?p=81379","title":{"rendered":"Spectacol Multisenzorial \u00een gr\u0103dina Palas: tribut Coldplay + Imagine Dragons \u0219i expozi\u021bie cu planete gigantice"},"content":{"rendered":"<p><img loading=\"lazy\" decoding=\"async\" class=\"size-medium wp-image-81380 alignleft\" src=\"http:\/\/infois.ro\/wp-content\/uploads\/2025\/06\/palas1-3-390x219.jpg\" alt=\"\" width=\"390\" height=\"219\" srcset=\"http:\/\/infois.ro\/wp-content\/uploads\/2025\/06\/palas1-3-390x219.jpg 390w, http:\/\/infois.ro\/wp-content\/uploads\/2025\/06\/palas1-3-140x80.jpg 140w, http:\/\/infois.ro\/wp-content\/uploads\/2025\/06\/palas1-3.jpg 640w\" sizes=\"(max-width: 390px) 100vw, 390px\" \/><\/p>\n<p class=\"yiv2766670759MsoNormal\" style=\"text-align: justify;\"><b><i><span lang=\"RO\">\u00cen acest weekend, gr\u0103dina Palas te a\u0219teapt\u0103 cu o sear\u0103 de muzic\u0103 live, \u201eA Sky Full of Stars\u201d, mii de lum\u00e2n\u0103ri \u0219i multe emo\u021bii, printr-o experien\u021b\u0103 multisenzorial\u0103 ce ofer\u0103 publicului un concert tribut Coldplay \u0219i Imagine Dragons. Decorul natural este completat de Touch the Universe, expozi\u021bia de planete gigantice care te transpune \u00een lumea fascinant\u0103 a spa\u021biului cosmic.<\/span><\/i><\/b><\/p>\n<p class=\"yiv2766670759MsoNormal\" style=\"text-align: justify;\"><span lang=\"RO\">\u00a0<\/span><\/p>\n<p class=\"yiv2766670759MsoNormal\" style=\"text-align: justify;\"><b><span lang=\"RO\">Vineri, 20 iunie 2025, \u00eencep\u00e2nd cu ora 21.00<\/span><\/b><span lang=\"RO\">,\u00a0<b>Gr\u0103dina Palas<\/b>,\u00a0 silueta Palatului Culturii \u0219i lumina nocturn\u0103 seteaz\u0103 cadrul perfect pentru un spectacol live dedicat unora dintre cei mai iubi\u021bi arti\u0219ti interna\u021bionali \u2212\u00a0<b>forma\u021biile Coldplay \u0219i Imagine Dragons<\/b>.\u00a0<b>Conceptul Multisenzorial<\/b>\u00a0ofer\u0103 o experien\u021b\u0103 multisenzorial\u0103 unic\u0103 prin invitarea publicului \u00eentr-o atmosfer\u0103 \u00een care cele mai importante sim\u021buri &#8211; v\u0103zul, auzul \u0219i mirosul &#8211; vor fi r\u0103sf\u0103\u021bate sub lumina lum\u00e2n\u0103rilor. Teme muzicale celebre din repertoriul celor dou\u0103 forma\u021bii vor fi interpretate de un trio profesionist la vioar\u0103 (Olga Berar), violoncel (\u0218tefan Ciceu) \u0219i pian (Adina Cocargeanu).<\/span><\/p>\n<p class=\"yiv2766670759MsoNormal\" style=\"text-align: justify;\"><span lang=\"RO\"> <img loading=\"lazy\" decoding=\"async\" class=\"size-medium wp-image-81381 alignright\" src=\"http:\/\/infois.ro\/wp-content\/uploads\/2025\/06\/palas2-2-390x260.jpg\" alt=\"\" width=\"390\" height=\"260\" srcset=\"http:\/\/infois.ro\/wp-content\/uploads\/2025\/06\/palas2-2-390x260.jpg 390w, http:\/\/infois.ro\/wp-content\/uploads\/2025\/06\/palas2-2.jpg 640w\" sizes=\"(max-width: 390px) 100vw, 390px\" \/><\/span><\/p>\n<p class=\"yiv2766670759MsoNormal\" style=\"text-align: justify;\"><span lang=\"RO\">Evenimentele Multisenzorial \u00eenseamn\u0103 experien\u021be muzicale \u00een spa\u021bii surprinz\u0103toare, prin curatorierea unor \u00eent\u00e2lniri \u00eentre sim\u021buri, scenografii spectaculoase \u0219i arti\u0219ti excep\u021bionali.<\/span><\/p>\n<p class=\"yiv2766670759MsoNormal\" style=\"text-align: justify;\"><span lang=\"RO\">\u00a0<\/span><\/p>\n<p class=\"yiv2766670759MsoNormal\" style=\"text-align: justify;\"><b><span lang=\"RO\">Tot \u00een weekend, expozi\u021bia cu planete gigantice \u2212Touch the Universe\u2212\u00a0<\/span><\/b><span lang=\"RO\">aduce cosmosul mai aproape de tine,\u00a0<b>chiar \u00een gr\u0103dina Palas<\/b>. O expozi\u021bie spectaculoas\u0103 cu planete gigantice, de 6 metri \u00een\u0103l\u021bime, ce impresioneaz\u0103 prin m\u0103rime \u0219i detaliile uimitoare, transform\u0103 spa\u021biul \u00eentr-un adev\u0103rat Univers \u00een aer liber, put\u00e2nd fi vizitat\u0103\u00a0<b>de joi p\u00e2n\u0103 duminic\u0103 inclusiv<\/b>. Descoper\u0103\u00a0<b>P\u0103m\u00e2ntul\u00a0<\/b>a\u0219a cum sigur nu l-ai mai v\u0103zut,\u00a0<b>Luna<\/b>\u00a0\u2013 cu lumina ei rece \u0219i misterioas\u0103, luminat\u0103 ca \u00eentr-o noapte senin\u0103, \u0219i planeta\u00a0<b>Marte<\/b>, fiecare cu c\u00e2te o poveste \u0219i inspira\u021bie pentru \u0219edin\u021be foto reu\u0219ite.<\/span><\/p>\n<p class=\"yiv2766670759MsoNormal\" style=\"text-align: justify;\"><span lang=\"RO\"> <img loading=\"lazy\" decoding=\"async\" class=\"size-medium wp-image-81382 alignleft\" src=\"http:\/\/infois.ro\/wp-content\/uploads\/2025\/06\/palas3-2-382x390.jpg\" alt=\"\" width=\"382\" height=\"390\" srcset=\"http:\/\/infois.ro\/wp-content\/uploads\/2025\/06\/palas3-2-382x390.jpg 382w, http:\/\/infois.ro\/wp-content\/uploads\/2025\/06\/palas3-2.jpg 640w\" sizes=\"(max-width: 382px) 100vw, 382px\" \/><\/span><\/p>\n<p class=\"yiv2766670759MsoNormal\" style=\"text-align: justify;\"><span lang=\"RO\">Intrarea este liber\u0103 pentru ambele evenimente, iar mai multe informa\u021bii g\u0103se\u0219ti pe\u00a0<a href=\"https:\/\/www.facebook.com\/palasiasi\/?locale=ro_RO\" target=\"_blank\" rel=\"nofollow noopener noreferrer\">facebook-ul Palas Ia\u0219i<\/a>.<\/span><\/p>\n<p class=\"yiv2766670759MsoNormal\" style=\"text-align: justify;\"><span lang=\"RO\">\u00a0<\/span><\/p>\n","protected":false},"excerpt":{"rendered":"<p>\u00cen acest weekend, gr\u0103dina Palas te a\u0219teapt\u0103 cu o sear\u0103 de muzic\u0103 live, \u201eA Sky&#8230; <a class=\"meta-more\" href=\"http:\/\/infois.ro\/?p=81379\">more <span class=\"meta-nav\">&raquo;<\/span><\/a><\/p>\n","protected":false},"author":2,"featured_media":81380,"comment_status":"closed","ping_status":"closed","sticky":false,"template":"","format":"standard","meta":{"footnotes":""},"categories":[41,60],"tags":[74,803,12542,40,17800],"aioseo_notices":[],"_links":{"self":[{"href":"http:\/\/infois.ro\/index.php?rest_route=\/wp\/v2\/posts\/81379"}],"collection":[{"href":"http:\/\/infois.ro\/index.php?rest_route=\/wp\/v2\/posts"}],"about":[{"href":"http:\/\/infois.ro\/index.php?rest_route=\/wp\/v2\/types\/post"}],"author":[{"embeddable":true,"href":"http:\/\/infois.ro\/index.php?rest_route=\/wp\/v2\/users\/2"}],"replies":[{"embeddable":true,"href":"http:\/\/infois.ro\/index.php?rest_route=%2Fwp%2Fv2%2Fcomments&post=81379"}],"version-history":[{"count":1,"href":"http:\/\/infois.ro\/index.php?rest_route=\/wp\/v2\/posts\/81379\/revisions"}],"predecessor-version":[{"id":81383,"href":"http:\/\/infois.ro\/index.php?rest_route=\/wp\/v2\/posts\/81379\/revisions\/81383"}],"wp:featuredmedia":[{"embeddable":true,"href":"http:\/\/infois.ro\/index.php?rest_route=\/wp\/v2\/media\/81380"}],"wp:attachment":[{"href":"http:\/\/infois.ro\/index.php?rest_route=%2Fwp%2Fv2%2Fmedia&parent=81379"}],"wp:term":[{"taxonomy":"category","embeddable":true,"href":"http:\/\/infois.ro\/index.php?rest_route=%2Fwp%2Fv2%2Fcategories&post=81379"},{"taxonomy":"post_tag","embeddable":true,"href":"http:\/\/infois.ro\/index.php?rest_route=%2Fwp%2Fv2%2Ftags&post=81379"}],"curies":[{"name":"wp","href":"https:\/\/api.w.org\/{rel}","templated":true}]}}