{"id":81453,"date":"2025-07-03T06:47:23","date_gmt":"2025-07-03T03:47:23","guid":{"rendered":"https:\/\/infois.ro\/?p=81453"},"modified":"2025-07-03T06:47:23","modified_gmt":"2025-07-03T03:47:23","slug":"vacanta-recreativa-a-ajuns-la-a-doua-editie","status":"publish","type":"post","link":"http:\/\/infois.ro\/?p=81453","title":{"rendered":"Vacan\u021ba (re)Creativ\u0103 a ajuns la a doua edi\u021bie"},"content":{"rendered":"<p><img loading=\"lazy\" decoding=\"async\" class=\"size-medium wp-image-81454 alignleft\" src=\"http:\/\/infois.ro\/wp-content\/uploads\/2025\/07\/vacanta-296x390.jpg\" alt=\"\" width=\"296\" height=\"390\" srcset=\"http:\/\/infois.ro\/wp-content\/uploads\/2025\/07\/vacanta-296x390.jpg 296w, http:\/\/infois.ro\/wp-content\/uploads\/2025\/07\/vacanta.jpg 640w\" sizes=\"(max-width: 296px) 100vw, 296px\" \/><\/p>\n<p style=\"text-align: justify;\">\u00cen perioada 14 iulie \u2013 29 august 2025, Ateneul Na\u021bional din Ia\u0219i, \u00een parteneriat cu Prim\u0103ria Municipiului Ia\u0219i, organizeaz\u0103 cea de-a doua edi\u021bie a programului estival pentru copii Vacan\u021ba (re)Creativ\u0103, desf\u0103\u0219urat la Centrul Interna\u021bional de Art\u0103 Contemporan\u0103 \u2013 Baia Turceasc\u0103 Ia\u0219i. Participarea este gratuit\u0103, \u00een limita locurilor disponibile, iar \u00eenscrierile se vor desf\u0103\u0219ura \u00een perioada 1\u20137 iulie 2025.<br \/>\nVacan\u021ba (re)Creativ\u0103 este un program destinat celor mai tineri membri ai comunit\u0103\u021bii, organizat pe grupe de v\u00e2rst\u0103 \u0219i adaptat etapelor de dezvoltare artistic\u0103, emo\u021bional\u0103 \u0219i social\u0103. Activit\u0103\u021bile ofer\u0103 un cadru sigur \u0219i stimulant pentru exprimare liber\u0103, creativitate \u0219i \u00eencredere \u00een sine, folosind metode educa\u021bionale nonformale care sprijin\u0103 dezvoltarea personal\u0103 \u0219i artistic\u0103 a participan\u021bilor.<br \/>\nProgramul s\u0103pt\u0103m\u00e2nal propune o palet\u0103 variat\u0103 de cursuri \u0219i ateliere educative, artistice \u0219i de formare personal\u0103, adresate celor cu v\u00e2rste \u00eentre 7\u201310 ani \u0219i 11\u201315 ani. Printre activit\u0103\u021bile propuse se num\u0103r\u0103: Scena Viselor (teatru), Art-Terapie, Banii pe \u00cen\u021belesul Meu (educa\u021bie financiar\u0103), Forme \u00een Joac\u0103 \u0219i Linii \u0219i Vise (desen), Lumin\u0103 \u0219i Culoare (pictur\u0103 icoane), Mini Salvatori (siguran\u021b\u0103 \u0219i prim-ajutor), FotoFabulos (fotografie creativ\u0103) \u0219i From Hmm to Wow (public speaking). Toate cursurile sunt adaptate nivelului de \u00een\u021belegere \u0219i intereselor fiec\u0103rei grupe, pentru a r\u0103spunde c\u00e2t mai eficient nevoilor \u0219i poten\u021bialului participan\u021bilor.<br \/>\n\u201eAflat la cea de-a doua edi\u021bie, programul Vacan\u021ba (re)Creativ\u0103 \u00ee\u0219i propune s\u0103 le ofere copiilor din Ia\u0219i, o alternativ\u0103 valoroas\u0103 de petrecere a vacan\u021bei, prin activit\u0103\u021bi artistice, educative \u0219i de dezvoltare personal\u0103 care nu se reg\u0103sesc \u00een programa \u0219colar\u0103. Atelierele interactive sunt g\u00e2ndite s\u0103 stimuleze creativitatea, exprimarea emo\u021bional\u0103 \u0219i descoperirea unor pasiuni noi, \u00eentr-un cadru sigur \u0219i prietenos\u201d, au declarat organizatorii.<br \/>\nInforma\u021bii detaliate despre proiect \u0219i formularul de \u00eenscriere vor fi disponibile pe paginile de Facebook \u0219i Instagram ale Ateneului Na\u021bional din Ia\u0219i.<\/p>\n<p style=\"text-align: justify;\">\n","protected":false},"excerpt":{"rendered":"<p>\u00cen perioada 14 iulie \u2013 29 august 2025, Ateneul Na\u021bional din Ia\u0219i, \u00een parteneriat cu&#8230; <a class=\"meta-more\" href=\"http:\/\/infois.ro\/?p=81453\">more <span class=\"meta-nav\">&raquo;<\/span><\/a><\/p>\n","protected":false},"author":2,"featured_media":81454,"comment_status":"closed","ping_status":"closed","sticky":false,"template":"","format":"standard","meta":{"footnotes":""},"categories":[12,41],"tags":[74,14087,8900,40,2937,727,17723],"aioseo_notices":[],"_links":{"self":[{"href":"http:\/\/infois.ro\/index.php?rest_route=\/wp\/v2\/posts\/81453"}],"collection":[{"href":"http:\/\/infois.ro\/index.php?rest_route=\/wp\/v2\/posts"}],"about":[{"href":"http:\/\/infois.ro\/index.php?rest_route=\/wp\/v2\/types\/post"}],"author":[{"embeddable":true,"href":"http:\/\/infois.ro\/index.php?rest_route=\/wp\/v2\/users\/2"}],"replies":[{"embeddable":true,"href":"http:\/\/infois.ro\/index.php?rest_route=%2Fwp%2Fv2%2Fcomments&post=81453"}],"version-history":[{"count":1,"href":"http:\/\/infois.ro\/index.php?rest_route=\/wp\/v2\/posts\/81453\/revisions"}],"predecessor-version":[{"id":81455,"href":"http:\/\/infois.ro\/index.php?rest_route=\/wp\/v2\/posts\/81453\/revisions\/81455"}],"wp:featuredmedia":[{"embeddable":true,"href":"http:\/\/infois.ro\/index.php?rest_route=\/wp\/v2\/media\/81454"}],"wp:attachment":[{"href":"http:\/\/infois.ro\/index.php?rest_route=%2Fwp%2Fv2%2Fmedia&parent=81453"}],"wp:term":[{"taxonomy":"category","embeddable":true,"href":"http:\/\/infois.ro\/index.php?rest_route=%2Fwp%2Fv2%2Fcategories&post=81453"},{"taxonomy":"post_tag","embeddable":true,"href":"http:\/\/infois.ro\/index.php?rest_route=%2Fwp%2Fv2%2Ftags&post=81453"}],"curies":[{"name":"wp","href":"https:\/\/api.w.org\/{rel}","templated":true}]}}