{"id":81560,"date":"2025-07-17T18:26:51","date_gmt":"2025-07-17T15:26:51","guid":{"rendered":"https:\/\/infois.ro\/?p=81560"},"modified":"2025-07-18T08:29:43","modified_gmt":"2025-07-18T05:29:43","slug":"seri-de-vara-cu-povesti-dedicate-cinefililor-la-palas-movie-nights-incepe-in-acest-weekend","status":"publish","type":"post","link":"http:\/\/infois.ro\/?p=81560","title":{"rendered":"Seri de var\u0103 cu pove\u0219ti dedicate cinefililor, la Palas. Movie Nights \u00eencepe \u00een acest weekend!"},"content":{"rendered":"<p><img loading=\"lazy\" decoding=\"async\" class=\"size-medium wp-image-81561 alignleft\" src=\"http:\/\/infois.ro\/wp-content\/uploads\/2025\/07\/Movie-Nights-01-390x163.jpg\" alt=\"\" width=\"390\" height=\"163\" srcset=\"http:\/\/infois.ro\/wp-content\/uploads\/2025\/07\/Movie-Nights-01-390x163.jpg 390w, http:\/\/infois.ro\/wp-content\/uploads\/2025\/07\/Movie-Nights-01.jpg 640w\" sizes=\"(max-width: 390px) 100vw, 390px\" \/><\/p>\n<p class=\"yiv3325381500MsoNormal\" style=\"text-align: justify;\"><b><i><span lang=\"RO\">O alt\u0103 var\u0103, o nou\u0103 poveste dedicat\u0103 cinefililor care \u00eencepe chiar \u00een acest weekend, odat\u0103 cu Movie Nights. Gr\u0103dina Palas se transform\u0103 \u00eentr-un univers al experien\u021belor cinematografice, unde filmele tale preferate se pot viziona \u00een cel mai spectaculos cinema \u00een aer liber din ora\u0219. The Dark Knight, Avatar 2 \u0219i The Notebook sunt proiec\u021biile acestui weekend.<\/span><\/i><\/b><\/p>\n<p class=\"yiv3325381500MsoNormal\" style=\"text-align: justify;\"><span lang=\"RO\">\u00a0<\/span><\/p>\n<p class=\"yiv3325381500MsoNormal\" style=\"text-align: justify;\"><span lang=\"RO\">Preg\u0103te\u0219te-te de seri pline de amintire, de \u00eent\u00e2lniri cu prietenii \u0219i, mai ales, de filme bune, pentru c\u0103 la Palas \u00eencepe Movie Nights. Dac\u0103 aveai nevoie de un cadru care s\u0103 te inspire, unde s\u0103 te relaxezi sub lumina stelelor \u0219i s\u0103 faci poze pentru albumul de var\u0103, trebuie s\u0103 \u0219tii c\u0103 Palas a preg\u0103tit proiec\u021bii ale unor filme \u00eendr\u0103gite.<\/span><\/p>\n<p class=\"yiv3325381500MsoNormal\" style=\"text-align: justify;\"><span lang=\"RO\">\u00a0<\/span><\/p>\n<p class=\"yiv3325381500MsoNormal\" style=\"text-align: justify;\"><span lang=\"RO\">\u00cencep\u00e2nd de m\u00e2ine,\u00a0<b>Cinema Sky<\/b>\u00a0se mut\u0103 \u00een gr\u0103dina Palas \u0219i,\u00a0<b>de la ora 21:30<\/b>,\u00a0<b>\u00een fiecare zi de weekend<\/b>, te vei bucura de romantism, suspans, efecte vizuale spectaculoase \u0219i pove\u0219ti pe care le vei \u021bine minte.<\/span><\/p>\n<p class=\"yiv3325381500MsoNormal\" style=\"text-align: justify;\"><span lang=\"RO\"> <img loading=\"lazy\" decoding=\"async\" class=\"size-medium wp-image-81562 alignright\" src=\"http:\/\/infois.ro\/wp-content\/uploads\/2025\/07\/palas-390x260.jpg\" alt=\"\" width=\"390\" height=\"260\" srcset=\"http:\/\/infois.ro\/wp-content\/uploads\/2025\/07\/palas-390x260.jpg 390w, http:\/\/infois.ro\/wp-content\/uploads\/2025\/07\/palas.jpg 640w\" sizes=\"(max-width: 390px) 100vw, 390px\" \/><\/span><\/p>\n<p class=\"yiv3325381500MsoNormal\" style=\"text-align: justify;\"><b><span lang=\"RO\">Vineri, 18 iulie 2025<\/span><\/b><span lang=\"RO\">, \u00eent\u00e2mpin\u0103 weekendul cu supereroii din\u00a0<b>\u201eThe Dark Knight\u201d<\/b>\u00a0\u0219i fii al\u0103turi de Batman \u00een c\u0103utarea celor mai bune strategii de ap\u0103rare ale Gotham City! Propunerea Cinema Sky pentru\u00a0<b>s\u00e2mb\u0103t\u0103<\/b>\u00a0este captivantul film \u0219tiin\u021bifico-fantastic \u00een regia lui James Cameron,\u00a0<b>\u201eAvatar 2\u201d<\/b>. Iar\u00a0<b>duminic\u0103<\/b>, celebrul \u201e<b>The Notebook\u201d<\/b>\u00a0este gata s\u0103 aduc\u0103 z\u00e2mbete de fericire pe chipul \u00eendr\u0103gosti\u021bilor \u0219i speran\u021ba unui happy-end plin de emo\u021bia reg\u0103sirii. Mai mute detalii despre bilete, dar \u0219i alte informa\u021bii g\u0103se\u0219ti\u00a0<\/span><a href=\"https:\/\/www.palasmall.ro\/eveniment\/movie-nights-by-palas-cinemasky_1314\" target=\"_blank\" rel=\"nofollow noopener noreferrer\"><span lang=\"RO\">aici<\/span><\/a><span lang=\"RO\">.<\/span><\/p>\n<p class=\"yiv3325381500MsoNormal\" style=\"text-align: justify;\"><span lang=\"RO\">\u00a0<\/span><\/p>\n<p class=\"yiv3325381500MsoNormal\" style=\"text-align: justify;\"><span lang=\"RO\">Pentru c\u0103 orice ai nevoie pentru timpul t\u0103u liber g\u0103se\u0219ti la Palas, \u00ee\u021bi po\u021bi completa experien\u021ba cinematografic\u0103, \u00een weekend, cu dou\u0103 concerte organizate de Asocia\u021bia Cultural\u0103 \u201eEcouri Artistice\u201d \u0219i Art&amp;Music Day<b>. Pe data de 18 iulie, de la ora 19:00, \u00een Atriumul Palas<\/b>,\u00a0<b>arti\u0219tii Alin Stoica \u0219i Stephanie Radu<\/b>, \u00eempreun\u0103 cu invita\u021bii lor, \u00ee\u021bi ofer\u0103 un spectacol de excep\u021bie, cu un repertoriu de muzic\u0103 clasic\u0103, intitulat \u201eVoci de lumin\u0103\u201d.\u00a0<b>Duminic\u0103, 20 iulie<\/b>, tot\u00a0<b>de la ora 19:00<\/b>, va avea loc acela\u0219i spectacol, \u00eens\u0103 decorul se schimb\u0103, astfel c\u0103 te vei bucura de muzic\u0103\u00a0<b>\u00een Gr\u0103dina Palas<\/b>.\u00a0\u00a0<\/span><\/p>\n<p class=\"yiv3325381500MsoNormal\" style=\"text-align: justify;\"><span lang=\"RO\">\u00a0<\/span><\/p>\n","protected":false},"excerpt":{"rendered":"<p>O alt\u0103 var\u0103, o nou\u0103 poveste dedicat\u0103 cinefililor care \u00eencepe chiar \u00een acest weekend, odat\u0103&#8230; <a class=\"meta-more\" href=\"http:\/\/infois.ro\/?p=81560\">more <span class=\"meta-nav\">&raquo;<\/span><\/a><\/p>\n","protected":false},"author":2,"featured_media":81561,"comment_status":"closed","ping_status":"closed","sticky":false,"template":"","format":"standard","meta":{"footnotes":""},"categories":[41,60],"tags":[74,18159,40,18157,100,18158],"aioseo_notices":[],"_links":{"self":[{"href":"http:\/\/infois.ro\/index.php?rest_route=\/wp\/v2\/posts\/81560"}],"collection":[{"href":"http:\/\/infois.ro\/index.php?rest_route=\/wp\/v2\/posts"}],"about":[{"href":"http:\/\/infois.ro\/index.php?rest_route=\/wp\/v2\/types\/post"}],"author":[{"embeddable":true,"href":"http:\/\/infois.ro\/index.php?rest_route=\/wp\/v2\/users\/2"}],"replies":[{"embeddable":true,"href":"http:\/\/infois.ro\/index.php?rest_route=%2Fwp%2Fv2%2Fcomments&post=81560"}],"version-history":[{"count":1,"href":"http:\/\/infois.ro\/index.php?rest_route=\/wp\/v2\/posts\/81560\/revisions"}],"predecessor-version":[{"id":81563,"href":"http:\/\/infois.ro\/index.php?rest_route=\/wp\/v2\/posts\/81560\/revisions\/81563"}],"wp:featuredmedia":[{"embeddable":true,"href":"http:\/\/infois.ro\/index.php?rest_route=\/wp\/v2\/media\/81561"}],"wp:attachment":[{"href":"http:\/\/infois.ro\/index.php?rest_route=%2Fwp%2Fv2%2Fmedia&parent=81560"}],"wp:term":[{"taxonomy":"category","embeddable":true,"href":"http:\/\/infois.ro\/index.php?rest_route=%2Fwp%2Fv2%2Fcategories&post=81560"},{"taxonomy":"post_tag","embeddable":true,"href":"http:\/\/infois.ro\/index.php?rest_route=%2Fwp%2Fv2%2Ftags&post=81560"}],"curies":[{"name":"wp","href":"https:\/\/api.w.org\/{rel}","templated":true}]}}