{"id":81638,"date":"2025-07-28T14:38:34","date_gmt":"2025-07-28T11:38:34","guid":{"rendered":"https:\/\/infois.ro\/?p=81638"},"modified":"2025-07-28T14:38:34","modified_gmt":"2025-07-28T11:38:34","slug":"conferinta-stiintifica-anuala-a-economistilor-romani-din-mediul-academic-din-strainatate-ermas-2025","status":"publish","type":"post","link":"http:\/\/infois.ro\/?p=81638","title":{"rendered":"Conferin\u021ba \u0218tiin\u021bific\u0103 Anual\u0103 a Economi\u0219tilor Rom\u00e2ni din Mediul Academic din Str\u0103in\u0103tate \u2013 ERMAS 2025"},"content":{"rendered":"<p style=\"text-align: justify;\"><img loading=\"lazy\" decoding=\"async\" class=\"size-medium wp-image-81639 alignleft\" src=\"http:\/\/infois.ro\/wp-content\/uploads\/2025\/07\/ERMAS-390x200.jpg\" alt=\"\" width=\"390\" height=\"200\" srcset=\"http:\/\/infois.ro\/wp-content\/uploads\/2025\/07\/ERMAS-390x200.jpg 390w, http:\/\/infois.ro\/wp-content\/uploads\/2025\/07\/ERMAS.jpg 640w\" sizes=\"(max-width: 390px) 100vw, 390px\" \/><\/p>\n<p style=\"text-align: justify;\">\u00cen perioada 30 iulie \u2013 1 august 2025, Universitatea \u201eAlexandru Ioan Cuza\u201d din Ia\u0219i (UAIC), Banca Na\u021bional\u0103 a Rom\u00e2niei \u0219i Universitatea Babe\u0219-Bolyai din Cluj-Napoca organizeaz\u0103 Conferin\u021ba \u0218tiin\u021bific\u0103 Anual\u0103 a Economi\u0219tilor Rom\u00e2ni din Mediul Academic din Str\u0103in\u0103tate \u2013 ERMAS 2025, edi\u021bia a XI-a.\u00a0Conferin\u021ba reune\u0219te economi\u0219ti rom\u00e2ni din diaspora \u0219i din \u021bar\u0103, oferind un cadru de dialog academic de \u00eenalt nivel, axat pe cercetare economic\u0103 riguroas\u0103 \u0219i pe stimularea colabor\u0103rilor interna\u021bionale.<\/p>\n<p style=\"text-align: justify;\">La aceast\u0103 edi\u021bie vor sus\u021bine prelegeri plenare patru invita\u021bi de prestigiu:\u00a0Renee Adams, Universitatea din Oxford, Marea Britanie; Michela Giorcelli, Universitatea din California (UCLA), Statele Unite ale Americii; Silvia Goncalves, Universitatea McGill, Canada; Ioana Marinescu, Universitatea din Pennsylvania, Statele Unite ale Americii.<br \/>\nSesiunea de deschidere a conferin\u021bei ERMAS 2025 va avea loc miercuri, 30 iulie 2025, \u00eencep\u00e2nd cu ora 12.00, \u00een Aula Magna \u201eMihai Eminescu\u201d a UAIC.<\/p>\n","protected":false},"excerpt":{"rendered":"<p>\u00cen perioada 30 iulie \u2013 1 august 2025, Universitatea \u201eAlexandru Ioan Cuza\u201d din Ia\u0219i (UAIC),&#8230; <a class=\"meta-more\" href=\"http:\/\/infois.ro\/?p=81638\">more <span class=\"meta-nav\">&raquo;<\/span><\/a><\/p>\n","protected":false},"author":2,"featured_media":81639,"comment_status":"closed","ping_status":"closed","sticky":false,"template":"","format":"standard","meta":{"footnotes":""},"categories":[12,41],"tags":[74,227,18172,40,6648],"aioseo_notices":[],"_links":{"self":[{"href":"http:\/\/infois.ro\/index.php?rest_route=\/wp\/v2\/posts\/81638"}],"collection":[{"href":"http:\/\/infois.ro\/index.php?rest_route=\/wp\/v2\/posts"}],"about":[{"href":"http:\/\/infois.ro\/index.php?rest_route=\/wp\/v2\/types\/post"}],"author":[{"embeddable":true,"href":"http:\/\/infois.ro\/index.php?rest_route=\/wp\/v2\/users\/2"}],"replies":[{"embeddable":true,"href":"http:\/\/infois.ro\/index.php?rest_route=%2Fwp%2Fv2%2Fcomments&post=81638"}],"version-history":[{"count":1,"href":"http:\/\/infois.ro\/index.php?rest_route=\/wp\/v2\/posts\/81638\/revisions"}],"predecessor-version":[{"id":81640,"href":"http:\/\/infois.ro\/index.php?rest_route=\/wp\/v2\/posts\/81638\/revisions\/81640"}],"wp:featuredmedia":[{"embeddable":true,"href":"http:\/\/infois.ro\/index.php?rest_route=\/wp\/v2\/media\/81639"}],"wp:attachment":[{"href":"http:\/\/infois.ro\/index.php?rest_route=%2Fwp%2Fv2%2Fmedia&parent=81638"}],"wp:term":[{"taxonomy":"category","embeddable":true,"href":"http:\/\/infois.ro\/index.php?rest_route=%2Fwp%2Fv2%2Fcategories&post=81638"},{"taxonomy":"post_tag","embeddable":true,"href":"http:\/\/infois.ro\/index.php?rest_route=%2Fwp%2Fv2%2Ftags&post=81638"}],"curies":[{"name":"wp","href":"https:\/\/api.w.org\/{rel}","templated":true}]}}