{"id":81767,"date":"2025-08-08T14:41:07","date_gmt":"2025-08-08T11:41:07","guid":{"rendered":"https:\/\/infois.ro\/?p=81767"},"modified":"2025-08-08T14:41:07","modified_gmt":"2025-08-08T11:41:07","slug":"peste-1500-de-copii-din-33-de-comunitati-descopera-magia-stiintelor-prin-a-doua-editie-a-programului-scoli-de-vara-steam","status":"publish","type":"post","link":"http:\/\/infois.ro\/?p=81767","title":{"rendered":"Peste 1500 de copii din 33 de comunit\u0103\u021bi descoper\u0103 magia \u0219tiin\u021belor prin a doua edi\u021bie a programului \u0218coli de Var\u0103 STEAM"},"content":{"rendered":"<p><img loading=\"lazy\" decoding=\"async\" class=\"size-medium wp-image-81768 alignleft\" src=\"http:\/\/infois.ro\/wp-content\/uploads\/2025\/08\/Scoli-de-Vara-STEAM_Cerneteaz_2024-1-390x260.jpg\" alt=\"\" width=\"390\" height=\"260\" srcset=\"http:\/\/infois.ro\/wp-content\/uploads\/2025\/08\/Scoli-de-Vara-STEAM_Cerneteaz_2024-1-390x260.jpg 390w, http:\/\/infois.ro\/wp-content\/uploads\/2025\/08\/Scoli-de-Vara-STEAM_Cerneteaz_2024-1.jpg 640w\" sizes=\"(max-width: 390px) 100vw, 390px\" \/><\/p>\n<p style=\"text-align: justify;\">Federa\u021bia Funda\u021biile Comunitare din Rom\u00e2nia (FFCR), cu sprijinul PEPCO Rom\u00e2nia, lanseaz\u0103 a doua edi\u021bie a programului na\u021bional \u0218coli de Var\u0103 STEAM, menit s\u0103 aduc\u0103 \u0219tiin\u021bele mai aproape de copiii din 33 de comunit\u0103\u021bi cu acces limitat la educa\u021bie non-formal\u0103. Prin joac\u0103 \u0219i experiment, peste 1500 de copii vor deprinde abilit\u0103\u021bi esen\u021biale pentru viitor, \u00eentr-un cadru care pune accent pe \u00eenv\u0103\u021barea experien\u021bial\u0103 \u0219i colaborare. Programul este gratuit \u0219i este derulat de 13 funda\u021bii comunitare din re\u021beaua FFCR \u0219i partenerii lor locali.<br \/>\n\u201e\u00centr-o lume \u00een continu\u0103 schimbare, \u00een care vorbim din ce \u00een ce mai mult de inteligen\u021b\u0103 artificial\u0103, educa\u021bia \u00een domeniile STEAM nu mai este un privilegiu, ci o necesitate. Sus\u021binem aceast\u0103 ini\u021biativ\u0103 pentru c\u0103 aduce \u0219tiin\u021bele mai aproape de copii, a\u0219a cum ne-am dori s\u0103 fie predate: prin investiga\u021bie, experimente \u0219i rezolvarea de probleme reale, relevante pentru copii \u0219i pentru comunit\u0103\u021bile \u00een care tr\u0103iesc. Credem \u00een puterea educa\u021biei aplicate, prin care este stimulat\u0103 curiozitatea, g\u00e2ndirea critic\u0103 \u0219i autonomia &#8211; mai ales acolo unde accesul la astfel de experien\u021be este limitat. Ne bucur\u0103m c\u0103, al\u0103turi de Federa\u021bia Funda\u021biilor Comunitare din Rom\u00e2nia, extindem \u00een acest an programul \u0218coli de var\u0103 STEAM \u0219i ajungem \u00eempreun\u0103 \u00een 33 de comunit\u0103\u021bi care \u0219i-au ar\u0103tat interesul \u0219i dorin\u021ba de a organiza astfel de activit\u0103\u021bi pentru copii \u0219i adolescen\u021bi\u201d, a declarat Raluca-Rodica Popescu, Corporate Social Responsibility Specialist, PEPCO Rom\u00e2nia.<br \/>\n\u0218colile de Var\u0103 STEAM sunt concepute s\u0103 aprind\u0103 curiozitatea copiilor prin abord\u0103ri de tip \u201clearning by doing\u201d, oferind celor mici metode practice \u0219i distractive de a \u00eenv\u0103\u021ba no\u021biuni de \u0219tiin\u021b\u0103, tehnologie, inginerie, art\u0103 sau matematic\u0103. \u00cen 2024, peste 1.000 de copii din 20 de comunit\u0103\u021bi au avut ocazia s\u0103 exploreze \u0219tiin\u021ba altfel, construind robo\u021bi, descoperind fosile sau realiz\u00e2nd experimente chimice interactive. Pentru mul\u021bi dintre ei, \u0218colile de Var\u0103 STEAM au fost prima experien\u021b\u0103 de educa\u021bie non-formal\u0103, cu impact asupra modului \u00een care privesc viitorul.<br \/>\n\u201eColegii mei mi-au povestit cu at\u00e2ta entuziasm \u0219i bucurie despre robo\u021bii construi\u021bi, \u00eenc\u00e2t am venit \u0219i eu mai mult din curiozitate. Sunt foarte fericit c\u0103 am venit, nu am mai f\u0103cut vreodat\u0103 robotic\u0103, de fapt nici nu \u0219tiam despre ce este vorba. Am descoperit o nou\u0103 lume\u201d, a declarat un participant la \u0218coala de Var\u0103 STEAM 2024 organizat\u0103 de Funda\u021bia Comunitar\u0103 \u021aara F\u0103g\u0103ra\u0219ului.<br \/>\nAnul acesta, programul se extinde la 33 de comunit\u0103\u021bi rurale \u0219i mic-urbane din 15 jude\u021be, prin Funda\u021biile Comunitare Bac\u0103u, Banatul Montan, Bra\u0219ov, Buz\u0103u, Cluj, Gala\u021bi, Ia\u0219i, Mure\u0219, Odorheiu Secuiesc, Oradea, Timi\u0219oara, \u021aara F\u0103g\u0103ra\u0219ului \u0219i V\u00e2lcea. Fiecare funda\u021bie comunitar\u0103 va organiza \u00eentre dou\u0103 \u0219i patru \u0219coli de var\u0103, al\u0103turi de parteneri locali.<img loading=\"lazy\" decoding=\"async\" class=\"size-medium wp-image-81769 alignright\" src=\"http:\/\/infois.ro\/wp-content\/uploads\/2025\/08\/Scoli-de-Vara-STEAM_Costesti_2024-390x293.jpg\" alt=\"\" width=\"390\" height=\"293\" srcset=\"http:\/\/infois.ro\/wp-content\/uploads\/2025\/08\/Scoli-de-Vara-STEAM_Costesti_2024-390x293.jpg 390w, http:\/\/infois.ro\/wp-content\/uploads\/2025\/08\/Scoli-de-Vara-STEAM_Costesti_2024.jpg 640w\" sizes=\"(max-width: 390px) 100vw, 390px\" \/><\/p>\n<p style=\"text-align: justify;\">Unde \u0219i c\u00e2nd se desf\u0103\u0219oar\u0103 \u0218colile de Var\u0103 STEAM 2025<br \/>\n\u25cf \u00cen jud. Buz\u0103u: Funda\u021bia Comunitar\u0103 Buz\u0103u organizeaz\u0103 dou\u0103 \u0219coli de var\u0103 la C\u0103ne\u0219ti (15-19 august) \u0219i R\u00e2mnicu S\u0103rat (1-5 septembrie), al\u0103turi de Asocia\u021bia Academia Faptelor Bune;<br \/>\n\u25cf \u00cen jud. Bihor: Funda\u021bia Comunitar\u0103 Oradea sprijin\u0103 2 \u0219coli de var\u0103 la Bunte\u0219ti (13-19 august) cu Asocia\u021bia \u0218colii Gimnaziale nr. 1 Bunte\u0219ti \u0219i la C\u0103be\u0219ti (18-22 august) cu Asocia\u021bia D\u0103ruie\u0219te Vise;<br \/>\n\u25cf \u00cen jud. Bra\u0219ov, Funda\u021bia Comunitar\u0103 Bra\u0219ov coordoneaz\u0103 dou\u0103 \u0219coli de var\u0103 la Raco\u0219 (1-5 septembrie) cu Asocia\u021bia ArtByte, respectiv la Budila (1-5 septembrie), cu Asocia\u021bia Krontechies. De asemenea, Funda\u021bia Comunitar\u0103 \u021aara F\u0103g\u0103ra\u0219ului va coordona dou\u0103 \u0219coli de var\u0103, la Cop\u0103cel (1-5 sep) cu As. SOS \u021aara F\u0103g\u0103ra\u0219ului, precum \u0219i \u00eentr-o nou\u0103 comunitate \u00een curs de confirmare.<br \/>\n\u25cf \u00cen jud. Cara\u0219-Severin: Funda\u021bia Comunitar\u0103 Banatul Montan sprijin\u0103 2 \u0219coli de var\u0103 la Soceni (18-22 august) cu Grupul Parfum de Chimie \u0219i la M\u0103ru (25-29 august) cu Grupul STEAM Laboratory \u0219i Robotics for Life;<br \/>\n\u25cf \u00cen jud. Bac\u0103u: Funda\u021bia Comunitar\u0103 Bac\u0103u organizeaz\u0103 dou\u0103 \u0219coli de var\u0103 la M\u0103rgineni (25-29 august) \u0219i Nicolae B\u0103lcescu (1-5 septembrie);<br \/>\n\u25cf \u00cen jud. Cluj: Funda\u021bia Comunitar\u0103 Cluj coordoneaz\u0103 trei \u0219coli de var\u0103 la Bon\u021bida (18-22 august) cu \u0218coala Gimnazial\u0103 Bon\u021bida, Meri\u0219or (26-30 august) cu Asocia\u021bia Crede \u00een Tineri \u0219i S\u0103licea (1-5 septembrie) cu Asocia\u021bia Grassroot-ology;<br \/>\n\u25cf \u00cen jud. Gala\u021bi: Funda\u021bia Comunitar\u0103 Gala\u021bi sus\u021bine dou\u0103 \u0219coli de var\u0103 la Tecuci (18-22 august) cu Asocia\u021bia Floarea Sorului \u0219i la Costache Negri (1-5 sep) cu grupul de ini\u021biativ\u0103 al \u0219colii locale;<br \/>\n\u25cf \u00cen jud. Harghita: Funda\u021bia Comunitar\u0103 Odorheiu Secuiesc organizeaz\u0103 dou\u0103 \u0219coli de var\u0103 la Praid (21-25 iulie) \u0219i Vl\u0103hi\u021ba (1-5 septembrie), cu implicarea mentorilor locali;<br \/>\n\u25cf \u00cen jud. Ia\u0219i, Funda\u021bia Comunitar\u0103 Ia\u0219i sus\u021bine 4 \u0219coli de var\u0103: Valea Lupului (18-22 august) cu Asocia\u021bia Prietenii \u0218colii Valea Lupului, R\u0103duc\u0103neni (18-22 august) cu Asocia\u021bia To\u021bi pentru Unul, Belce\u0219ti (25-29 august) cu Funda\u021bia Academic\u0103 IF2000 Ia\u0219i, \u0219i Valea Ursului (6-10 septembrie) cu Asocia\u021bia Speran\u021b\u0103 \u0219i Tradi\u021bii;<br \/>\n\u25cf \u00cen jud. Mure\u0219: Funda\u021bia Comunitar\u0103 Mure\u0219 organizeaz\u0103 dou\u0103 \u0219coli de var\u0103 la S\u00e2nm\u0103rtinu de C\u00e2mpie (28 iulie &#8211; 1 august) \u0219i Gurghiu (11-15 august), cu sprijinul mentorilor locali;<br \/>\n\u25cf \u00cen zona de Vest, jud. Timi\u0219, Arad \u0219i Hunedoara: Funda\u021bia Comunitar\u0103 Timi\u0219oara sprijin\u0103 organizarea a patru \u0219coli de var\u0103: Margina, Timi\u0219 (7-11 iulie) cu Asocia\u021bia CRIES; Satu Nou, Arad (11-15 august) cu Asocia\u021bia Pro-Ghioroc Ma-Gyorok; Livada, Arad (18-22 august) cu Asocia\u021bia Gr\u0103dina \u0218tiin\u021bei; \u0219i Brad, Hunedoara (11-15 august) cu Asocia\u021bia VeloBrad;<br \/>\n\u25cf \u00cen jud. V\u00e2lcea \u0219i Arge\u0219: Funda\u021bia Comunitar\u0103 V\u00e2lcea organizeaz\u0103 patru \u0219coli de var\u0103, la Horezu (25-29 august) cu Grupul de Ini\u021biativ\u0103 Digital Village, \u0219i la S\u0103l\u0103trucel (25-29 august), C\u0103line\u0219ti (25-29 august) \u0219i Corbeni (jud Arge\u0219, 1-5 septembrie) cu implicarea mentorilor locali.<\/p>\n<p style=\"text-align: justify;\">\u201eAnul trecut am v\u0103zut ce se poate \u00eent\u00e2mpla c\u00e2nd aduci resursele potrivite \u00een locul unde sunt cel mai mult a\u0219teptate. Funda\u021biile comunitare sunt puntea dintre oportunit\u0103\u021bi \u0219i nevoi reale, iar \u0218colile de Var\u0103 STEAM sunt o dovad\u0103 vie a felului \u00een care parteneriatele locale, na\u021bionale \u0219i implicarea comunit\u0103\u021bii pot deschide noi orizonturi pentru genera\u021biile tinere. Ne bucur\u0103m s\u0103 mergem mai departe, oferind \u0219i mai multor copii \u0219ansa de a-\u0219i descoperi pasiunile \u0219i \u00eencrederea \u00een for\u021bele proprii printr-o \u00eenv\u0103\u021bare practic\u0103, interactiv\u0103, plin\u0103 de curiozitate \u0219i curaj de a experimenta\u201d, a declarat Laura Popeea, Director Executiv al Federa\u021biei Funda\u021biile Comunitare din Rom\u00e2nia.<\/p>\n<p><img loading=\"lazy\" decoding=\"async\" class=\"size-medium wp-image-81770 alignleft\" src=\"http:\/\/infois.ro\/wp-content\/uploads\/2025\/08\/Scoli-de-Vara-STEAM_FC-Brasov_2024-390x293.jpg\" alt=\"\" width=\"390\" height=\"293\" srcset=\"http:\/\/infois.ro\/wp-content\/uploads\/2025\/08\/Scoli-de-Vara-STEAM_FC-Brasov_2024-390x293.jpg 390w, http:\/\/infois.ro\/wp-content\/uploads\/2025\/08\/Scoli-de-Vara-STEAM_FC-Brasov_2024.jpg 640w\" sizes=\"(max-width: 390px) 100vw, 390px\" \/><\/p>\n<p style=\"text-align: justify;\">Pe parcursul celor 5 zile de \u0219coal\u0103 de var\u0103, sub \u00eendrumarea mentorilor cu experien\u021b\u0103 din re\u021beaua funda\u021biilor comunitare, copiii exploreaz\u0103 \u0219tiin\u021ba, arta \u0219i tehnologia prin experimente, jocuri \u0219i proiecte de echip\u0103 care le dezvolt\u0103 creativitatea, curiozitatea, abilit\u0103\u021bile de colaborare, precum \u0219i capacitatea de a aplica no\u021biunile \u00een situa\u021bii reale. Activit\u0103\u021bile practice sunt concepute s\u0103 le stimuleze spiritul investigativ, s\u0103 \u00eei \u00eenve\u021be s\u0103 integreze \u0219tiin\u021bele \u00een mediul natural \u0219i s\u0103 le arate cum pot corela teoria cu practica, preg\u0103tindu-i astfel s\u0103 devin\u0103 elevi mai \u00eencrez\u0103tori, deschi\u0219i spre \u00eenv\u0103\u021bare \u0219i adapta\u021bi provoc\u0103rilor viitorului.<\/p>\n<p style=\"text-align: justify;\">Pentru mai multe informa\u021bii despre program \u0219i detalii despre \u00eenscriere, v\u0103 rug\u0103m s\u0103 contacta\u021bi Funda\u021bia Comunitar\u0103 local\u0103 sau s\u0103 vizita\u021bi site-ul FFCR: https:\/\/ffcr.ro\/programe\/scoli-de-vara-steam\/.<\/p>\n<p style=\"text-align: justify;\">Federa\u021bia Funda\u021biile Comunitare din Rom\u00e2nia (FFCR) a fost fondat\u0103 \u00een 2012 \u0219i are rolul de a reprezenta la nivel na\u0163ional interesele funda\u0163iilor comunitare din Rom\u00e2nia care contribuie la construirea unor comunit\u0103\u021bi con\u0219tiente, generoase, incluzive \u0219i durabile. Federa\u021bia sus\u021bine 16 funda\u021bii comunitare \u00eensum\u00e2nd peste 10.000 de proiecte \u0219i 110 milioane de lei \u00een investi\u021bii comunitare. P\u00e2n\u0103 \u00een prezent, Funda\u021biile Comunitare au derulat programe \u00een 32 din cele 41 de jude\u021be din Rom\u00e2nia \u0219i re\u021beaua este \u00een continu\u0103 cre\u0219tere.<\/p>\n<p style=\"text-align: justify;\">PEPCO Rom\u00e2nia este lan\u021bul de retail european cu cea mai rapid\u0103 cre\u0219tere, oferind \u00eembr\u0103c\u0103minte pentru \u00eentreaga familie \u0219i bunuri de uz casnic. Motto-ul re\u021belei \u201eDescoper\u0103 calitatea, bucur\u0103-te de pre\u021b\u201d atrage \u00een fiecare lun\u0103 milioane de clien\u021bi. Compania are peste 3.900 de magazine \u0219i este prezent\u0103 \u00een 18 \u021b\u0103ri din Europa. \u00cen prezent, re\u021beaua are peste 30.000 de angaja\u021bi.<\/p>\n<p style=\"text-align: justify;\">La nivel de grup, Pepco desf\u0103\u0219oar\u0103 activit\u0103\u021bi extinse \u00een domeniul dezvolt\u0103rii durabile pe baza unei strategii care acoper\u0103 toate domeniile ESG. Scopul companiei este de a implementa \u0219i de a oferi clien\u021bilor solu\u021bii durabile prin reducerea impactului activit\u0103\u021bii asupra mediului \u0219i ajut\u0103 clien\u021bii s\u0103 fac\u0103 alegeri mai informate \u0219i benefice pentru planet\u0103, \u00een fiecare zi. Din punct de vedere social, \u00ee\u0219i propune s\u0103 diminueze inegalit\u0103\u021bile \u0219i s\u0103 ofere \u0219anse egale la un start bun \u00een via\u021ba de adult copiilor \u0219i adolescen\u021bilor.<\/p>\n<p style=\"text-align: justify;\">\n","protected":false},"excerpt":{"rendered":"<p>Federa\u021bia Funda\u021biile Comunitare din Rom\u00e2nia (FFCR), cu sprijinul PEPCO Rom\u00e2nia, lanseaz\u0103 a doua edi\u021bie a&#8230; <a class=\"meta-more\" href=\"http:\/\/infois.ro\/?p=81767\">more <span class=\"meta-nav\">&raquo;<\/span><\/a><\/p>\n","protected":false},"author":2,"featured_media":81770,"comment_status":"closed","ping_status":"closed","sticky":false,"template":"","format":"standard","meta":{"footnotes":""},"categories":[12,41],"tags":[74,18198,40,15042,18197],"aioseo_notices":[],"_links":{"self":[{"href":"http:\/\/infois.ro\/index.php?rest_route=\/wp\/v2\/posts\/81767"}],"collection":[{"href":"http:\/\/infois.ro\/index.php?rest_route=\/wp\/v2\/posts"}],"about":[{"href":"http:\/\/infois.ro\/index.php?rest_route=\/wp\/v2\/types\/post"}],"author":[{"embeddable":true,"href":"http:\/\/infois.ro\/index.php?rest_route=\/wp\/v2\/users\/2"}],"replies":[{"embeddable":true,"href":"http:\/\/infois.ro\/index.php?rest_route=%2Fwp%2Fv2%2Fcomments&post=81767"}],"version-history":[{"count":1,"href":"http:\/\/infois.ro\/index.php?rest_route=\/wp\/v2\/posts\/81767\/revisions"}],"predecessor-version":[{"id":81771,"href":"http:\/\/infois.ro\/index.php?rest_route=\/wp\/v2\/posts\/81767\/revisions\/81771"}],"wp:featuredmedia":[{"embeddable":true,"href":"http:\/\/infois.ro\/index.php?rest_route=\/wp\/v2\/media\/81770"}],"wp:attachment":[{"href":"http:\/\/infois.ro\/index.php?rest_route=%2Fwp%2Fv2%2Fmedia&parent=81767"}],"wp:term":[{"taxonomy":"category","embeddable":true,"href":"http:\/\/infois.ro\/index.php?rest_route=%2Fwp%2Fv2%2Fcategories&post=81767"},{"taxonomy":"post_tag","embeddable":true,"href":"http:\/\/infois.ro\/index.php?rest_route=%2Fwp%2Fv2%2Ftags&post=81767"}],"curies":[{"name":"wp","href":"https:\/\/api.w.org\/{rel}","templated":true}]}}